{"id":52197,"date":"2018-06-18T14:41:00","date_gmt":"2018-06-18T19:41:00","guid":{"rendered":"https:\/\/graziamagazine.com\/mx\/?p=52197"},"modified":"2018-06-18T14:42:24","modified_gmt":"2018-06-18T19:42:24","slug":"el-primer-beso-publico-de-josh-duhamel-y-eiza-gonzalez","status":"publish","type":"articles","link":"https:\/\/graziamagazine.com\/mx\/articles\/el-primer-beso-publico-de-josh-duhamel-y-eiza-gonzalez\/","title":{"rendered":"El primer beso (p\u00fablico) de Josh Duhamel y Eiza Gonz\u00e1lez"},"content":{"rendered":"<p><b>El beso que esper\u00e1bamos es este entre Eiza Gonz\u00e1lez y Josh Duhamel. Y s\u00ed, las cosas parecen ir m\u00e1s enserio de lo que cualquiera imaginaba.<\/b><!--more--><\/p>\n<p>Desde que <b>Eiza Gonz\u00e1lez<\/b> se mud\u00f3 a Los \u00c1ngeles para lanzarse al estrellato hollywoodense, adem\u00e1s de sus m\u00faltiples papeles, <a href=\"https:\/\/graziamagazine.com\/mx\/eiza-gonzalez-josh-duhamel-estan-saliendo-segun-reportes\/\" target=\"_blank\" rel=\"noopener\">tambi\u00e9n nos ha sorprendido con una particular relaci\u00f3n que parece ser bastante seria<\/a>. Y es que desde que empez\u00f3 con <b>Josh Duhamel<\/b>, el exesposo de Fergie, los medios parecen no superar el hecho de que esta puede ser la nueva pareja <i>it<\/i> de Hollywood.<\/p>\n<p>Luego de que <a href=\"https:\/\/graziamagazine.com\/mx\/la-salida-romantica-de-eiza-gonzalez-y-josh-duhamel\/\" target=\"_blank\" rel=\"noopener\">finalmente tuvimos la primera imagen de estos dos t\u00f3rtolos juntos<\/a>, los <i>paparazzi<\/i> no han tenido suficiente. Sin embargo es esta fotograf\u00eda la que comprueba que el v\u00ednculo va m\u00e1s all\u00e1 de lo superficial y que de verdad hay sentimientos profundos.<\/p>\n<p><img decoding=\"async\" class=\"alignnone size-large wp-image-52199\" src=\"https:\/\/graziamagazine.com\/mx\/wp-content\/uploads\/sites\/13\/2018\/06\/el-primer-beso-publico-de-josh-duhamel-y-eiza-gonzalez-1-700x1050.jpg\" alt=\"\" \/><\/p>\n<p>\u00bfPodr\u00edamos llamarle a esto el primer beso en p\u00fablico? De lo que s\u00ed estamos seguros es que no tardar\u00e1 para que este par haga un debut en la alfombra roja pr\u00f3ximamente (muy probablemente en el evento que menos lo imaginemos). Esto, en t\u00e9rminos &#8220;hollywoodenses&#8221;, es la consagraci\u00f3n del amor\u00a0\u2014m\u00e1s que caminar al altar\u00a0\u2014.<\/p>\n<h5><\/h5>\n<h5><em>*IM\u00c1GENES: Getty Images y Backgrid\/Grosby Group<\/em><\/h5>\n","protected":false},"author":11636,"featured_media":52200,"template":"","format":"standard","categories":[2],"acf":[],"yoast_head":"<!-- This site is optimized with the Yoast SEO Premium plugin v18.5 (Yoast SEO v20.4) - https:\/\/yoast.com\/wordpress\/plugins\/seo\/ -->\n<title>El primer beso (p\u00fablico) de Josh Duhamel y Eiza Gonz\u00e1lez | Grazia M\u00e9xico y Latinoam\u00e9rica<\/title>\n<meta name=\"description\" content=\"El beso que esper\u00e1bamos es este entre Eiza Gonz\u00e1lez y Josh Duhamel. Y s\u00ed, las cosas parecen ir m\u00e1s enserio de lo que cualquiera imaginaba.\" \/>\n<meta name=\"robots\" content=\"index, follow, max-snippet:-1, max-image-preview:large, max-video-preview:-1\" \/>\n<link rel=\"canonical\" href=\"https:\/\/graziamagazine.com\/mx\/articles\/el-primer-beso-publico-de-josh-duhamel-y-eiza-gonzalez\/\" \/>\n<meta property=\"og:locale\" content=\"es_MX\" \/>\n<meta property=\"og:type\" content=\"article\" \/>\n<meta property=\"og:title\" content=\"El primer beso (p\u00fablico) de Josh Duhamel y Eiza Gonz\u00e1lez\" \/>\n<meta property=\"og:description\" content=\"El beso que esper\u00e1bamos es este entre Eiza Gonz\u00e1lez y Josh Duhamel. Y s\u00ed, las cosas parecen ir m\u00e1s enserio de lo que cualquiera imaginaba.\" \/>\n<meta property=\"og:url\" content=\"https:\/\/graziamagazine.com\/mx\/articles\/el-primer-beso-publico-de-josh-duhamel-y-eiza-gonzalez\/\" \/>\n<meta property=\"og:site_name\" content=\"Grazia M\u00e9xico y Latinoam\u00e9rica\" \/>\n<meta property=\"article:modified_time\" content=\"2018-06-18T19:42:24+00:00\" \/>\n<meta property=\"og:image\" content=\"https:\/\/graziamagazine.com\/mx\/wp-content\/uploads\/sites\/13\/2018\/06\/el-primer-beso-publico-de-josh-duhamel-y-eiza-gonzalez-dexstacada.jpg?fit=1920%2C1080\" \/>\n\t<meta property=\"og:image:width\" content=\"1920\" \/>\n\t<meta property=\"og:image:height\" content=\"1080\" \/>\n\t<meta property=\"og:image:type\" content=\"image\/jpeg\" \/>\n<meta name=\"twitter:card\" content=\"summary_large_image\" \/>\n<meta name=\"twitter:label1\" content=\"Est. reading time\" \/>\n\t<meta name=\"twitter:data1\" content=\"1 minuto\" \/>\n<script type=\"application\/ld+json\" class=\"yoast-schema-graph\">{\"@context\":\"https:\/\/schema.org\",\"@graph\":[{\"@type\":\"WebPage\",\"@id\":\"https:\/\/graziamagazine.com\/mx\/articles\/el-primer-beso-publico-de-josh-duhamel-y-eiza-gonzalez\/\",\"url\":\"https:\/\/graziamagazine.com\/mx\/articles\/el-primer-beso-publico-de-josh-duhamel-y-eiza-gonzalez\/\",\"name\":\"El primer beso (p\u00fablico) de Josh Duhamel y Eiza Gonz\u00e1lez | Grazia M\u00e9xico y Latinoam\u00e9rica\",\"isPartOf\":{\"@id\":\"https:\/\/graziamagazine.com\/mx\/#website\"},\"datePublished\":\"2018-06-18T19:41:00+00:00\",\"dateModified\":\"2018-06-18T19:42:24+00:00\",\"description\":\"El beso que esper\u00e1bamos es este entre Eiza Gonz\u00e1lez y Josh Duhamel. Y s\u00ed, las cosas parecen ir m\u00e1s enserio de lo que cualquiera imaginaba.\",\"breadcrumb\":{\"@id\":\"https:\/\/graziamagazine.com\/mx\/articles\/el-primer-beso-publico-de-josh-duhamel-y-eiza-gonzalez\/#breadcrumb\"},\"inLanguage\":\"es-MX\",\"potentialAction\":[{\"@type\":\"ReadAction\",\"target\":[\"https:\/\/graziamagazine.com\/mx\/articles\/el-primer-beso-publico-de-josh-duhamel-y-eiza-gonzalez\/\"]}]},{\"@type\":\"BreadcrumbList\",\"@id\":\"https:\/\/graziamagazine.com\/mx\/articles\/el-primer-beso-publico-de-josh-duhamel-y-eiza-gonzalez\/#breadcrumb\",\"itemListElement\":[{\"@type\":\"ListItem\",\"position\":1,\"name\":\"Home\",\"item\":\"https:\/\/graziamagazine.com\/mx\/\"},{\"@type\":\"ListItem\",\"position\":2,\"name\":\"El primer beso (p\u00fablico) de Josh Duhamel y Eiza Gonz\u00e1lez\"}]},{\"@type\":\"WebSite\",\"@id\":\"https:\/\/graziamagazine.com\/mx\/#website\",\"url\":\"https:\/\/graziamagazine.com\/mx\/\",\"name\":\"Grazia M\u00e9xico y Latinoam\u00e9rica\",\"description\":\"Grazia es moda, belleza y noticias  de actualidad \",\"potentialAction\":[{\"@type\":\"SearchAction\",\"target\":{\"@type\":\"EntryPoint\",\"urlTemplate\":\"https:\/\/graziamagazine.com\/mx\/?s={search_term_string}\"},\"query-input\":\"required name=search_term_string\"}],\"inLanguage\":\"es-MX\"}]}<\/script>\n<!-- \/ Yoast SEO Premium plugin. -->","yoast_head_json":{"title":"El primer beso (p\u00fablico) de Josh Duhamel y Eiza Gonz\u00e1lez | Grazia M\u00e9xico y Latinoam\u00e9rica","description":"El beso que esper\u00e1bamos es este entre Eiza Gonz\u00e1lez y Josh Duhamel. Y s\u00ed, las cosas parecen ir m\u00e1s enserio de lo que cualquiera imaginaba.","robots":{"index":"index","follow":"follow","max-snippet":"max-snippet:-1","max-image-preview":"max-image-preview:large","max-video-preview":"max-video-preview:-1"},"canonical":"https:\/\/graziamagazine.com\/mx\/articles\/el-primer-beso-publico-de-josh-duhamel-y-eiza-gonzalez\/","og_locale":"es_MX","og_type":"article","og_title":"El primer beso (p\u00fablico) de Josh Duhamel y Eiza Gonz\u00e1lez","og_description":"El beso que esper\u00e1bamos es este entre Eiza Gonz\u00e1lez y Josh Duhamel. Y s\u00ed, las cosas parecen ir m\u00e1s enserio de lo que cualquiera imaginaba.","og_url":"https:\/\/graziamagazine.com\/mx\/articles\/el-primer-beso-publico-de-josh-duhamel-y-eiza-gonzalez\/","og_site_name":"Grazia M\u00e9xico y Latinoam\u00e9rica","article_modified_time":"2018-06-18T19:42:24+00:00","og_image":[{"width":1920,"height":1080,"url":"https:\/\/graziamagazine.com\/mx\/wp-content\/uploads\/sites\/13\/2018\/06\/el-primer-beso-publico-de-josh-duhamel-y-eiza-gonzalez-dexstacada.jpg?fit=1920%2C1080","type":"image\/jpeg"}],"twitter_card":"summary_large_image","twitter_misc":{"Est. reading time":"1 minuto"},"schema":{"@context":"https:\/\/schema.org","@graph":[{"@type":"WebPage","@id":"https:\/\/graziamagazine.com\/mx\/articles\/el-primer-beso-publico-de-josh-duhamel-y-eiza-gonzalez\/","url":"https:\/\/graziamagazine.com\/mx\/articles\/el-primer-beso-publico-de-josh-duhamel-y-eiza-gonzalez\/","name":"El primer beso (p\u00fablico) de Josh Duhamel y Eiza Gonz\u00e1lez | Grazia M\u00e9xico y Latinoam\u00e9rica","isPartOf":{"@id":"https:\/\/graziamagazine.com\/mx\/#website"},"datePublished":"2018-06-18T19:41:00+00:00","dateModified":"2018-06-18T19:42:24+00:00","description":"El beso que esper\u00e1bamos es este entre Eiza Gonz\u00e1lez y Josh Duhamel. Y s\u00ed, las cosas parecen ir m\u00e1s enserio de lo que cualquiera imaginaba.","breadcrumb":{"@id":"https:\/\/graziamagazine.com\/mx\/articles\/el-primer-beso-publico-de-josh-duhamel-y-eiza-gonzalez\/#breadcrumb"},"inLanguage":"es-MX","potentialAction":[{"@type":"ReadAction","target":["https:\/\/graziamagazine.com\/mx\/articles\/el-primer-beso-publico-de-josh-duhamel-y-eiza-gonzalez\/"]}]},{"@type":"BreadcrumbList","@id":"https:\/\/graziamagazine.com\/mx\/articles\/el-primer-beso-publico-de-josh-duhamel-y-eiza-gonzalez\/#breadcrumb","itemListElement":[{"@type":"ListItem","position":1,"name":"Home","item":"https:\/\/graziamagazine.com\/mx\/"},{"@type":"ListItem","position":2,"name":"El primer beso (p\u00fablico) de Josh Duhamel y Eiza Gonz\u00e1lez"}]},{"@type":"WebSite","@id":"https:\/\/graziamagazine.com\/mx\/#website","url":"https:\/\/graziamagazine.com\/mx\/","name":"Grazia M\u00e9xico y Latinoam\u00e9rica","description":"Grazia es moda, belleza y noticias  de actualidad ","potentialAction":[{"@type":"SearchAction","target":{"@type":"EntryPoint","urlTemplate":"https:\/\/graziamagazine.com\/mx\/?s={search_term_string}"},"query-input":"required name=search_term_string"}],"inLanguage":"es-MX"}]}},"jetpack_sharing_enabled":true,"distributor_meta":false,"distributor_terms":false,"distributor_media":false,"distributor_original_site_name":"Grazia M\u00e9xico y Latinoam\u00e9rica","distributor_original_site_url":"https:\/\/graziamagazine.com\/mx","push-errors":false,"_links":{"self":[{"href":"https:\/\/graziamagazine.com\/mx\/wp-json\/wp\/v2\/articles\/52197"}],"collection":[{"href":"https:\/\/graziamagazine.com\/mx\/wp-json\/wp\/v2\/articles"}],"about":[{"href":"https:\/\/graziamagazine.com\/mx\/wp-json\/wp\/v2\/types\/articles"}],"author":[{"embeddable":true,"href":"https:\/\/graziamagazine.com\/mx\/wp-json\/wp\/v2\/users\/11636"}],"wp:featuredmedia":[{"embeddable":true,"href":"https:\/\/graziamagazine.com\/mx\/wp-json\/wp\/v2\/media\/52200"}],"wp:attachment":[{"href":"https:\/\/graziamagazine.com\/mx\/wp-json\/wp\/v2\/media?parent=52197"}],"wp:term":[{"taxonomy":"category","embeddable":true,"href":"https:\/\/graziamagazine.com\/mx\/wp-json\/wp\/v2\/categories?post=52197"}],"curies":[{"name":"wp","href":"https:\/\/api.w.org\/{rel}","templated":true}]}}