{"id":51524,"date":"2018-06-12T13:01:08","date_gmt":"2018-06-12T18:01:08","guid":{"rendered":"https:\/\/graziamagazine.com\/mx\/?p=51524"},"modified":"2018-06-12T13:08:32","modified_gmt":"2018-06-12T18:08:32","slug":"la-primera-gran-exhibicion-de-la-pionera-de-la-mini-falda-mary-quant","status":"publish","type":"articles","link":"https:\/\/graziamagazine.com\/mx\/articles\/la-primera-gran-exhibicion-de-la-pionera-de-la-mini-falda-mary-quant\/","title":{"rendered":"La primera (gran) exhibici\u00f3n de la pionera de la mini falda, Mary Quant"},"content":{"rendered":"<p><b>El V&amp;A de Londres anunci\u00f3 su exhibici\u00f3n anual de moda para el pr\u00f3ximo a\u00f1o e investigar\u00e1 la carrera de una de las dise\u00f1adoras m\u00e1s emblem\u00e1ticas del Reino Unido, Mary Quant.<\/b><!--more--><\/p>\n<p>Durante la d\u00e9cada de los sesenta, <b>Mary Quant<\/b> conquist\u00f3 la escena de la moda en Inglaterra y en el mundo. Una apasionada por sacar de las mujeres su lado m\u00e1s moderno y ahora el <b><i>Victoria &amp; Albert Museum<\/i><\/b> honrar\u00e1 su carrera con una exhibici\u00f3n que promete mostrar piezas in\u00e9ditas de la dise\u00f1adora.<\/p>\n<p>Quant es celebrada por crear la prenda m\u00e1s famosa de los sesenta, y que catapult\u00f3 Twiggy, la mini falda. Sin embargo, este sigue siendo un misterio pues Andr\u00e9 Courr\u00e8ges tambi\u00e9n est\u00e1 dentro de los primeros en acortar el largo de la prenda. Pero m\u00e1s all\u00e1 de esto, Quant fue pionera en usar el <a href=\"https:\/\/graziamagazine.com\/mx\/trend-alert-prendas-accesorios-pvc\/\" target=\"_blank\" rel=\"noopener\"><i>PVC<\/i><\/a>, material que ahora es tendencia, y por crear los vestidos en corte \u201cA\u201d que conquistaron la escena de la moda en Londres y, posteriormente, en el mundo.<\/p>\n<p>Estableciendo el <i>Mod look<\/i> como el predilecto de la era, Mary Quant no solo revolucion\u00f3 el <i>high street<\/i>, sino que cre\u00f3 un concepto dedicado para los rebeldes.<\/p>\n<p><img decoding=\"async\" class=\"alignnone size-large wp-image-51551\" src=\"https:\/\/graziamagazine.com\/mx\/wp-content\/uploads\/sites\/13\/2018\/06\/la-primera-gran-exhibicion-de-la-creadora-de-la-mini-falda-mary-quant-1-700x515.jpg\" alt=\"la-primera-gran-exhibicion-de-la-creadora-de-la-mini-falda-mary-quant-1\" \/><\/p>\n<p>Yendo en contra del sistema, Quant no solo entend\u00eda la energ\u00eda de las calles, sino el papel de la mujer en la sociedad. Empoderando a cualquiera sin importar su clase social ni sus antecedentes, la dise\u00f1adora logr\u00f3 concebir a una musa sensual sin transmitir fetichismo.<\/p>\n<p>Con esta nueva retrospectiva lo curadores buscan contar la historia de Quant como una verdadera eminencia en la escena de la moda brit\u00e1nica. Siendo de los pocos nombres que se han esfumado conforme al paso del tiempo, el legado de Mary Quant debe de perdurar.<\/p>\n<p>&nbsp;<\/p>\n<p><em>La exhibici\u00f3n de Mary Quant abrir\u00e1 sus puertas en abril del 2019.<\/em><\/p>\n<p>&nbsp;<\/p>\n<h5><em>*IM\u00c1GENES: Getty Images<\/em><\/h5>\n","protected":false},"author":11641,"featured_media":51545,"template":"","format":"standard","categories":[4],"acf":[],"yoast_head":"<!-- This site is optimized with the Yoast SEO Premium plugin v18.5 (Yoast SEO v20.4) - https:\/\/yoast.com\/wordpress\/plugins\/seo\/ -->\n<title>La primera (gran) exhibici\u00f3n de la pionera de la mini falda, Mary Quant | Grazia M\u00e9xico y Latinoam\u00e9rica<\/title>\n<meta name=\"description\" content=\"El V&amp;A de Londres anunci\u00f3 su exhibici\u00f3n anual de moda para el pr\u00f3ximo a\u00f1o e investigar\u00e1 la carrera de una de las dise\u00f1adoras m\u00e1s emblem\u00e1ticas del Reino Unido, Mary Quant.\" \/>\n<meta name=\"robots\" content=\"index, follow, max-snippet:-1, max-image-preview:large, max-video-preview:-1\" \/>\n<link rel=\"canonical\" href=\"https:\/\/graziamagazine.com\/mx\/articles\/la-primera-gran-exhibicion-de-la-pionera-de-la-mini-falda-mary-quant\/\" \/>\n<meta property=\"og:locale\" content=\"es_MX\" \/>\n<meta property=\"og:type\" content=\"article\" \/>\n<meta property=\"og:title\" content=\"La primera (gran) exhibici\u00f3n de la pionera de la mini falda, Mary Quant\" \/>\n<meta property=\"og:description\" content=\"El V&amp;A de Londres anunci\u00f3 su exhibici\u00f3n anual de moda para el pr\u00f3ximo a\u00f1o e investigar\u00e1 la carrera de una de las dise\u00f1adoras m\u00e1s emblem\u00e1ticas del Reino Unido, Mary Quant.\" \/>\n<meta property=\"og:url\" content=\"https:\/\/graziamagazine.com\/mx\/articles\/la-primera-gran-exhibicion-de-la-pionera-de-la-mini-falda-mary-quant\/\" \/>\n<meta property=\"og:site_name\" content=\"Grazia M\u00e9xico y Latinoam\u00e9rica\" \/>\n<meta property=\"article:modified_time\" content=\"2018-06-12T18:08:32+00:00\" \/>\n<meta property=\"og:image\" content=\"https:\/\/graziamagazine.com\/mx\/wp-content\/uploads\/sites\/13\/2018\/06\/la-primera-gran-exhibicion-de-la-creadora-de-la-mini-falda-mary-quant-destacada.jpg?fit=1368%2C912\" \/>\n\t<meta property=\"og:image:width\" content=\"1368\" \/>\n\t<meta property=\"og:image:height\" content=\"912\" \/>\n\t<meta property=\"og:image:type\" content=\"image\/jpeg\" \/>\n<meta name=\"twitter:card\" content=\"summary_large_image\" \/>\n<meta name=\"twitter:label1\" content=\"Est. reading time\" \/>\n\t<meta name=\"twitter:data1\" content=\"2 minutos\" \/>\n<script type=\"application\/ld+json\" class=\"yoast-schema-graph\">{\"@context\":\"https:\/\/schema.org\",\"@graph\":[{\"@type\":\"WebPage\",\"@id\":\"https:\/\/graziamagazine.com\/mx\/articles\/la-primera-gran-exhibicion-de-la-pionera-de-la-mini-falda-mary-quant\/\",\"url\":\"https:\/\/graziamagazine.com\/mx\/articles\/la-primera-gran-exhibicion-de-la-pionera-de-la-mini-falda-mary-quant\/\",\"name\":\"La primera (gran) exhibici\u00f3n de la pionera de la mini falda, Mary Quant | Grazia M\u00e9xico y Latinoam\u00e9rica\",\"isPartOf\":{\"@id\":\"https:\/\/graziamagazine.com\/mx\/#website\"},\"datePublished\":\"2018-06-12T18:01:08+00:00\",\"dateModified\":\"2018-06-12T18:08:32+00:00\",\"description\":\"El V&A de Londres anunci\u00f3 su exhibici\u00f3n anual de moda para el pr\u00f3ximo a\u00f1o e investigar\u00e1 la carrera de una de las dise\u00f1adoras m\u00e1s emblem\u00e1ticas del Reino Unido, Mary Quant.\",\"breadcrumb\":{\"@id\":\"https:\/\/graziamagazine.com\/mx\/articles\/la-primera-gran-exhibicion-de-la-pionera-de-la-mini-falda-mary-quant\/#breadcrumb\"},\"inLanguage\":\"es-MX\",\"potentialAction\":[{\"@type\":\"ReadAction\",\"target\":[\"https:\/\/graziamagazine.com\/mx\/articles\/la-primera-gran-exhibicion-de-la-pionera-de-la-mini-falda-mary-quant\/\"]}]},{\"@type\":\"BreadcrumbList\",\"@id\":\"https:\/\/graziamagazine.com\/mx\/articles\/la-primera-gran-exhibicion-de-la-pionera-de-la-mini-falda-mary-quant\/#breadcrumb\",\"itemListElement\":[{\"@type\":\"ListItem\",\"position\":1,\"name\":\"Home\",\"item\":\"https:\/\/graziamagazine.com\/mx\/\"},{\"@type\":\"ListItem\",\"position\":2,\"name\":\"La primera (gran) exhibici\u00f3n de la pionera de la mini falda, Mary Quant\"}]},{\"@type\":\"WebSite\",\"@id\":\"https:\/\/graziamagazine.com\/mx\/#website\",\"url\":\"https:\/\/graziamagazine.com\/mx\/\",\"name\":\"Grazia M\u00e9xico y Latinoam\u00e9rica\",\"description\":\"Grazia es moda, belleza y noticias  de actualidad \",\"potentialAction\":[{\"@type\":\"SearchAction\",\"target\":{\"@type\":\"EntryPoint\",\"urlTemplate\":\"https:\/\/graziamagazine.com\/mx\/?s={search_term_string}\"},\"query-input\":\"required name=search_term_string\"}],\"inLanguage\":\"es-MX\"}]}<\/script>\n<!-- \/ Yoast SEO Premium plugin. -->","yoast_head_json":{"title":"La primera (gran) exhibici\u00f3n de la pionera de la mini falda, Mary Quant | Grazia M\u00e9xico y Latinoam\u00e9rica","description":"El V&A de Londres anunci\u00f3 su exhibici\u00f3n anual de moda para el pr\u00f3ximo a\u00f1o e investigar\u00e1 la carrera de una de las dise\u00f1adoras m\u00e1s emblem\u00e1ticas del Reino Unido, Mary Quant.","robots":{"index":"index","follow":"follow","max-snippet":"max-snippet:-1","max-image-preview":"max-image-preview:large","max-video-preview":"max-video-preview:-1"},"canonical":"https:\/\/graziamagazine.com\/mx\/articles\/la-primera-gran-exhibicion-de-la-pionera-de-la-mini-falda-mary-quant\/","og_locale":"es_MX","og_type":"article","og_title":"La primera (gran) exhibici\u00f3n de la pionera de la mini falda, Mary Quant","og_description":"El V&A de Londres anunci\u00f3 su exhibici\u00f3n anual de moda para el pr\u00f3ximo a\u00f1o e investigar\u00e1 la carrera de una de las dise\u00f1adoras m\u00e1s emblem\u00e1ticas del Reino Unido, Mary Quant.","og_url":"https:\/\/graziamagazine.com\/mx\/articles\/la-primera-gran-exhibicion-de-la-pionera-de-la-mini-falda-mary-quant\/","og_site_name":"Grazia M\u00e9xico y Latinoam\u00e9rica","article_modified_time":"2018-06-12T18:08:32+00:00","og_image":[{"width":1368,"height":912,"url":"https:\/\/graziamagazine.com\/mx\/wp-content\/uploads\/sites\/13\/2018\/06\/la-primera-gran-exhibicion-de-la-creadora-de-la-mini-falda-mary-quant-destacada.jpg?fit=1368%2C912","type":"image\/jpeg"}],"twitter_card":"summary_large_image","twitter_misc":{"Est. reading time":"2 minutos"},"schema":{"@context":"https:\/\/schema.org","@graph":[{"@type":"WebPage","@id":"https:\/\/graziamagazine.com\/mx\/articles\/la-primera-gran-exhibicion-de-la-pionera-de-la-mini-falda-mary-quant\/","url":"https:\/\/graziamagazine.com\/mx\/articles\/la-primera-gran-exhibicion-de-la-pionera-de-la-mini-falda-mary-quant\/","name":"La primera (gran) exhibici\u00f3n de la pionera de la mini falda, Mary Quant | Grazia M\u00e9xico y Latinoam\u00e9rica","isPartOf":{"@id":"https:\/\/graziamagazine.com\/mx\/#website"},"datePublished":"2018-06-12T18:01:08+00:00","dateModified":"2018-06-12T18:08:32+00:00","description":"El V&A de Londres anunci\u00f3 su exhibici\u00f3n anual de moda para el pr\u00f3ximo a\u00f1o e investigar\u00e1 la carrera de una de las dise\u00f1adoras m\u00e1s emblem\u00e1ticas del Reino Unido, Mary Quant.","breadcrumb":{"@id":"https:\/\/graziamagazine.com\/mx\/articles\/la-primera-gran-exhibicion-de-la-pionera-de-la-mini-falda-mary-quant\/#breadcrumb"},"inLanguage":"es-MX","potentialAction":[{"@type":"ReadAction","target":["https:\/\/graziamagazine.com\/mx\/articles\/la-primera-gran-exhibicion-de-la-pionera-de-la-mini-falda-mary-quant\/"]}]},{"@type":"BreadcrumbList","@id":"https:\/\/graziamagazine.com\/mx\/articles\/la-primera-gran-exhibicion-de-la-pionera-de-la-mini-falda-mary-quant\/#breadcrumb","itemListElement":[{"@type":"ListItem","position":1,"name":"Home","item":"https:\/\/graziamagazine.com\/mx\/"},{"@type":"ListItem","position":2,"name":"La primera (gran) exhibici\u00f3n de la pionera de la mini falda, Mary Quant"}]},{"@type":"WebSite","@id":"https:\/\/graziamagazine.com\/mx\/#website","url":"https:\/\/graziamagazine.com\/mx\/","name":"Grazia M\u00e9xico y Latinoam\u00e9rica","description":"Grazia es moda, belleza y noticias  de actualidad ","potentialAction":[{"@type":"SearchAction","target":{"@type":"EntryPoint","urlTemplate":"https:\/\/graziamagazine.com\/mx\/?s={search_term_string}"},"query-input":"required name=search_term_string"}],"inLanguage":"es-MX"}]}},"jetpack_sharing_enabled":true,"distributor_meta":false,"distributor_terms":false,"distributor_media":false,"distributor_original_site_name":"Grazia M\u00e9xico y Latinoam\u00e9rica","distributor_original_site_url":"https:\/\/graziamagazine.com\/mx","push-errors":false,"_links":{"self":[{"href":"https:\/\/graziamagazine.com\/mx\/wp-json\/wp\/v2\/articles\/51524"}],"collection":[{"href":"https:\/\/graziamagazine.com\/mx\/wp-json\/wp\/v2\/articles"}],"about":[{"href":"https:\/\/graziamagazine.com\/mx\/wp-json\/wp\/v2\/types\/articles"}],"author":[{"embeddable":true,"href":"https:\/\/graziamagazine.com\/mx\/wp-json\/wp\/v2\/users\/11641"}],"wp:featuredmedia":[{"embeddable":true,"href":"https:\/\/graziamagazine.com\/mx\/wp-json\/wp\/v2\/media\/51545"}],"wp:attachment":[{"href":"https:\/\/graziamagazine.com\/mx\/wp-json\/wp\/v2\/media?parent=51524"}],"wp:term":[{"taxonomy":"category","embeddable":true,"href":"https:\/\/graziamagazine.com\/mx\/wp-json\/wp\/v2\/categories?post=51524"}],"curies":[{"name":"wp","href":"https:\/\/api.w.org\/{rel}","templated":true}]}}