{"id":51432,"date":"2018-06-11T10:37:08","date_gmt":"2018-06-11T15:37:08","guid":{"rendered":"https:\/\/graziamagazine.com\/mx\/?p=51432"},"modified":"2018-06-11T12:35:24","modified_gmt":"2018-06-11T17:35:24","slug":"la-salida-romantica-de-eiza-gonzalez-y-josh-duhamel","status":"publish","type":"articles","link":"https:\/\/graziamagazine.com\/mx\/articles\/la-salida-romantica-de-eiza-gonzalez-y-josh-duhamel\/","title":{"rendered":"La salida (\u00bfrom\u00e1ntica?) de Eiza Gonzalez y Josh Duhamel"},"content":{"rendered":"<p><b>Hace unos meses esto pintaba como un rumor un tanto extra\u00f1o, pero Eiza Gonz\u00e1lez y Josh Duhamel parecen que hicieron su debut como pareja en las calles de Los \u00c1ngeles.<\/b><!--more--><\/p>\n<p>En febrero, todo eran simplemente rumores, y muy probablemente eran para elevar la presencia de la mexicana a prop\u00f3sito de su presentaci\u00f3n en los premios Oscar. Pero lo que parec\u00eda una extra\u00f1a pareja puede que se confirme con este <i>date night<\/i> que lograron captar los <i>paparazzi<\/i>.<\/p>\n<p>De acuerdo a <a href=\"https:\/\/graziamagazine.com\/mx\/eiza-gonzalez-josh-duhamel-estan-saliendo-segun-reportes\/\" target=\"_blank\" rel=\"noopener\"><i>Us Weekly<\/i> todo comenz\u00f3 en una fiesta de Jennifer Lopez<\/a>. Pero<a href=\"https:\/\/people.com\/movies\/josh-duhamel-eiza-gonzalez-dinner-date-quietly-dating-months-source\/\" target=\"_blank\" rel=\"noopener\" target=\"_blank\"> ahora confirman que la pareja ha estado saliendo<\/a> por algunos meses y conforme pasa el tiempo, su relaci\u00f3n se vuelve m\u00e1s seria.<\/p>\n<p>Para la ocasi\u00f3n, <b>Eiza Gonz\u00e1lez<\/b> no escatim\u00f3 en lucir un conjunto ultra <i>flashy<\/i>. En una presentaci\u00f3n en rojo del <i>power suit<\/i> a juego con lo que parece un <i>bodysuit<\/i> negro y un <i>choker<\/i>, la actriz mexicana hizo su debut junto a <b>Josh Duhamel<\/b>.<\/p>\n<p><img decoding=\"async\" class=\"alignnone size-large wp-image-51439\" src=\"https:\/\/graziamagazine.com\/mx\/wp-content\/uploads\/sites\/13\/2018\/06\/la-salida-romantica-de-eiza-gonzalez-y-josh-duhamel-1-700x1050.jpg\" alt=\"la-salida-romantica-de-eiza-gonzalez-y-josh-duhamel-1\" \/><\/p>\n<p>Pero, \u00bfqu\u00e9 pensar\u00e1 Fergie sobre esta nueva relaci\u00f3n? La cantante coment\u00f3 que comparten un proyecto de por vida, su hijo de 4 a\u00f1os.<\/p>\n<h5><\/h5>\n<h5><em>*IM\u00c1GENES: Getty Images y Backgrid<\/em><\/h5>\n","protected":false},"author":11636,"featured_media":51440,"template":"","format":"standard","categories":[2],"acf":[],"yoast_head":"<!-- This site is optimized with the Yoast SEO Premium plugin v18.5 (Yoast SEO v20.4) - https:\/\/yoast.com\/wordpress\/plugins\/seo\/ -->\n<title>La salida (\u00bfrom\u00e1ntica?) de Eiza Gonzalez y Josh Duhamel | Grazia M\u00e9xico y Latinoam\u00e9rica<\/title>\n<meta name=\"description\" content=\"Hace unos meses esto pintaba como un rumor un tanto extra\u00f1o, pero Eiza Gonz\u00e1lez y Josh Duhamel parecen que hicieron su debut como pareja en las calles de Los \u00c1ngeles.\" \/>\n<meta name=\"robots\" content=\"index, follow, max-snippet:-1, max-image-preview:large, max-video-preview:-1\" \/>\n<link rel=\"canonical\" href=\"https:\/\/graziamagazine.com\/mx\/articles\/la-salida-romantica-de-eiza-gonzalez-y-josh-duhamel\/\" \/>\n<meta property=\"og:locale\" content=\"es_MX\" \/>\n<meta property=\"og:type\" content=\"article\" \/>\n<meta property=\"og:title\" content=\"La salida (\u00bfrom\u00e1ntica?) de Eiza Gonzalez y Josh Duhamel\" \/>\n<meta property=\"og:description\" content=\"Hace unos meses esto pintaba como un rumor un tanto extra\u00f1o, pero Eiza Gonz\u00e1lez y Josh Duhamel parecen que hicieron su debut como pareja en las calles de Los \u00c1ngeles.\" \/>\n<meta property=\"og:url\" content=\"https:\/\/graziamagazine.com\/mx\/articles\/la-salida-romantica-de-eiza-gonzalez-y-josh-duhamel\/\" \/>\n<meta property=\"og:site_name\" content=\"Grazia M\u00e9xico y Latinoam\u00e9rica\" \/>\n<meta property=\"article:modified_time\" content=\"2018-06-11T17:35:24+00:00\" \/>\n<meta property=\"og:image\" content=\"https:\/\/graziamagazine.com\/mx\/wp-content\/uploads\/sites\/13\/2018\/06\/la-salida-romantica-de-eiza-gonzalez-y-josh-duhamel-destacada.jpg?fit=1024%2C683\" \/>\n\t<meta property=\"og:image:width\" content=\"1024\" \/>\n\t<meta property=\"og:image:height\" content=\"683\" \/>\n\t<meta property=\"og:image:type\" content=\"image\/jpeg\" \/>\n<meta name=\"twitter:card\" content=\"summary_large_image\" \/>\n<meta name=\"twitter:label1\" content=\"Est. reading time\" \/>\n\t<meta name=\"twitter:data1\" content=\"1 minuto\" \/>\n<script type=\"application\/ld+json\" class=\"yoast-schema-graph\">{\"@context\":\"https:\/\/schema.org\",\"@graph\":[{\"@type\":\"WebPage\",\"@id\":\"https:\/\/graziamagazine.com\/mx\/articles\/la-salida-romantica-de-eiza-gonzalez-y-josh-duhamel\/\",\"url\":\"https:\/\/graziamagazine.com\/mx\/articles\/la-salida-romantica-de-eiza-gonzalez-y-josh-duhamel\/\",\"name\":\"La salida (\u00bfrom\u00e1ntica?) de Eiza Gonzalez y Josh Duhamel | Grazia M\u00e9xico y Latinoam\u00e9rica\",\"isPartOf\":{\"@id\":\"https:\/\/graziamagazine.com\/mx\/#website\"},\"datePublished\":\"2018-06-11T15:37:08+00:00\",\"dateModified\":\"2018-06-11T17:35:24+00:00\",\"description\":\"Hace unos meses esto pintaba como un rumor un tanto extra\u00f1o, pero Eiza Gonz\u00e1lez y Josh Duhamel parecen que hicieron su debut como pareja en las calles de Los \u00c1ngeles.\",\"breadcrumb\":{\"@id\":\"https:\/\/graziamagazine.com\/mx\/articles\/la-salida-romantica-de-eiza-gonzalez-y-josh-duhamel\/#breadcrumb\"},\"inLanguage\":\"es-MX\",\"potentialAction\":[{\"@type\":\"ReadAction\",\"target\":[\"https:\/\/graziamagazine.com\/mx\/articles\/la-salida-romantica-de-eiza-gonzalez-y-josh-duhamel\/\"]}]},{\"@type\":\"BreadcrumbList\",\"@id\":\"https:\/\/graziamagazine.com\/mx\/articles\/la-salida-romantica-de-eiza-gonzalez-y-josh-duhamel\/#breadcrumb\",\"itemListElement\":[{\"@type\":\"ListItem\",\"position\":1,\"name\":\"Home\",\"item\":\"https:\/\/graziamagazine.com\/mx\/\"},{\"@type\":\"ListItem\",\"position\":2,\"name\":\"La salida (\u00bfrom\u00e1ntica?) de Eiza Gonzalez y Josh Duhamel\"}]},{\"@type\":\"WebSite\",\"@id\":\"https:\/\/graziamagazine.com\/mx\/#website\",\"url\":\"https:\/\/graziamagazine.com\/mx\/\",\"name\":\"Grazia M\u00e9xico y Latinoam\u00e9rica\",\"description\":\"Grazia es moda, belleza y noticias  de actualidad \",\"potentialAction\":[{\"@type\":\"SearchAction\",\"target\":{\"@type\":\"EntryPoint\",\"urlTemplate\":\"https:\/\/graziamagazine.com\/mx\/?s={search_term_string}\"},\"query-input\":\"required name=search_term_string\"}],\"inLanguage\":\"es-MX\"}]}<\/script>\n<!-- \/ Yoast SEO Premium plugin. -->","yoast_head_json":{"title":"La salida (\u00bfrom\u00e1ntica?) de Eiza Gonzalez y Josh Duhamel | Grazia M\u00e9xico y Latinoam\u00e9rica","description":"Hace unos meses esto pintaba como un rumor un tanto extra\u00f1o, pero Eiza Gonz\u00e1lez y Josh Duhamel parecen que hicieron su debut como pareja en las calles de Los \u00c1ngeles.","robots":{"index":"index","follow":"follow","max-snippet":"max-snippet:-1","max-image-preview":"max-image-preview:large","max-video-preview":"max-video-preview:-1"},"canonical":"https:\/\/graziamagazine.com\/mx\/articles\/la-salida-romantica-de-eiza-gonzalez-y-josh-duhamel\/","og_locale":"es_MX","og_type":"article","og_title":"La salida (\u00bfrom\u00e1ntica?) de Eiza Gonzalez y Josh Duhamel","og_description":"Hace unos meses esto pintaba como un rumor un tanto extra\u00f1o, pero Eiza Gonz\u00e1lez y Josh Duhamel parecen que hicieron su debut como pareja en las calles de Los \u00c1ngeles.","og_url":"https:\/\/graziamagazine.com\/mx\/articles\/la-salida-romantica-de-eiza-gonzalez-y-josh-duhamel\/","og_site_name":"Grazia M\u00e9xico y Latinoam\u00e9rica","article_modified_time":"2018-06-11T17:35:24+00:00","og_image":[{"width":1024,"height":683,"url":"https:\/\/graziamagazine.com\/mx\/wp-content\/uploads\/sites\/13\/2018\/06\/la-salida-romantica-de-eiza-gonzalez-y-josh-duhamel-destacada.jpg?fit=1024%2C683","type":"image\/jpeg"}],"twitter_card":"summary_large_image","twitter_misc":{"Est. reading time":"1 minuto"},"schema":{"@context":"https:\/\/schema.org","@graph":[{"@type":"WebPage","@id":"https:\/\/graziamagazine.com\/mx\/articles\/la-salida-romantica-de-eiza-gonzalez-y-josh-duhamel\/","url":"https:\/\/graziamagazine.com\/mx\/articles\/la-salida-romantica-de-eiza-gonzalez-y-josh-duhamel\/","name":"La salida (\u00bfrom\u00e1ntica?) de Eiza Gonzalez y Josh Duhamel | Grazia M\u00e9xico y Latinoam\u00e9rica","isPartOf":{"@id":"https:\/\/graziamagazine.com\/mx\/#website"},"datePublished":"2018-06-11T15:37:08+00:00","dateModified":"2018-06-11T17:35:24+00:00","description":"Hace unos meses esto pintaba como un rumor un tanto extra\u00f1o, pero Eiza Gonz\u00e1lez y Josh Duhamel parecen que hicieron su debut como pareja en las calles de Los \u00c1ngeles.","breadcrumb":{"@id":"https:\/\/graziamagazine.com\/mx\/articles\/la-salida-romantica-de-eiza-gonzalez-y-josh-duhamel\/#breadcrumb"},"inLanguage":"es-MX","potentialAction":[{"@type":"ReadAction","target":["https:\/\/graziamagazine.com\/mx\/articles\/la-salida-romantica-de-eiza-gonzalez-y-josh-duhamel\/"]}]},{"@type":"BreadcrumbList","@id":"https:\/\/graziamagazine.com\/mx\/articles\/la-salida-romantica-de-eiza-gonzalez-y-josh-duhamel\/#breadcrumb","itemListElement":[{"@type":"ListItem","position":1,"name":"Home","item":"https:\/\/graziamagazine.com\/mx\/"},{"@type":"ListItem","position":2,"name":"La salida (\u00bfrom\u00e1ntica?) de Eiza Gonzalez y Josh Duhamel"}]},{"@type":"WebSite","@id":"https:\/\/graziamagazine.com\/mx\/#website","url":"https:\/\/graziamagazine.com\/mx\/","name":"Grazia M\u00e9xico y Latinoam\u00e9rica","description":"Grazia es moda, belleza y noticias  de actualidad ","potentialAction":[{"@type":"SearchAction","target":{"@type":"EntryPoint","urlTemplate":"https:\/\/graziamagazine.com\/mx\/?s={search_term_string}"},"query-input":"required name=search_term_string"}],"inLanguage":"es-MX"}]}},"jetpack_sharing_enabled":true,"distributor_meta":false,"distributor_terms":false,"distributor_media":false,"distributor_original_site_name":"Grazia M\u00e9xico y Latinoam\u00e9rica","distributor_original_site_url":"https:\/\/graziamagazine.com\/mx","push-errors":false,"_links":{"self":[{"href":"https:\/\/graziamagazine.com\/mx\/wp-json\/wp\/v2\/articles\/51432"}],"collection":[{"href":"https:\/\/graziamagazine.com\/mx\/wp-json\/wp\/v2\/articles"}],"about":[{"href":"https:\/\/graziamagazine.com\/mx\/wp-json\/wp\/v2\/types\/articles"}],"author":[{"embeddable":true,"href":"https:\/\/graziamagazine.com\/mx\/wp-json\/wp\/v2\/users\/11636"}],"wp:featuredmedia":[{"embeddable":true,"href":"https:\/\/graziamagazine.com\/mx\/wp-json\/wp\/v2\/media\/51440"}],"wp:attachment":[{"href":"https:\/\/graziamagazine.com\/mx\/wp-json\/wp\/v2\/media?parent=51432"}],"wp:term":[{"taxonomy":"category","embeddable":true,"href":"https:\/\/graziamagazine.com\/mx\/wp-json\/wp\/v2\/categories?post=51432"}],"curies":[{"name":"wp","href":"https:\/\/api.w.org\/{rel}","templated":true}]}}