{"id":51389,"date":"2018-06-08T13:19:15","date_gmt":"2018-06-08T18:19:15","guid":{"rendered":"https:\/\/graziamagazine.com\/mx\/?p=51389"},"modified":"2018-06-08T13:21:03","modified_gmt":"2018-06-08T18:21:03","slug":"el-vistazo-a-la-pelicula-de-lady-gaga-junto-a-bradley-cooper","status":"publish","type":"articles","link":"https:\/\/graziamagazine.com\/mx\/articles\/el-vistazo-a-la-pelicula-de-lady-gaga-junto-a-bradley-cooper\/","title":{"rendered":"El vistazo a la pel\u00edcula de Lady Gaga junto a Bradley Cooper"},"content":{"rendered":"<p><b>El tan anticipado momento de ver a Lady Gaga junto a Bradley Cooper en la pantalla grande est\u00e1 a la vuelta de la esquina y aqu\u00ed el <i>trailer<\/i> completo para que te emociones a\u00fan m\u00e1s.<\/b><!--more--><\/p>\n<p>Por si no estaba enterado, <b>Bradley Cooper<\/b> y <b>Lady Gaga<\/b> estar\u00e1n juntos en la pantalla grande y el <i>trailer<\/i> de esta emocionante historia ya est\u00e1 aqu\u00ed. Y como una historia de amor siempre valdr\u00e1 la pena para un viernes por la noche, te decimos de una vez que esta ocupara uno de esos d\u00edas.<\/p>\n<p>Siendo un <i>remake<\/i> de la historia original de 1937, <em>A Star Is Born<\/em>,\u00a0que tuvo dos m\u00e1s en 1954 y 1976 \u2014esta \u00faltima con Barbra Streisand\u2014, el filme est\u00e1 dirigido y producido por el mismo protagonista. Adem\u00e1s este ser\u00e1 el segundo pr\u00f3ximo proyecto grande para la cantante neoyorquina en la industria del cine y la televisi\u00f3n. De 2015 a 2016 Lady Gaga form\u00f3 parte del elenco de la quinta temporada de <i>American Horror Story<\/i>.<\/p>\n<p>De acuerdo a una entrevista con <a href=\"http:\/\/ew.com\/movies\/2017\/12\/06\/lady-gaga-a-star-is-born-first-look\/\" target=\"_blank\" rel=\"noopener\" target=\"_blank\"><i>Entertainment Weekly<\/i><\/a>, Cooper busc\u00f3 la manera de darle otro giro a la historia rom\u00e1ntica que se ha contado en tres ocasiones. Adem\u00e1s, siendo un homenaje a esas versiones, lo conmovedor es ese momento en el que cualquier persona creativa toca fondo a los treinta a\u00f1os sin saber a donde te lleva el destino.<\/p>\n<p>Aqu\u00ed el primer <i>trailer<\/i> del filme, que se espera para octubre de este a\u00f1o, con la inimitable voz de Lady Gaga en todo su esplendor.<\/p>\n<p><iframe loading=\"lazy\" src=\"https:\/\/www.youtube.com\/embed\/nSbzyEJ8X9E\" width=\"560\" height=\"315\" frameborder=\"0\"><\/iframe><\/p>\n<h5><\/h5>\n<h5><em>*IMAGEN: Getty Images<\/em><\/h5>\n","protected":false},"author":11636,"featured_media":51402,"template":"","format":"standard","categories":[2],"acf":[],"yoast_head":"<!-- This site is optimized with the Yoast SEO Premium plugin v18.5 (Yoast SEO v20.4) - https:\/\/yoast.com\/wordpress\/plugins\/seo\/ -->\n<title>El vistazo a la pel\u00edcula de Lady Gaga junto a Bradley Cooper | Grazia M\u00e9xico y Latinoam\u00e9rica<\/title>\n<meta name=\"description\" content=\"El tan anticipado momento de ver a Lady Gaga junto a Bradley Cooper en la pantalla grande est\u00e1 a la vuelta de la esquina y aqu\u00ed el trailer completo para que te emociones a\u00fan m\u00e1s.\" \/>\n<meta name=\"robots\" content=\"index, follow, max-snippet:-1, max-image-preview:large, max-video-preview:-1\" \/>\n<link rel=\"canonical\" href=\"https:\/\/graziamagazine.com\/mx\/articles\/el-vistazo-a-la-pelicula-de-lady-gaga-junto-a-bradley-cooper\/\" \/>\n<meta property=\"og:locale\" content=\"es_MX\" \/>\n<meta property=\"og:type\" content=\"article\" \/>\n<meta property=\"og:title\" content=\"El vistazo a la pel\u00edcula de Lady Gaga junto a Bradley Cooper\" \/>\n<meta property=\"og:description\" content=\"El tan anticipado momento de ver a Lady Gaga junto a Bradley Cooper en la pantalla grande est\u00e1 a la vuelta de la esquina y aqu\u00ed el trailer completo para que te emociones a\u00fan m\u00e1s.\" \/>\n<meta property=\"og:url\" content=\"https:\/\/graziamagazine.com\/mx\/articles\/el-vistazo-a-la-pelicula-de-lady-gaga-junto-a-bradley-cooper\/\" \/>\n<meta property=\"og:site_name\" content=\"Grazia M\u00e9xico y Latinoam\u00e9rica\" \/>\n<meta property=\"article:modified_time\" content=\"2018-06-08T18:21:03+00:00\" \/>\n<meta property=\"og:image\" content=\"https:\/\/graziamagazine.com\/mx\/wp-content\/uploads\/sites\/13\/2018\/06\/el-vistazo-a-la-pelicula-de-lady-gaga-junto-a-bradley-cooper-destacada.jpg?fit=4286%2C2852\" \/>\n\t<meta property=\"og:image:width\" content=\"4286\" \/>\n\t<meta property=\"og:image:height\" content=\"2852\" \/>\n\t<meta property=\"og:image:type\" content=\"image\/jpeg\" \/>\n<meta name=\"twitter:card\" content=\"summary_large_image\" \/>\n<meta name=\"twitter:label1\" content=\"Est. reading time\" \/>\n\t<meta name=\"twitter:data1\" content=\"1 minuto\" \/>\n<script type=\"application\/ld+json\" class=\"yoast-schema-graph\">{\"@context\":\"https:\/\/schema.org\",\"@graph\":[{\"@type\":\"WebPage\",\"@id\":\"https:\/\/graziamagazine.com\/mx\/articles\/el-vistazo-a-la-pelicula-de-lady-gaga-junto-a-bradley-cooper\/\",\"url\":\"https:\/\/graziamagazine.com\/mx\/articles\/el-vistazo-a-la-pelicula-de-lady-gaga-junto-a-bradley-cooper\/\",\"name\":\"El vistazo a la pel\u00edcula de Lady Gaga junto a Bradley Cooper | Grazia M\u00e9xico y Latinoam\u00e9rica\",\"isPartOf\":{\"@id\":\"https:\/\/graziamagazine.com\/mx\/#website\"},\"datePublished\":\"2018-06-08T18:19:15+00:00\",\"dateModified\":\"2018-06-08T18:21:03+00:00\",\"description\":\"El tan anticipado momento de ver a Lady Gaga junto a Bradley Cooper en la pantalla grande est\u00e1 a la vuelta de la esquina y aqu\u00ed el trailer completo para que te emociones a\u00fan m\u00e1s.\",\"breadcrumb\":{\"@id\":\"https:\/\/graziamagazine.com\/mx\/articles\/el-vistazo-a-la-pelicula-de-lady-gaga-junto-a-bradley-cooper\/#breadcrumb\"},\"inLanguage\":\"es-MX\",\"potentialAction\":[{\"@type\":\"ReadAction\",\"target\":[\"https:\/\/graziamagazine.com\/mx\/articles\/el-vistazo-a-la-pelicula-de-lady-gaga-junto-a-bradley-cooper\/\"]}]},{\"@type\":\"BreadcrumbList\",\"@id\":\"https:\/\/graziamagazine.com\/mx\/articles\/el-vistazo-a-la-pelicula-de-lady-gaga-junto-a-bradley-cooper\/#breadcrumb\",\"itemListElement\":[{\"@type\":\"ListItem\",\"position\":1,\"name\":\"Home\",\"item\":\"https:\/\/graziamagazine.com\/mx\/\"},{\"@type\":\"ListItem\",\"position\":2,\"name\":\"El vistazo a la pel\u00edcula de Lady Gaga junto a Bradley Cooper\"}]},{\"@type\":\"WebSite\",\"@id\":\"https:\/\/graziamagazine.com\/mx\/#website\",\"url\":\"https:\/\/graziamagazine.com\/mx\/\",\"name\":\"Grazia M\u00e9xico y Latinoam\u00e9rica\",\"description\":\"Grazia es moda, belleza y noticias  de actualidad \",\"potentialAction\":[{\"@type\":\"SearchAction\",\"target\":{\"@type\":\"EntryPoint\",\"urlTemplate\":\"https:\/\/graziamagazine.com\/mx\/?s={search_term_string}\"},\"query-input\":\"required name=search_term_string\"}],\"inLanguage\":\"es-MX\"}]}<\/script>\n<!-- \/ Yoast SEO Premium plugin. -->","yoast_head_json":{"title":"El vistazo a la pel\u00edcula de Lady Gaga junto a Bradley Cooper | Grazia M\u00e9xico y Latinoam\u00e9rica","description":"El tan anticipado momento de ver a Lady Gaga junto a Bradley Cooper en la pantalla grande est\u00e1 a la vuelta de la esquina y aqu\u00ed el trailer completo para que te emociones a\u00fan m\u00e1s.","robots":{"index":"index","follow":"follow","max-snippet":"max-snippet:-1","max-image-preview":"max-image-preview:large","max-video-preview":"max-video-preview:-1"},"canonical":"https:\/\/graziamagazine.com\/mx\/articles\/el-vistazo-a-la-pelicula-de-lady-gaga-junto-a-bradley-cooper\/","og_locale":"es_MX","og_type":"article","og_title":"El vistazo a la pel\u00edcula de Lady Gaga junto a Bradley Cooper","og_description":"El tan anticipado momento de ver a Lady Gaga junto a Bradley Cooper en la pantalla grande est\u00e1 a la vuelta de la esquina y aqu\u00ed el trailer completo para que te emociones a\u00fan m\u00e1s.","og_url":"https:\/\/graziamagazine.com\/mx\/articles\/el-vistazo-a-la-pelicula-de-lady-gaga-junto-a-bradley-cooper\/","og_site_name":"Grazia M\u00e9xico y Latinoam\u00e9rica","article_modified_time":"2018-06-08T18:21:03+00:00","og_image":[{"width":4286,"height":2852,"url":"https:\/\/graziamagazine.com\/mx\/wp-content\/uploads\/sites\/13\/2018\/06\/el-vistazo-a-la-pelicula-de-lady-gaga-junto-a-bradley-cooper-destacada.jpg?fit=4286%2C2852","type":"image\/jpeg"}],"twitter_card":"summary_large_image","twitter_misc":{"Est. reading time":"1 minuto"},"schema":{"@context":"https:\/\/schema.org","@graph":[{"@type":"WebPage","@id":"https:\/\/graziamagazine.com\/mx\/articles\/el-vistazo-a-la-pelicula-de-lady-gaga-junto-a-bradley-cooper\/","url":"https:\/\/graziamagazine.com\/mx\/articles\/el-vistazo-a-la-pelicula-de-lady-gaga-junto-a-bradley-cooper\/","name":"El vistazo a la pel\u00edcula de Lady Gaga junto a Bradley Cooper | Grazia M\u00e9xico y Latinoam\u00e9rica","isPartOf":{"@id":"https:\/\/graziamagazine.com\/mx\/#website"},"datePublished":"2018-06-08T18:19:15+00:00","dateModified":"2018-06-08T18:21:03+00:00","description":"El tan anticipado momento de ver a Lady Gaga junto a Bradley Cooper en la pantalla grande est\u00e1 a la vuelta de la esquina y aqu\u00ed el trailer completo para que te emociones a\u00fan m\u00e1s.","breadcrumb":{"@id":"https:\/\/graziamagazine.com\/mx\/articles\/el-vistazo-a-la-pelicula-de-lady-gaga-junto-a-bradley-cooper\/#breadcrumb"},"inLanguage":"es-MX","potentialAction":[{"@type":"ReadAction","target":["https:\/\/graziamagazine.com\/mx\/articles\/el-vistazo-a-la-pelicula-de-lady-gaga-junto-a-bradley-cooper\/"]}]},{"@type":"BreadcrumbList","@id":"https:\/\/graziamagazine.com\/mx\/articles\/el-vistazo-a-la-pelicula-de-lady-gaga-junto-a-bradley-cooper\/#breadcrumb","itemListElement":[{"@type":"ListItem","position":1,"name":"Home","item":"https:\/\/graziamagazine.com\/mx\/"},{"@type":"ListItem","position":2,"name":"El vistazo a la pel\u00edcula de Lady Gaga junto a Bradley Cooper"}]},{"@type":"WebSite","@id":"https:\/\/graziamagazine.com\/mx\/#website","url":"https:\/\/graziamagazine.com\/mx\/","name":"Grazia M\u00e9xico y Latinoam\u00e9rica","description":"Grazia es moda, belleza y noticias  de actualidad ","potentialAction":[{"@type":"SearchAction","target":{"@type":"EntryPoint","urlTemplate":"https:\/\/graziamagazine.com\/mx\/?s={search_term_string}"},"query-input":"required name=search_term_string"}],"inLanguage":"es-MX"}]}},"jetpack_sharing_enabled":true,"distributor_meta":false,"distributor_terms":false,"distributor_media":false,"distributor_original_site_name":"Grazia M\u00e9xico y Latinoam\u00e9rica","distributor_original_site_url":"https:\/\/graziamagazine.com\/mx","push-errors":false,"_links":{"self":[{"href":"https:\/\/graziamagazine.com\/mx\/wp-json\/wp\/v2\/articles\/51389"}],"collection":[{"href":"https:\/\/graziamagazine.com\/mx\/wp-json\/wp\/v2\/articles"}],"about":[{"href":"https:\/\/graziamagazine.com\/mx\/wp-json\/wp\/v2\/types\/articles"}],"author":[{"embeddable":true,"href":"https:\/\/graziamagazine.com\/mx\/wp-json\/wp\/v2\/users\/11636"}],"wp:featuredmedia":[{"embeddable":true,"href":"https:\/\/graziamagazine.com\/mx\/wp-json\/wp\/v2\/media\/51402"}],"wp:attachment":[{"href":"https:\/\/graziamagazine.com\/mx\/wp-json\/wp\/v2\/media?parent=51389"}],"wp:term":[{"taxonomy":"category","embeddable":true,"href":"https:\/\/graziamagazine.com\/mx\/wp-json\/wp\/v2\/categories?post=51389"}],"curies":[{"name":"wp","href":"https:\/\/api.w.org\/{rel}","templated":true}]}}