{"id":51173,"date":"2018-06-05T15:25:58","date_gmt":"2018-06-05T20:25:58","guid":{"rendered":"https:\/\/graziamagazine.com\/mx\/?p=51173"},"modified":"2018-06-05T15:32:27","modified_gmt":"2018-06-05T20:32:27","slug":"shawn-mendes-se-une-al-carpool-karaoke-de-james-corden","status":"publish","type":"articles","link":"https:\/\/graziamagazine.com\/mx\/articles\/shawn-mendes-se-une-al-carpool-karaoke-de-james-corden\/","title":{"rendered":"Shawn Mendes se une al Carpool Karaoke de James Corden"},"content":{"rendered":"<p><b>Adem\u00e1s de cantar Shawn Mendes confiesa secretos que no sab\u00edamos de \u00e9l, como su fanatismo por el mago m\u00e1s famoso, Harry Potter.<\/b><!--more--><\/p>\n<p>Prep\u00e1rate para ver el <i>sketch<\/i> m\u00e1s c\u00f3mico de tu d\u00eda, o quiz\u00e1 de tu semana. <strong>Shawn Mendes<\/strong> junto a <strong>James Corden<\/strong> en se emblem\u00e1tica Range Rover cantando los \u00e9xitos del artista. As\u00ed como lo lees (y lo ver\u00e1s en unos segundos).<\/p>\n<p>En los once minutos que dura el video, el presentador indaga sobre la nueva vida independiente de Mendes \u2014acaba de mudarse a su propio departamento\u2014. Como todo joven de 19 a\u00f1os que empieza a adaptarse a su d\u00eda a d\u00eda sin pap\u00e1s, comenta que lo m\u00e1s complicado es mantener su lugar casi albeando a lo que Corden le responde con un <i>fun fact<\/i> de Justin Bieber (que te har\u00e1 re\u00edr).<\/p>\n<p>Y solo en caso de que no supieras que el cantante de <i>Mercy<\/i> es fan\u00e1tico (en una escala del 0 al 10 se declara 9.5) de Harry Potter, aqu\u00ed te lo cuenta.<\/p>\n<p>Pero no te vamos a contar m\u00e1s de lo que pasa, porque le quitar\u00edamos la comedia. Mejor ve otra \u00e9pica entrega de este <i>sketch<\/i>.<\/p>\n<p><iframe loading=\"lazy\" src=\"https:\/\/www.youtube.com\/embed\/Jodbdj52Vc0\" width=\"560\" height=\"315\" frameborder=\"0\"><\/iframe><\/p>\n<h5><\/h5>\n<h5><em>*IMAGEN: Getty Images<\/em><\/h5>\n","protected":false},"author":11636,"featured_media":51175,"template":"","format":"standard","categories":[2],"acf":[],"yoast_head":"<!-- This site is optimized with the Yoast SEO Premium plugin v18.5 (Yoast SEO v20.4) - https:\/\/yoast.com\/wordpress\/plugins\/seo\/ -->\n<title>Shawn Mendes se une al Carpool Karaoke de James Corden | Grazia M\u00e9xico y Latinoam\u00e9rica<\/title>\n<meta name=\"description\" content=\"Adem\u00e1s de cantar el Shawn Mendes confiesa secretos que no sab\u00edamos de \u00e9l, como su fanatismo por el mago m\u00e1s famoso, Harry Potter.\" \/>\n<meta name=\"robots\" content=\"index, follow, max-snippet:-1, max-image-preview:large, max-video-preview:-1\" \/>\n<link rel=\"canonical\" href=\"https:\/\/graziamagazine.com\/mx\/articles\/shawn-mendes-se-une-al-carpool-karaoke-de-james-corden\/\" \/>\n<meta property=\"og:locale\" content=\"es_MX\" \/>\n<meta property=\"og:type\" content=\"article\" \/>\n<meta property=\"og:title\" content=\"Shawn Mendes se une al Carpool Karaoke de James Corden\" \/>\n<meta property=\"og:description\" content=\"Adem\u00e1s de cantar el Shawn Mendes confiesa secretos que no sab\u00edamos de \u00e9l, como su fanatismo por el mago m\u00e1s famoso, Harry Potter.\" \/>\n<meta property=\"og:url\" content=\"https:\/\/graziamagazine.com\/mx\/articles\/shawn-mendes-se-une-al-carpool-karaoke-de-james-corden\/\" \/>\n<meta property=\"og:site_name\" content=\"Grazia M\u00e9xico y Latinoam\u00e9rica\" \/>\n<meta property=\"article:modified_time\" content=\"2018-06-05T20:32:27+00:00\" \/>\n<meta property=\"og:image\" content=\"https:\/\/graziamagazine.com\/mx\/wp-content\/uploads\/sites\/13\/2018\/06\/shawn-mendes-se-une-al-carpool-karaoke-de-james-corden-destacada.jpg?fit=1548%2C1024\" \/>\n\t<meta property=\"og:image:width\" content=\"1548\" \/>\n\t<meta property=\"og:image:height\" content=\"1024\" \/>\n\t<meta property=\"og:image:type\" content=\"image\/jpeg\" \/>\n<meta name=\"twitter:card\" content=\"summary_large_image\" \/>\n<meta name=\"twitter:label1\" content=\"Est. reading time\" \/>\n\t<meta name=\"twitter:data1\" content=\"1 minuto\" \/>\n<script type=\"application\/ld+json\" class=\"yoast-schema-graph\">{\"@context\":\"https:\/\/schema.org\",\"@graph\":[{\"@type\":\"WebPage\",\"@id\":\"https:\/\/graziamagazine.com\/mx\/articles\/shawn-mendes-se-une-al-carpool-karaoke-de-james-corden\/\",\"url\":\"https:\/\/graziamagazine.com\/mx\/articles\/shawn-mendes-se-une-al-carpool-karaoke-de-james-corden\/\",\"name\":\"Shawn Mendes se une al Carpool Karaoke de James Corden | Grazia M\u00e9xico y Latinoam\u00e9rica\",\"isPartOf\":{\"@id\":\"https:\/\/graziamagazine.com\/mx\/#website\"},\"datePublished\":\"2018-06-05T20:25:58+00:00\",\"dateModified\":\"2018-06-05T20:32:27+00:00\",\"description\":\"Adem\u00e1s de cantar el Shawn Mendes confiesa secretos que no sab\u00edamos de \u00e9l, como su fanatismo por el mago m\u00e1s famoso, Harry Potter.\",\"breadcrumb\":{\"@id\":\"https:\/\/graziamagazine.com\/mx\/articles\/shawn-mendes-se-une-al-carpool-karaoke-de-james-corden\/#breadcrumb\"},\"inLanguage\":\"es-MX\",\"potentialAction\":[{\"@type\":\"ReadAction\",\"target\":[\"https:\/\/graziamagazine.com\/mx\/articles\/shawn-mendes-se-une-al-carpool-karaoke-de-james-corden\/\"]}]},{\"@type\":\"BreadcrumbList\",\"@id\":\"https:\/\/graziamagazine.com\/mx\/articles\/shawn-mendes-se-une-al-carpool-karaoke-de-james-corden\/#breadcrumb\",\"itemListElement\":[{\"@type\":\"ListItem\",\"position\":1,\"name\":\"Home\",\"item\":\"https:\/\/graziamagazine.com\/mx\/\"},{\"@type\":\"ListItem\",\"position\":2,\"name\":\"Shawn Mendes se une al Carpool Karaoke de James Corden\"}]},{\"@type\":\"WebSite\",\"@id\":\"https:\/\/graziamagazine.com\/mx\/#website\",\"url\":\"https:\/\/graziamagazine.com\/mx\/\",\"name\":\"Grazia M\u00e9xico y Latinoam\u00e9rica\",\"description\":\"Grazia es moda, belleza y noticias  de actualidad \",\"potentialAction\":[{\"@type\":\"SearchAction\",\"target\":{\"@type\":\"EntryPoint\",\"urlTemplate\":\"https:\/\/graziamagazine.com\/mx\/?s={search_term_string}\"},\"query-input\":\"required name=search_term_string\"}],\"inLanguage\":\"es-MX\"}]}<\/script>\n<!-- \/ Yoast SEO Premium plugin. -->","yoast_head_json":{"title":"Shawn Mendes se une al Carpool Karaoke de James Corden | Grazia M\u00e9xico y Latinoam\u00e9rica","description":"Adem\u00e1s de cantar el Shawn Mendes confiesa secretos que no sab\u00edamos de \u00e9l, como su fanatismo por el mago m\u00e1s famoso, Harry Potter.","robots":{"index":"index","follow":"follow","max-snippet":"max-snippet:-1","max-image-preview":"max-image-preview:large","max-video-preview":"max-video-preview:-1"},"canonical":"https:\/\/graziamagazine.com\/mx\/articles\/shawn-mendes-se-une-al-carpool-karaoke-de-james-corden\/","og_locale":"es_MX","og_type":"article","og_title":"Shawn Mendes se une al Carpool Karaoke de James Corden","og_description":"Adem\u00e1s de cantar el Shawn Mendes confiesa secretos que no sab\u00edamos de \u00e9l, como su fanatismo por el mago m\u00e1s famoso, Harry Potter.","og_url":"https:\/\/graziamagazine.com\/mx\/articles\/shawn-mendes-se-une-al-carpool-karaoke-de-james-corden\/","og_site_name":"Grazia M\u00e9xico y Latinoam\u00e9rica","article_modified_time":"2018-06-05T20:32:27+00:00","og_image":[{"width":1548,"height":1024,"url":"https:\/\/graziamagazine.com\/mx\/wp-content\/uploads\/sites\/13\/2018\/06\/shawn-mendes-se-une-al-carpool-karaoke-de-james-corden-destacada.jpg?fit=1548%2C1024","type":"image\/jpeg"}],"twitter_card":"summary_large_image","twitter_misc":{"Est. reading time":"1 minuto"},"schema":{"@context":"https:\/\/schema.org","@graph":[{"@type":"WebPage","@id":"https:\/\/graziamagazine.com\/mx\/articles\/shawn-mendes-se-une-al-carpool-karaoke-de-james-corden\/","url":"https:\/\/graziamagazine.com\/mx\/articles\/shawn-mendes-se-une-al-carpool-karaoke-de-james-corden\/","name":"Shawn Mendes se une al Carpool Karaoke de James Corden | Grazia M\u00e9xico y Latinoam\u00e9rica","isPartOf":{"@id":"https:\/\/graziamagazine.com\/mx\/#website"},"datePublished":"2018-06-05T20:25:58+00:00","dateModified":"2018-06-05T20:32:27+00:00","description":"Adem\u00e1s de cantar el Shawn Mendes confiesa secretos que no sab\u00edamos de \u00e9l, como su fanatismo por el mago m\u00e1s famoso, Harry Potter.","breadcrumb":{"@id":"https:\/\/graziamagazine.com\/mx\/articles\/shawn-mendes-se-une-al-carpool-karaoke-de-james-corden\/#breadcrumb"},"inLanguage":"es-MX","potentialAction":[{"@type":"ReadAction","target":["https:\/\/graziamagazine.com\/mx\/articles\/shawn-mendes-se-une-al-carpool-karaoke-de-james-corden\/"]}]},{"@type":"BreadcrumbList","@id":"https:\/\/graziamagazine.com\/mx\/articles\/shawn-mendes-se-une-al-carpool-karaoke-de-james-corden\/#breadcrumb","itemListElement":[{"@type":"ListItem","position":1,"name":"Home","item":"https:\/\/graziamagazine.com\/mx\/"},{"@type":"ListItem","position":2,"name":"Shawn Mendes se une al Carpool Karaoke de James Corden"}]},{"@type":"WebSite","@id":"https:\/\/graziamagazine.com\/mx\/#website","url":"https:\/\/graziamagazine.com\/mx\/","name":"Grazia M\u00e9xico y Latinoam\u00e9rica","description":"Grazia es moda, belleza y noticias  de actualidad ","potentialAction":[{"@type":"SearchAction","target":{"@type":"EntryPoint","urlTemplate":"https:\/\/graziamagazine.com\/mx\/?s={search_term_string}"},"query-input":"required name=search_term_string"}],"inLanguage":"es-MX"}]}},"jetpack_sharing_enabled":true,"distributor_meta":false,"distributor_terms":false,"distributor_media":false,"distributor_original_site_name":"Grazia M\u00e9xico y Latinoam\u00e9rica","distributor_original_site_url":"https:\/\/graziamagazine.com\/mx","push-errors":false,"_links":{"self":[{"href":"https:\/\/graziamagazine.com\/mx\/wp-json\/wp\/v2\/articles\/51173"}],"collection":[{"href":"https:\/\/graziamagazine.com\/mx\/wp-json\/wp\/v2\/articles"}],"about":[{"href":"https:\/\/graziamagazine.com\/mx\/wp-json\/wp\/v2\/types\/articles"}],"author":[{"embeddable":true,"href":"https:\/\/graziamagazine.com\/mx\/wp-json\/wp\/v2\/users\/11636"}],"wp:featuredmedia":[{"embeddable":true,"href":"https:\/\/graziamagazine.com\/mx\/wp-json\/wp\/v2\/media\/51175"}],"wp:attachment":[{"href":"https:\/\/graziamagazine.com\/mx\/wp-json\/wp\/v2\/media?parent=51173"}],"wp:term":[{"taxonomy":"category","embeddable":true,"href":"https:\/\/graziamagazine.com\/mx\/wp-json\/wp\/v2\/categories?post=51173"}],"curies":[{"name":"wp","href":"https:\/\/api.w.org\/{rel}","templated":true}]}}