{"id":50702,"date":"2018-05-29T10:20:43","date_gmt":"2018-05-29T15:20:43","guid":{"rendered":"https:\/\/graziamagazine.com\/mx\/?p=50702"},"modified":"2018-05-29T10:21:10","modified_gmt":"2018-05-29T15:21:10","slug":"mariah-carey-vende-su-anillo-de-compromiso-por-2-millones-de-dolares","status":"publish","type":"articles","link":"https:\/\/graziamagazine.com\/mx\/articles\/mariah-carey-vende-su-anillo-de-compromiso-por-2-millones-de-dolares\/","title":{"rendered":"Mariah Carey vende su anillo de compromiso por $2 millones de d\u00f3lares"},"content":{"rendered":"<p><b>El anillo que el empresario James Packer le obsequi\u00f3 a Mariah Carey ahora es de un joyero en Los \u00c1ngeles quien buscar\u00e1 venderlo.<\/b><!--more--><\/p>\n<p>Si existe alguien que sea opulenta en todos los sentidos, inmediatamente pensamos en <b>Mariah Carey<\/b>. Y si tu anillo de compromiso es de 35 quilates y solamente te est\u00e1 ocupando espacio, entonces lo vendes, naturalmente.<\/p>\n<p>Carey, quien acaba de abrirse ante el mundo <a href=\"https:\/\/graziamagazine.com\/mx\/el-trastorno-bipolar-de-mariah-carey-y-su-declaracion-al-respecto\/\" target=\"_blank\" rel=\"noopener\">sobre su problema de bipolaridad en una entrevista con <i>People<\/i><\/a>, vendi\u00f3 el opulento anillo que el empresario James Packer le dio en octubre del 2016 a un joyero basado en Los \u00c1ngeles por $2.1 millones de d\u00f3lares. Este se qued\u00f3 en posesi\u00f3n de la cantante luego de que llegara a un acuerdo multimillonario con su expareja.<\/p>\n<p><img decoding=\"async\" class=\"alignnone size-large wp-image-50705\" src=\"https:\/\/graziamagazine.com\/mx\/wp-content\/uploads\/sites\/13\/2018\/05\/mariah-carey-vende-su-anillo-de-compromiso-por-2-millones-de-dolares-james-packer-700x942.jpg\" alt=\"mariah-carey-vende-su-anillo-de-compromiso-por-2-millones-de-dolares-james-packer\" \/><\/p>\n<p><img decoding=\"async\" class=\"alignnone size-large wp-image-50704\" src=\"https:\/\/graziamagazine.com\/mx\/wp-content\/uploads\/sites\/13\/2018\/05\/mariah-carey-vende-su-anillo-de-compromiso-por-2-millones-de-dolares-1-700x707.jpg\" alt=\"mariah-carey-vende-su-anillo-de-compromiso-por-2-millones-de-dolares-1\" \/><\/p>\n<p>De acuerdo a <a href=\"https:\/\/pagesix.com\/2018\/05\/27\/mariah-carey-quietly-sold-mega-diamond-ring-from-ex-james-packer\/?utm_source=maropost&amp;utm_medium=email&amp;utm_campaign=pagesixdaily&amp;utm_content=20180528&amp;mpweb=755-6984424-719189484\" target=\"_blank\" rel=\"noopener\" target=\"_blank\"><i>Page Six<\/i><\/a>, el joyero est\u00e1 vendiendo la joya \u00fanica. Adem\u00e1s una fuente asegur\u00f3 que el valor original es menos de $10 millones de d\u00f3lares, pues diversos medios aseguraron que este era su valor original.<\/p>\n<p>En el siglo XXI, \u00bfvender tu anillo de compromiso es parte del proceso para superar a tu ex?<\/p>\n<h5><\/h5>\n<h5><em>*IM\u00c1GENES: Getty Images<\/em><\/h5>\n","protected":false},"author":11636,"featured_media":50706,"template":"","format":"standard","categories":[2],"acf":[],"yoast_head":"<!-- This site is optimized with the Yoast SEO Premium plugin v18.5 (Yoast SEO v20.4) - https:\/\/yoast.com\/wordpress\/plugins\/seo\/ -->\n<title>Mariah Carey vende su anillo de compromiso por $2 millones de d\u00f3lares | Grazia M\u00e9xico y Latinoam\u00e9rica<\/title>\n<meta name=\"description\" content=\"El anillo que el empresario James Packer le obsequi\u00f3 a Mariah Carey ahora es de un joyero en Los \u00c1ngeles quien buscar\u00e1 venderlo.\" \/>\n<meta name=\"robots\" content=\"index, follow, max-snippet:-1, max-image-preview:large, max-video-preview:-1\" \/>\n<link rel=\"canonical\" href=\"https:\/\/graziamagazine.com\/mx\/articles\/mariah-carey-vende-su-anillo-de-compromiso-por-2-millones-de-dolares\/\" \/>\n<meta property=\"og:locale\" content=\"es_MX\" \/>\n<meta property=\"og:type\" content=\"article\" \/>\n<meta property=\"og:title\" content=\"Mariah Carey vende su anillo de compromiso por $2 millones de d\u00f3lares\" \/>\n<meta property=\"og:description\" content=\"El anillo que el empresario James Packer le obsequi\u00f3 a Mariah Carey ahora es de un joyero en Los \u00c1ngeles quien buscar\u00e1 venderlo.\" \/>\n<meta property=\"og:url\" content=\"https:\/\/graziamagazine.com\/mx\/articles\/mariah-carey-vende-su-anillo-de-compromiso-por-2-millones-de-dolares\/\" \/>\n<meta property=\"og:site_name\" content=\"Grazia M\u00e9xico y Latinoam\u00e9rica\" \/>\n<meta property=\"article:modified_time\" content=\"2018-05-29T15:21:10+00:00\" \/>\n<meta property=\"og:image\" content=\"https:\/\/graziamagazine.com\/mx\/wp-content\/uploads\/sites\/13\/2018\/05\/mariah-carey-vende-su-anillo-de-compromiso-por-2-millones-de-dolares-destacada.jpg?fit=1548%2C1024\" \/>\n\t<meta property=\"og:image:width\" content=\"1548\" \/>\n\t<meta property=\"og:image:height\" content=\"1024\" \/>\n\t<meta property=\"og:image:type\" content=\"image\/jpeg\" \/>\n<meta name=\"twitter:card\" content=\"summary_large_image\" \/>\n<meta name=\"twitter:label1\" content=\"Est. reading time\" \/>\n\t<meta name=\"twitter:data1\" content=\"1 minuto\" \/>\n<script type=\"application\/ld+json\" class=\"yoast-schema-graph\">{\"@context\":\"https:\/\/schema.org\",\"@graph\":[{\"@type\":\"WebPage\",\"@id\":\"https:\/\/graziamagazine.com\/mx\/articles\/mariah-carey-vende-su-anillo-de-compromiso-por-2-millones-de-dolares\/\",\"url\":\"https:\/\/graziamagazine.com\/mx\/articles\/mariah-carey-vende-su-anillo-de-compromiso-por-2-millones-de-dolares\/\",\"name\":\"Mariah Carey vende su anillo de compromiso por $2 millones de d\u00f3lares | Grazia M\u00e9xico y Latinoam\u00e9rica\",\"isPartOf\":{\"@id\":\"https:\/\/graziamagazine.com\/mx\/#website\"},\"datePublished\":\"2018-05-29T15:20:43+00:00\",\"dateModified\":\"2018-05-29T15:21:10+00:00\",\"description\":\"El anillo que el empresario James Packer le obsequi\u00f3 a Mariah Carey ahora es de un joyero en Los \u00c1ngeles quien buscar\u00e1 venderlo.\",\"breadcrumb\":{\"@id\":\"https:\/\/graziamagazine.com\/mx\/articles\/mariah-carey-vende-su-anillo-de-compromiso-por-2-millones-de-dolares\/#breadcrumb\"},\"inLanguage\":\"es-MX\",\"potentialAction\":[{\"@type\":\"ReadAction\",\"target\":[\"https:\/\/graziamagazine.com\/mx\/articles\/mariah-carey-vende-su-anillo-de-compromiso-por-2-millones-de-dolares\/\"]}]},{\"@type\":\"BreadcrumbList\",\"@id\":\"https:\/\/graziamagazine.com\/mx\/articles\/mariah-carey-vende-su-anillo-de-compromiso-por-2-millones-de-dolares\/#breadcrumb\",\"itemListElement\":[{\"@type\":\"ListItem\",\"position\":1,\"name\":\"Home\",\"item\":\"https:\/\/graziamagazine.com\/mx\/\"},{\"@type\":\"ListItem\",\"position\":2,\"name\":\"Mariah Carey vende su anillo de compromiso por $2 millones de d\u00f3lares\"}]},{\"@type\":\"WebSite\",\"@id\":\"https:\/\/graziamagazine.com\/mx\/#website\",\"url\":\"https:\/\/graziamagazine.com\/mx\/\",\"name\":\"Grazia M\u00e9xico y Latinoam\u00e9rica\",\"description\":\"Grazia es moda, belleza y noticias  de actualidad \",\"potentialAction\":[{\"@type\":\"SearchAction\",\"target\":{\"@type\":\"EntryPoint\",\"urlTemplate\":\"https:\/\/graziamagazine.com\/mx\/?s={search_term_string}\"},\"query-input\":\"required name=search_term_string\"}],\"inLanguage\":\"es-MX\"}]}<\/script>\n<!-- \/ Yoast SEO Premium plugin. -->","yoast_head_json":{"title":"Mariah Carey vende su anillo de compromiso por $2 millones de d\u00f3lares | Grazia M\u00e9xico y Latinoam\u00e9rica","description":"El anillo que el empresario James Packer le obsequi\u00f3 a Mariah Carey ahora es de un joyero en Los \u00c1ngeles quien buscar\u00e1 venderlo.","robots":{"index":"index","follow":"follow","max-snippet":"max-snippet:-1","max-image-preview":"max-image-preview:large","max-video-preview":"max-video-preview:-1"},"canonical":"https:\/\/graziamagazine.com\/mx\/articles\/mariah-carey-vende-su-anillo-de-compromiso-por-2-millones-de-dolares\/","og_locale":"es_MX","og_type":"article","og_title":"Mariah Carey vende su anillo de compromiso por $2 millones de d\u00f3lares","og_description":"El anillo que el empresario James Packer le obsequi\u00f3 a Mariah Carey ahora es de un joyero en Los \u00c1ngeles quien buscar\u00e1 venderlo.","og_url":"https:\/\/graziamagazine.com\/mx\/articles\/mariah-carey-vende-su-anillo-de-compromiso-por-2-millones-de-dolares\/","og_site_name":"Grazia M\u00e9xico y Latinoam\u00e9rica","article_modified_time":"2018-05-29T15:21:10+00:00","og_image":[{"width":1548,"height":1024,"url":"https:\/\/graziamagazine.com\/mx\/wp-content\/uploads\/sites\/13\/2018\/05\/mariah-carey-vende-su-anillo-de-compromiso-por-2-millones-de-dolares-destacada.jpg?fit=1548%2C1024","type":"image\/jpeg"}],"twitter_card":"summary_large_image","twitter_misc":{"Est. reading time":"1 minuto"},"schema":{"@context":"https:\/\/schema.org","@graph":[{"@type":"WebPage","@id":"https:\/\/graziamagazine.com\/mx\/articles\/mariah-carey-vende-su-anillo-de-compromiso-por-2-millones-de-dolares\/","url":"https:\/\/graziamagazine.com\/mx\/articles\/mariah-carey-vende-su-anillo-de-compromiso-por-2-millones-de-dolares\/","name":"Mariah Carey vende su anillo de compromiso por $2 millones de d\u00f3lares | Grazia M\u00e9xico y Latinoam\u00e9rica","isPartOf":{"@id":"https:\/\/graziamagazine.com\/mx\/#website"},"datePublished":"2018-05-29T15:20:43+00:00","dateModified":"2018-05-29T15:21:10+00:00","description":"El anillo que el empresario James Packer le obsequi\u00f3 a Mariah Carey ahora es de un joyero en Los \u00c1ngeles quien buscar\u00e1 venderlo.","breadcrumb":{"@id":"https:\/\/graziamagazine.com\/mx\/articles\/mariah-carey-vende-su-anillo-de-compromiso-por-2-millones-de-dolares\/#breadcrumb"},"inLanguage":"es-MX","potentialAction":[{"@type":"ReadAction","target":["https:\/\/graziamagazine.com\/mx\/articles\/mariah-carey-vende-su-anillo-de-compromiso-por-2-millones-de-dolares\/"]}]},{"@type":"BreadcrumbList","@id":"https:\/\/graziamagazine.com\/mx\/articles\/mariah-carey-vende-su-anillo-de-compromiso-por-2-millones-de-dolares\/#breadcrumb","itemListElement":[{"@type":"ListItem","position":1,"name":"Home","item":"https:\/\/graziamagazine.com\/mx\/"},{"@type":"ListItem","position":2,"name":"Mariah Carey vende su anillo de compromiso por $2 millones de d\u00f3lares"}]},{"@type":"WebSite","@id":"https:\/\/graziamagazine.com\/mx\/#website","url":"https:\/\/graziamagazine.com\/mx\/","name":"Grazia M\u00e9xico y Latinoam\u00e9rica","description":"Grazia es moda, belleza y noticias  de actualidad ","potentialAction":[{"@type":"SearchAction","target":{"@type":"EntryPoint","urlTemplate":"https:\/\/graziamagazine.com\/mx\/?s={search_term_string}"},"query-input":"required name=search_term_string"}],"inLanguage":"es-MX"}]}},"jetpack_sharing_enabled":true,"distributor_meta":false,"distributor_terms":false,"distributor_media":false,"distributor_original_site_name":"Grazia M\u00e9xico y Latinoam\u00e9rica","distributor_original_site_url":"https:\/\/graziamagazine.com\/mx","push-errors":false,"_links":{"self":[{"href":"https:\/\/graziamagazine.com\/mx\/wp-json\/wp\/v2\/articles\/50702"}],"collection":[{"href":"https:\/\/graziamagazine.com\/mx\/wp-json\/wp\/v2\/articles"}],"about":[{"href":"https:\/\/graziamagazine.com\/mx\/wp-json\/wp\/v2\/types\/articles"}],"author":[{"embeddable":true,"href":"https:\/\/graziamagazine.com\/mx\/wp-json\/wp\/v2\/users\/11636"}],"wp:featuredmedia":[{"embeddable":true,"href":"https:\/\/graziamagazine.com\/mx\/wp-json\/wp\/v2\/media\/50706"}],"wp:attachment":[{"href":"https:\/\/graziamagazine.com\/mx\/wp-json\/wp\/v2\/media?parent=50702"}],"wp:term":[{"taxonomy":"category","embeddable":true,"href":"https:\/\/graziamagazine.com\/mx\/wp-json\/wp\/v2\/categories?post=50702"}],"curies":[{"name":"wp","href":"https:\/\/api.w.org\/{rel}","templated":true}]}}