{"id":5059,"date":"2016-08-30T07:58:22","date_gmt":"2016-08-30T13:58:22","guid":{"rendered":"https:\/\/graziamagazine.com\/mx\/?p=5059"},"modified":"2016-08-30T08:00:38","modified_gmt":"2016-08-30T14:00:38","slug":"the-bling-ring-designer-edition-le-roban-a-brunello-cucinelli","status":"publish","type":"articles","link":"https:\/\/graziamagazine.com\/mx\/articles\/the-bling-ring-designer-edition-le-roban-a-brunello-cucinelli\/","title":{"rendered":"THE BLING RING DESIGNER EDITION: \u00a1LE ROBAN A BRUNELLO CUCINELLI!"},"content":{"rendered":"<p><b>Unos ladrones irrumpieron en el showroom del dise\u00f1ador y no creer\u00e1s lo que se llevaron\u2026<\/b><!--more--><\/p>\n<p><span style=\"font-weight: 400;\">Podemos creerlo todo: que te roben el reloj, que se lleven tu coche o tu dinero, pero <strong>jam\u00e1s<\/strong> lo que le pas\u00f3 al dise\u00f1ador italiano este fin de semana.<\/span><\/p>\n<p>Seg\u00fan reportaron varios peri\u00f3dicos italianos, la noche del s\u00e1bado un grupo de ladrones se meti\u00f3 a su <strong><em>showroom<\/em><\/strong> de <strong>Mil\u00e1n<\/strong> y se rob\u00f3<strong> la colecci\u00f3n completa<\/strong> de <strong>menswear<\/strong>, de . La ma\u00f1ana siguiente, cuando lleg\u00f3 la polic\u00eda, encontr\u00f3 las prendas de <strong>mujer<\/strong> en su lugar y determin\u00f3 que los delincuentes ingresaron por una <strong>ventana trasera<\/strong>.<\/p>\n<p><span style=\"font-weight: 400;\">La firma asegur\u00f3 que esta p\u00e9rdida resulta <strong>crucial<\/strong> para ellos, pues se trataba de los <strong><em>samples<\/em><\/strong> utilizados en la temporada de ventas, que ya hab\u00eda terminado. Si bien, ni el <strong>valor total<\/strong> de los bienes ni el posibles sospechosos han sido revelados, este resulta un golpe tanto desafortunado como extra\u00f1o.<\/span><\/p>\n<p>&nbsp;<\/p>\n<blockquote class=\"instagram-media\" data-instgrm-captioned data-instgrm-version=\"7\" style=\" background:#FFF; border:0; border-radius:3px; box-shadow:0 0 1px 0 rgba(0,0,0,0.5),0 1px 10px 0 rgba(0,0,0,0.15); margin: 1px; max-width:500px; padding:0; width:99.375%; width:-webkit-calc(100% - 2px); width:calc(100% - 2px);\">\n<div style=\"padding:8px;\">\n<div style=\" background:#F8F8F8; line-height:0; margin-top:40px; padding:50.0% 0; text-align:center; width:100%;\">\n<div style=\" background:url(data:image\/png;base64,iVBORw0KGgoAAAANSUhEUgAAACwAAAAsCAMAAAApWqozAAAABGdBTUEAALGPC\/xhBQAAAAFzUkdCAK7OHOkAAAAMUExURczMzPf399fX1+bm5mzY9AMAAADiSURBVDjLvZXbEsMgCES5\/P8\/t9FuRVCRmU73JWlzosgSIIZURCjo\/ad+EQJJB4Hv8BFt+IDpQoCx1wjOSBFhh2XssxEIYn3ulI\/6MNReE07UIWJEv8UEOWDS88LY97kqyTliJKKtuYBbruAyVh5wOHiXmpi5we58Ek028czwyuQdLKPG1Bkb4NnM+VeAnfHqn1k4+GPT6uGQcvu2h2OVuIf\/gWUFyy8OWEpdyZSa3aVCqpVoVvzZZ2VTnn2wU8qzVjDDetO90GSy9mVLqtgYSy231MxrY6I2gGqjrTY0L8fxCxfCBbhWrsYYAAAAAElFTkSuQmCC); display:block; height:44px; margin:0 auto -44px; position:relative; top:-22px; width:44px;\"><\/div>\n<\/div>\n<p style=\" margin:8px 0 0 0; padding:0 4px;\"> <a href=\"https:\/\/www.instagram.com\/p\/BJSNuGXDKip\/\" style=\" color:#000; font-family:Arial,sans-serif; font-size:14px; font-style:normal; font-weight:normal; line-height:17px; text-decoration:none; word-wrap:break-word;\" target=\"_blank\" target=\"_blank\">Collezione Uomo Autunno Inverno 2016\/2017 &#8211; Men&#39;s Collection Fall Winter 2016\/2017 #brunellocucinelli #cucinelli<\/a><\/p>\n<p style=\" color:#c9c8cd; font-family:Arial,sans-serif; font-size:14px; line-height:17px; margin-bottom:0; margin-top:8px; overflow:hidden; padding:8px 0 7px; text-align:center; text-overflow:ellipsis; white-space:nowrap;\">A photo posted by Brunello Cucinelli (@brunellocucinelli) on <time style=\" font-family:Arial,sans-serif; font-size:14px; line-height:17px;\" datetime=\"2016-08-19T09:05:01+00:00\">Aug 19, 2016 at 2:05am PDT<\/time><\/p>\n<\/div>\n<\/blockquote>\n<p><script async defer src=\"\/\/platform.instagram.com\/en_US\/embeds.js\"><\/script><\/p>\n<p>&nbsp;<\/p>\n<p><span style=\"font-weight: 400;\">Por desgracia, esta no es la primera vez que algo as\u00ed sucede. En <strong>noviembre de 2011<\/strong>\u00a0en el trayecto de <strong>Par\u00eds a Londres<\/strong>, la colecci\u00f3n completa de <strong>SS2012<\/strong> de <strong>Marc Jacobs<\/strong>, tambi\u00e9n fue robada.<\/span><\/p>\n<p><span style=\"font-weight: 400;\">En su momento, la casa anunci\u00f3 a trav\u00e9s de un <strong>email<\/strong> a sus clientes que el <strong><em>press day<\/em><\/strong> que se ten\u00eda previsto a su llegada se cancelaba debido a que literalmente, no ten\u00edan nada para mostrar. <strong>46<\/strong> <strong>looks<\/strong> desaparecieron y medios le adjudicaron este hecho a los famosos <strong>contrabandistas<\/strong> y <strong>falsificadores<\/strong> quienes en el af\u00e1n de hacer copias de las prendas, dejaron a varios con el signo de interrogaci\u00f3n en la frente.<\/span><br \/>\n<span style=\"font-weight: 400;\">\u00bfCrees que este sea el caso de <strong>Bruno<\/strong>? Sea cual sea la respuesta, el simple hecho no deja de sorprender.<\/span><\/p>\n","protected":false},"author":11636,"featured_media":5060,"template":"","format":"standard","categories":[4],"acf":[],"yoast_head":"<!-- This site is optimized with the Yoast SEO Premium plugin v18.5 (Yoast SEO v20.4) - https:\/\/yoast.com\/wordpress\/plugins\/seo\/ -->\n<title>THE BLING RING DESIGNER EDITION: \u00a1LE ROBAN A BRUNELLO CUCINELLI! | Grazia M\u00e9xico y Latinoam\u00e9rica<\/title>\n<meta name=\"description\" content=\"Unos ladrones irrumpieron en el showroom del dise\u00f1ador y no creer\u00e1s lo que se llevaron\u2026 Podemos creerlo todo: que te roben el reloj, que se lleven tu\" \/>\n<meta name=\"robots\" content=\"index, follow, max-snippet:-1, max-image-preview:large, max-video-preview:-1\" \/>\n<link rel=\"canonical\" href=\"https:\/\/graziamagazine.com\/mx\/articles\/the-bling-ring-designer-edition-le-roban-a-brunello-cucinelli\/\" \/>\n<meta property=\"og:locale\" content=\"es_MX\" \/>\n<meta property=\"og:type\" content=\"article\" \/>\n<meta property=\"og:title\" content=\"THE BLING RING DESIGNER EDITION: \u00a1LE ROBAN A BRUNELLO CUCINELLI!\" \/>\n<meta property=\"og:description\" content=\"Unos ladrones irrumpieron en el showroom del dise\u00f1ador y no creer\u00e1s lo que se llevaron\u2026 Podemos creerlo todo: que te roben el reloj, que se lleven tu\" \/>\n<meta property=\"og:url\" content=\"https:\/\/graziamagazine.com\/mx\/articles\/the-bling-ring-designer-edition-le-roban-a-brunello-cucinelli\/\" \/>\n<meta property=\"og:site_name\" content=\"Grazia M\u00e9xico y Latinoam\u00e9rica\" \/>\n<meta property=\"article:modified_time\" content=\"2016-08-30T14:00:38+00:00\" \/>\n<meta property=\"og:image\" content=\"https:\/\/graziamagazine.com\/mx\/wp-content\/uploads\/sites\/13\/2016\/08\/brunellocov.jpg?fit=835%2C341\" \/>\n\t<meta property=\"og:image:width\" content=\"835\" \/>\n\t<meta property=\"og:image:height\" content=\"341\" \/>\n\t<meta property=\"og:image:type\" content=\"image\/jpeg\" \/>\n<meta name=\"twitter:card\" content=\"summary_large_image\" \/>\n<meta name=\"twitter:label1\" content=\"Est. reading time\" \/>\n\t<meta name=\"twitter:data1\" content=\"2 minutos\" \/>\n<script type=\"application\/ld+json\" class=\"yoast-schema-graph\">{\"@context\":\"https:\/\/schema.org\",\"@graph\":[{\"@type\":\"WebPage\",\"@id\":\"https:\/\/graziamagazine.com\/mx\/articles\/the-bling-ring-designer-edition-le-roban-a-brunello-cucinelli\/\",\"url\":\"https:\/\/graziamagazine.com\/mx\/articles\/the-bling-ring-designer-edition-le-roban-a-brunello-cucinelli\/\",\"name\":\"THE BLING RING DESIGNER EDITION: \u00a1LE ROBAN A BRUNELLO CUCINELLI! | Grazia M\u00e9xico y Latinoam\u00e9rica\",\"isPartOf\":{\"@id\":\"https:\/\/graziamagazine.com\/mx\/#website\"},\"datePublished\":\"2016-08-30T13:58:22+00:00\",\"dateModified\":\"2016-08-30T14:00:38+00:00\",\"description\":\"Unos ladrones irrumpieron en el showroom del dise\u00f1ador y no creer\u00e1s lo que se llevaron\u2026 Podemos creerlo todo: que te roben el reloj, que se lleven tu\",\"breadcrumb\":{\"@id\":\"https:\/\/graziamagazine.com\/mx\/articles\/the-bling-ring-designer-edition-le-roban-a-brunello-cucinelli\/#breadcrumb\"},\"inLanguage\":\"es-MX\",\"potentialAction\":[{\"@type\":\"ReadAction\",\"target\":[\"https:\/\/graziamagazine.com\/mx\/articles\/the-bling-ring-designer-edition-le-roban-a-brunello-cucinelli\/\"]}]},{\"@type\":\"BreadcrumbList\",\"@id\":\"https:\/\/graziamagazine.com\/mx\/articles\/the-bling-ring-designer-edition-le-roban-a-brunello-cucinelli\/#breadcrumb\",\"itemListElement\":[{\"@type\":\"ListItem\",\"position\":1,\"name\":\"Home\",\"item\":\"https:\/\/graziamagazine.com\/mx\/\"},{\"@type\":\"ListItem\",\"position\":2,\"name\":\"THE BLING RING DESIGNER EDITION: \u00a1LE ROBAN A BRUNELLO CUCINELLI!\"}]},{\"@type\":\"WebSite\",\"@id\":\"https:\/\/graziamagazine.com\/mx\/#website\",\"url\":\"https:\/\/graziamagazine.com\/mx\/\",\"name\":\"Grazia M\u00e9xico y Latinoam\u00e9rica\",\"description\":\"Grazia es moda, belleza y noticias  de actualidad \",\"potentialAction\":[{\"@type\":\"SearchAction\",\"target\":{\"@type\":\"EntryPoint\",\"urlTemplate\":\"https:\/\/graziamagazine.com\/mx\/?s={search_term_string}\"},\"query-input\":\"required name=search_term_string\"}],\"inLanguage\":\"es-MX\"}]}<\/script>\n<!-- \/ Yoast SEO Premium plugin. -->","yoast_head_json":{"title":"THE BLING RING DESIGNER EDITION: \u00a1LE ROBAN A BRUNELLO CUCINELLI! | Grazia M\u00e9xico y Latinoam\u00e9rica","description":"Unos ladrones irrumpieron en el showroom del dise\u00f1ador y no creer\u00e1s lo que se llevaron\u2026 Podemos creerlo todo: que te roben el reloj, que se lleven tu","robots":{"index":"index","follow":"follow","max-snippet":"max-snippet:-1","max-image-preview":"max-image-preview:large","max-video-preview":"max-video-preview:-1"},"canonical":"https:\/\/graziamagazine.com\/mx\/articles\/the-bling-ring-designer-edition-le-roban-a-brunello-cucinelli\/","og_locale":"es_MX","og_type":"article","og_title":"THE BLING RING DESIGNER EDITION: \u00a1LE ROBAN A BRUNELLO CUCINELLI!","og_description":"Unos ladrones irrumpieron en el showroom del dise\u00f1ador y no creer\u00e1s lo que se llevaron\u2026 Podemos creerlo todo: que te roben el reloj, que se lleven tu","og_url":"https:\/\/graziamagazine.com\/mx\/articles\/the-bling-ring-designer-edition-le-roban-a-brunello-cucinelli\/","og_site_name":"Grazia M\u00e9xico y Latinoam\u00e9rica","article_modified_time":"2016-08-30T14:00:38+00:00","og_image":[{"width":835,"height":341,"url":"https:\/\/graziamagazine.com\/mx\/wp-content\/uploads\/sites\/13\/2016\/08\/brunellocov.jpg?fit=835%2C341","type":"image\/jpeg"}],"twitter_card":"summary_large_image","twitter_misc":{"Est. reading time":"2 minutos"},"schema":{"@context":"https:\/\/schema.org","@graph":[{"@type":"WebPage","@id":"https:\/\/graziamagazine.com\/mx\/articles\/the-bling-ring-designer-edition-le-roban-a-brunello-cucinelli\/","url":"https:\/\/graziamagazine.com\/mx\/articles\/the-bling-ring-designer-edition-le-roban-a-brunello-cucinelli\/","name":"THE BLING RING DESIGNER EDITION: \u00a1LE ROBAN A BRUNELLO CUCINELLI! | Grazia M\u00e9xico y Latinoam\u00e9rica","isPartOf":{"@id":"https:\/\/graziamagazine.com\/mx\/#website"},"datePublished":"2016-08-30T13:58:22+00:00","dateModified":"2016-08-30T14:00:38+00:00","description":"Unos ladrones irrumpieron en el showroom del dise\u00f1ador y no creer\u00e1s lo que se llevaron\u2026 Podemos creerlo todo: que te roben el reloj, que se lleven tu","breadcrumb":{"@id":"https:\/\/graziamagazine.com\/mx\/articles\/the-bling-ring-designer-edition-le-roban-a-brunello-cucinelli\/#breadcrumb"},"inLanguage":"es-MX","potentialAction":[{"@type":"ReadAction","target":["https:\/\/graziamagazine.com\/mx\/articles\/the-bling-ring-designer-edition-le-roban-a-brunello-cucinelli\/"]}]},{"@type":"BreadcrumbList","@id":"https:\/\/graziamagazine.com\/mx\/articles\/the-bling-ring-designer-edition-le-roban-a-brunello-cucinelli\/#breadcrumb","itemListElement":[{"@type":"ListItem","position":1,"name":"Home","item":"https:\/\/graziamagazine.com\/mx\/"},{"@type":"ListItem","position":2,"name":"THE BLING RING DESIGNER EDITION: \u00a1LE ROBAN A BRUNELLO CUCINELLI!"}]},{"@type":"WebSite","@id":"https:\/\/graziamagazine.com\/mx\/#website","url":"https:\/\/graziamagazine.com\/mx\/","name":"Grazia M\u00e9xico y Latinoam\u00e9rica","description":"Grazia es moda, belleza y noticias  de actualidad ","potentialAction":[{"@type":"SearchAction","target":{"@type":"EntryPoint","urlTemplate":"https:\/\/graziamagazine.com\/mx\/?s={search_term_string}"},"query-input":"required name=search_term_string"}],"inLanguage":"es-MX"}]}},"jetpack_sharing_enabled":true,"distributor_meta":false,"distributor_terms":false,"distributor_media":false,"distributor_original_site_name":"Grazia M\u00e9xico y Latinoam\u00e9rica","distributor_original_site_url":"https:\/\/graziamagazine.com\/mx","push-errors":false,"_links":{"self":[{"href":"https:\/\/graziamagazine.com\/mx\/wp-json\/wp\/v2\/articles\/5059"}],"collection":[{"href":"https:\/\/graziamagazine.com\/mx\/wp-json\/wp\/v2\/articles"}],"about":[{"href":"https:\/\/graziamagazine.com\/mx\/wp-json\/wp\/v2\/types\/articles"}],"author":[{"embeddable":true,"href":"https:\/\/graziamagazine.com\/mx\/wp-json\/wp\/v2\/users\/11636"}],"wp:featuredmedia":[{"embeddable":true,"href":"https:\/\/graziamagazine.com\/mx\/wp-json\/wp\/v2\/media\/5060"}],"wp:attachment":[{"href":"https:\/\/graziamagazine.com\/mx\/wp-json\/wp\/v2\/media?parent=5059"}],"wp:term":[{"taxonomy":"category","embeddable":true,"href":"https:\/\/graziamagazine.com\/mx\/wp-json\/wp\/v2\/categories?post=5059"}],"curies":[{"name":"wp","href":"https:\/\/api.w.org\/{rel}","templated":true}]}}