{"id":50580,"date":"2018-05-25T13:28:43","date_gmt":"2018-05-25T18:28:43","guid":{"rendered":"https:\/\/graziamagazine.com\/mx\/?p=50580"},"modified":"2018-05-25T13:29:26","modified_gmt":"2018-05-25T18:29:26","slug":"la-primera-aparicion-de-harvey-weinstein-ante-la-corte","status":"publish","type":"articles","link":"https:\/\/graziamagazine.com\/mx\/articles\/la-primera-aparicion-de-harvey-weinstein-ante-la-corte\/","title":{"rendered":"La primera aparici\u00f3n de Harvey Weinstein ante la corte"},"content":{"rendered":"<p><b>Harvey Weinstein se presenta ante un juez por primera vez semanas despu\u00e9s de que su exesposa y cofundadora de Marchesa rompi\u00f3 el silencio sobre su martirio.<\/b><!--more--><\/p>\n<p>El esc\u00e1ndalo Weinstein fue revivido cuando el productor m\u00e1s famoso de Hollywood se entreg\u00f3 ante la corte luego de casi ocho meses desde que <i>The New York Times<\/i>\u00a0y <em>New Yorker\u00a0<\/em>publicaron su exhaustiva investigaci\u00f3n.<\/p>\n<p>Para <b>Harvey Weinstein<\/b>, el panorama no pinta nada bien. Y es que, por ahora, la situaci\u00f3n del productor est\u00e1 comenzando el proceso legal. De acuerdo a <a href=\"https:\/\/edition.cnn.com\/2018\/05\/25\/entertainment\/harvey-weinstein-to-surrender\/index.html\" target=\"_blank\" rel=\"noopener\" target=\"_blank\"><i>CNN<\/i><\/a>, el productor est\u00e1 obligado usar un GPS, adem\u00e1s de que no podr\u00e1 salir del estado de Nueva York ni Connecticut, entregando su pasaporte.<\/p>\n<p>Las investigaciones entorno a su caso continuan en Londres y Los \u00c1ngeles. Por ahora, Nueva York es la \u00fanica ciudad que lo est\u00e1 acusando con pruebas.<\/p>\n<p>A trav\u00e9s de un comunicado el aclamado abogado, Benjamin Brafman, declar\u00f3: \u201cEl se\u00f1or Weinstein ha mantenido que nunca ha estado involucrado en un acto sexual sin consentimiento de alguien. Nada sobre lo ocurrido hoy cambia la posici\u00f3n del se\u00f1or Weinstein.<span class=\"Apple-converted-space\">\u00a0 <\/span>Se ha declarado inocente y espera ser exonerado\u201d.<\/p>\n<p>La presencia de Weinstein ante un juez viene semanas despu\u00e9s de que su exesposa, Georgina Chapman, rompi\u00f3 el silencio y habl\u00f3 sobre su posici\u00f3n. Adem\u00e1s, la firma fundada por ella y Karen Craig, <a href=\"https:\/\/graziamagazine.com\/mx\/el-apoyo-silencioso-de-scarlett-johansson-a-la-exmujer-harvey-weinstein\/\" target=\"_blank\" rel=\"noopener\">hizo un monumental regreso a la alfombra roja durante la gala del Met con Scarlett Johansson<\/a>.<\/p>\n<h5><\/h5>\n<h5><em>*IMAGEN: Getty Images<\/em><\/h5>\n","protected":false},"author":11636,"featured_media":50588,"template":"","format":"standard","categories":[2],"acf":[],"yoast_head":"<!-- This site is optimized with the Yoast SEO Premium plugin v18.5 (Yoast SEO v20.4) - https:\/\/yoast.com\/wordpress\/plugins\/seo\/ -->\n<title>La primera aparici\u00f3n de Harvey Weinstein ante la corte | Grazia M\u00e9xico y Latinoam\u00e9rica<\/title>\n<meta name=\"description\" content=\"Harvey Weinstein se presenta ante un juez por primera vez semanas despu\u00e9s de que su exesposa y cofundadora de Marchesa rompi\u00f3 el silencio sobre su martirio.\" \/>\n<meta name=\"robots\" content=\"index, follow, max-snippet:-1, max-image-preview:large, max-video-preview:-1\" \/>\n<link rel=\"canonical\" href=\"https:\/\/graziamagazine.com\/mx\/articles\/la-primera-aparicion-de-harvey-weinstein-ante-la-corte\/\" \/>\n<meta property=\"og:locale\" content=\"es_MX\" \/>\n<meta property=\"og:type\" content=\"article\" \/>\n<meta property=\"og:title\" content=\"La primera aparici\u00f3n de Harvey Weinstein ante la corte\" \/>\n<meta property=\"og:description\" content=\"Harvey Weinstein se presenta ante un juez por primera vez semanas despu\u00e9s de que su exesposa y cofundadora de Marchesa rompi\u00f3 el silencio sobre su martirio.\" \/>\n<meta property=\"og:url\" content=\"https:\/\/graziamagazine.com\/mx\/articles\/la-primera-aparicion-de-harvey-weinstein-ante-la-corte\/\" \/>\n<meta property=\"og:site_name\" content=\"Grazia M\u00e9xico y Latinoam\u00e9rica\" \/>\n<meta property=\"article:modified_time\" content=\"2018-05-25T18:29:26+00:00\" \/>\n<meta property=\"og:image\" content=\"https:\/\/graziamagazine.com\/mx\/wp-content\/uploads\/sites\/13\/2018\/05\/la-primera-aparicion-de-harvey-weinstein-ante-la-corte-destacada.jpg?fit=928%2C523\" \/>\n\t<meta property=\"og:image:width\" content=\"928\" \/>\n\t<meta property=\"og:image:height\" content=\"523\" \/>\n\t<meta property=\"og:image:type\" content=\"image\/jpeg\" \/>\n<meta name=\"twitter:card\" content=\"summary_large_image\" \/>\n<meta name=\"twitter:label1\" content=\"Est. reading time\" \/>\n\t<meta name=\"twitter:data1\" content=\"1 minuto\" \/>\n<script type=\"application\/ld+json\" class=\"yoast-schema-graph\">{\"@context\":\"https:\/\/schema.org\",\"@graph\":[{\"@type\":\"WebPage\",\"@id\":\"https:\/\/graziamagazine.com\/mx\/articles\/la-primera-aparicion-de-harvey-weinstein-ante-la-corte\/\",\"url\":\"https:\/\/graziamagazine.com\/mx\/articles\/la-primera-aparicion-de-harvey-weinstein-ante-la-corte\/\",\"name\":\"La primera aparici\u00f3n de Harvey Weinstein ante la corte | Grazia M\u00e9xico y Latinoam\u00e9rica\",\"isPartOf\":{\"@id\":\"https:\/\/graziamagazine.com\/mx\/#website\"},\"datePublished\":\"2018-05-25T18:28:43+00:00\",\"dateModified\":\"2018-05-25T18:29:26+00:00\",\"description\":\"Harvey Weinstein se presenta ante un juez por primera vez semanas despu\u00e9s de que su exesposa y cofundadora de Marchesa rompi\u00f3 el silencio sobre su martirio.\",\"breadcrumb\":{\"@id\":\"https:\/\/graziamagazine.com\/mx\/articles\/la-primera-aparicion-de-harvey-weinstein-ante-la-corte\/#breadcrumb\"},\"inLanguage\":\"es-MX\",\"potentialAction\":[{\"@type\":\"ReadAction\",\"target\":[\"https:\/\/graziamagazine.com\/mx\/articles\/la-primera-aparicion-de-harvey-weinstein-ante-la-corte\/\"]}]},{\"@type\":\"BreadcrumbList\",\"@id\":\"https:\/\/graziamagazine.com\/mx\/articles\/la-primera-aparicion-de-harvey-weinstein-ante-la-corte\/#breadcrumb\",\"itemListElement\":[{\"@type\":\"ListItem\",\"position\":1,\"name\":\"Home\",\"item\":\"https:\/\/graziamagazine.com\/mx\/\"},{\"@type\":\"ListItem\",\"position\":2,\"name\":\"La primera aparici\u00f3n de Harvey Weinstein ante la corte\"}]},{\"@type\":\"WebSite\",\"@id\":\"https:\/\/graziamagazine.com\/mx\/#website\",\"url\":\"https:\/\/graziamagazine.com\/mx\/\",\"name\":\"Grazia M\u00e9xico y Latinoam\u00e9rica\",\"description\":\"Grazia es moda, belleza y noticias  de actualidad \",\"potentialAction\":[{\"@type\":\"SearchAction\",\"target\":{\"@type\":\"EntryPoint\",\"urlTemplate\":\"https:\/\/graziamagazine.com\/mx\/?s={search_term_string}\"},\"query-input\":\"required name=search_term_string\"}],\"inLanguage\":\"es-MX\"}]}<\/script>\n<!-- \/ Yoast SEO Premium plugin. -->","yoast_head_json":{"title":"La primera aparici\u00f3n de Harvey Weinstein ante la corte | Grazia M\u00e9xico y Latinoam\u00e9rica","description":"Harvey Weinstein se presenta ante un juez por primera vez semanas despu\u00e9s de que su exesposa y cofundadora de Marchesa rompi\u00f3 el silencio sobre su martirio.","robots":{"index":"index","follow":"follow","max-snippet":"max-snippet:-1","max-image-preview":"max-image-preview:large","max-video-preview":"max-video-preview:-1"},"canonical":"https:\/\/graziamagazine.com\/mx\/articles\/la-primera-aparicion-de-harvey-weinstein-ante-la-corte\/","og_locale":"es_MX","og_type":"article","og_title":"La primera aparici\u00f3n de Harvey Weinstein ante la corte","og_description":"Harvey Weinstein se presenta ante un juez por primera vez semanas despu\u00e9s de que su exesposa y cofundadora de Marchesa rompi\u00f3 el silencio sobre su martirio.","og_url":"https:\/\/graziamagazine.com\/mx\/articles\/la-primera-aparicion-de-harvey-weinstein-ante-la-corte\/","og_site_name":"Grazia M\u00e9xico y Latinoam\u00e9rica","article_modified_time":"2018-05-25T18:29:26+00:00","og_image":[{"width":928,"height":523,"url":"https:\/\/graziamagazine.com\/mx\/wp-content\/uploads\/sites\/13\/2018\/05\/la-primera-aparicion-de-harvey-weinstein-ante-la-corte-destacada.jpg?fit=928%2C523","type":"image\/jpeg"}],"twitter_card":"summary_large_image","twitter_misc":{"Est. reading time":"1 minuto"},"schema":{"@context":"https:\/\/schema.org","@graph":[{"@type":"WebPage","@id":"https:\/\/graziamagazine.com\/mx\/articles\/la-primera-aparicion-de-harvey-weinstein-ante-la-corte\/","url":"https:\/\/graziamagazine.com\/mx\/articles\/la-primera-aparicion-de-harvey-weinstein-ante-la-corte\/","name":"La primera aparici\u00f3n de Harvey Weinstein ante la corte | Grazia M\u00e9xico y Latinoam\u00e9rica","isPartOf":{"@id":"https:\/\/graziamagazine.com\/mx\/#website"},"datePublished":"2018-05-25T18:28:43+00:00","dateModified":"2018-05-25T18:29:26+00:00","description":"Harvey Weinstein se presenta ante un juez por primera vez semanas despu\u00e9s de que su exesposa y cofundadora de Marchesa rompi\u00f3 el silencio sobre su martirio.","breadcrumb":{"@id":"https:\/\/graziamagazine.com\/mx\/articles\/la-primera-aparicion-de-harvey-weinstein-ante-la-corte\/#breadcrumb"},"inLanguage":"es-MX","potentialAction":[{"@type":"ReadAction","target":["https:\/\/graziamagazine.com\/mx\/articles\/la-primera-aparicion-de-harvey-weinstein-ante-la-corte\/"]}]},{"@type":"BreadcrumbList","@id":"https:\/\/graziamagazine.com\/mx\/articles\/la-primera-aparicion-de-harvey-weinstein-ante-la-corte\/#breadcrumb","itemListElement":[{"@type":"ListItem","position":1,"name":"Home","item":"https:\/\/graziamagazine.com\/mx\/"},{"@type":"ListItem","position":2,"name":"La primera aparici\u00f3n de Harvey Weinstein ante la corte"}]},{"@type":"WebSite","@id":"https:\/\/graziamagazine.com\/mx\/#website","url":"https:\/\/graziamagazine.com\/mx\/","name":"Grazia M\u00e9xico y Latinoam\u00e9rica","description":"Grazia es moda, belleza y noticias  de actualidad ","potentialAction":[{"@type":"SearchAction","target":{"@type":"EntryPoint","urlTemplate":"https:\/\/graziamagazine.com\/mx\/?s={search_term_string}"},"query-input":"required name=search_term_string"}],"inLanguage":"es-MX"}]}},"jetpack_sharing_enabled":true,"distributor_meta":false,"distributor_terms":false,"distributor_media":false,"distributor_original_site_name":"Grazia M\u00e9xico y Latinoam\u00e9rica","distributor_original_site_url":"https:\/\/graziamagazine.com\/mx","push-errors":false,"_links":{"self":[{"href":"https:\/\/graziamagazine.com\/mx\/wp-json\/wp\/v2\/articles\/50580"}],"collection":[{"href":"https:\/\/graziamagazine.com\/mx\/wp-json\/wp\/v2\/articles"}],"about":[{"href":"https:\/\/graziamagazine.com\/mx\/wp-json\/wp\/v2\/types\/articles"}],"author":[{"embeddable":true,"href":"https:\/\/graziamagazine.com\/mx\/wp-json\/wp\/v2\/users\/11636"}],"wp:featuredmedia":[{"embeddable":true,"href":"https:\/\/graziamagazine.com\/mx\/wp-json\/wp\/v2\/media\/50588"}],"wp:attachment":[{"href":"https:\/\/graziamagazine.com\/mx\/wp-json\/wp\/v2\/media?parent=50580"}],"wp:term":[{"taxonomy":"category","embeddable":true,"href":"https:\/\/graziamagazine.com\/mx\/wp-json\/wp\/v2\/categories?post=50580"}],"curies":[{"name":"wp","href":"https:\/\/api.w.org\/{rel}","templated":true}]}}