{"id":504,"date":"2016-03-31T20:52:51","date_gmt":"2016-04-01T02:52:51","guid":{"rendered":"http:\/\/grazia.dab.media\/?p=504"},"modified":"2016-03-31T21:28:35","modified_gmt":"2016-04-01T03:28:35","slug":"beauty-trend-trenzas-de-boxeador","status":"publish","type":"articles","link":"https:\/\/graziamagazine.com\/mx\/articles\/beauty-trend-trenzas-de-boxeador\/","title":{"rendered":"BEAUTY TREND: TRENZAS DE BOXEADOR."},"content":{"rendered":"<p>Puedes llamarles boxer braids si quieres, pero aunque no est\u00e9s familiarizada con el pugilismo, seguramente identificas estas trenzas por ser las que usan las boxeadoras \u00bfRecuerdas Million Dollar Baby?<\/p>\n<p><!--more--><\/p>\n<p>&nbsp;<\/p>\n<p>Obviamente son todo lo contrario a las rom\u00e1nticas trenzas sueltas que estuvieron de moda hace algunas temporadas y tampoco se parecen a los trenzados que luce Emilia Clarke cuando personifica a la madre de los dragones. Las trenzas de boxeadora son bastante ajustadas, pegadas al craneo y no dejan nada de cabello suelto. Si todav\u00eda no las ubicas, aqu\u00ed otra descripci\u00f3n gr\u00e1fica:<\/p>\n<blockquote class=\"instagram-media\" style=\"background: #FFF; border: 0; border-radius: 3px; box-shadow: 0 0 1px 0 rgba(0,0,0,0.5),0 1px 10px 0 rgba(0,0,0,0.15); margin: 1px; max-width: 658px; padding: 0; width: calc(100% - 2px);\" data-instgrm-captioned=\"\" data-instgrm-version=\"6\">\n<div style=\"padding: 8px;\">\n<div style=\"background: #F8F8F8; line-height: 0; margin-top: 40px; padding: 50.0% 0; text-align: center; width: 100%;\"><\/div>\n<p style=\"margin: 8px 0 0 0; padding: 0 4px;\"><a href=\"https:\/\/www.instagram.com\/p\/_vsINZOS4U\/\"style=\"color: #000; font-family: Arial,sans-serif; font-size: 14px; font-style: normal; font-weight: normal; line-height: 17px; text-decoration: none; word-wrap: break-word;\"  target=\"_blank\" target=\"_blank\">Merry Christmas everybody! Good night!<\/a><\/p>\n<p style=\"color: #c9c8cd; font-family: Arial,sans-serif; font-size: 14px; line-height: 17px; margin-bottom: 0; margin-top: 8px; overflow: hidden; padding: 8px 0 7px; text-align: center; text-overflow: ellipsis; white-space: nowrap;\">A photo posted by Kim Kardashian West (@kimkardashian) on <time style=\"font-family: Arial,sans-serif; font-size: 14px; line-height: 17px;\" datetime=\"2015-12-26T06:34:45+00:00\">Dec 25, 2015 at 10:34pm PST<\/time><\/p>\n<\/div>\n<\/blockquote>\n<p><script src=\"\/\/platform.instagram.com\/en_US\/embeds.js\" async=\"\" defer=\"defer\"><\/script><\/p>\n<p>S\u00ed, actualmente son el peinado favorito de Kim Kardashian. De hecho las luci\u00f3 en su primera foto post parto, hace como dos meses, y desde entonces las ha repetido en much\u00edsimas ocasiones. Seguro Kim no lo necesita porque cuenta con un ej\u00e9rcito de asistentes, pero tiene mucha l\u00f3gica que una mujer que ha sido mam\u00e1 reciente se peine as\u00ed \u00a1lo \u00faltimo que uno quiere es que el cabello estorbe!<\/p>\n<p><img loading=\"lazy\" decoding=\"async\" class=\"alignnone size-full wp-image-594\" src=\"http:\/\/grazia.dab.media\/wp-content\/uploads\/sites\/13\/2016\/03\/3-GettyImages-497911108-712x1024.jpg\" alt=\"3-GettyImages-497911108-712x1024\" width=\"712\" height=\"1024\" srcset=\"https:\/\/graziamagazine.com\/mx\/wp-content\/uploads\/sites\/13\/2016\/03\/3-GettyImages-497911108-712x1024.jpg 712w, https:\/\/graziamagazine.com\/mx\/wp-content\/uploads\/sites\/13\/2016\/03\/3-GettyImages-497911108-712x1024-250x360.jpg 250w, https:\/\/graziamagazine.com\/mx\/wp-content\/uploads\/sites\/13\/2016\/03\/3-GettyImages-497911108-712x1024-700x1007.jpg 700w, https:\/\/graziamagazine.com\/mx\/wp-content\/uploads\/sites\/13\/2016\/03\/3-GettyImages-497911108-712x1024-120x173.jpg 120w\" sizes=\"(max-width: 712px) 100vw, 712px\" \/><\/p>\n<p>Pero no basta una golondrina hacer primavera, as\u00ed como no basta una celeb para hacer una tendencia, as\u00ed sea una que pertenece al clan Kardashian. Estas trenzas son tendencia porque ya las hemos visto en otras cabezas: Jennifer L\u00f3pez, Jessica Alba, Sof\u00eda Vergara y Katy Perry son algunas de las otras celebs que han decidido llevar el mismo peinado.<img loading=\"lazy\" decoding=\"async\" class=\"alignnone size-full wp-image-593\" src=\"http:\/\/grazia.dab.media\/wp-content\/uploads\/sites\/13\/2016\/03\/2-katy-perry-1024x678.jpg\" alt=\"2-katy-perry-1024x678\" width=\"1024\" height=\"678\" srcset=\"https:\/\/graziamagazine.com\/mx\/wp-content\/uploads\/sites\/13\/2016\/03\/2-katy-perry-1024x678.jpg 1024w, https:\/\/graziamagazine.com\/mx\/wp-content\/uploads\/sites\/13\/2016\/03\/2-katy-perry-1024x678-250x166.jpg 250w, https:\/\/graziamagazine.com\/mx\/wp-content\/uploads\/sites\/13\/2016\/03\/2-katy-perry-1024x678-768x509.jpg 768w, https:\/\/graziamagazine.com\/mx\/wp-content\/uploads\/sites\/13\/2016\/03\/2-katy-perry-1024x678-700x463.jpg 700w, https:\/\/graziamagazine.com\/mx\/wp-content\/uploads\/sites\/13\/2016\/03\/2-katy-perry-1024x678-120x79.jpg 120w\" sizes=\"(max-width: 1024px) 100vw, 1024px\" \/><\/p>\n<p>@Getty Images.<\/p>\n<p>\u00bfEs que todas se han puesto de acuerdo? \u00a1No! La raz\u00f3n es que comparten peinadora, nada m\u00e1s y nada menos que la estilista de celebrities Jen Atkin, qui\u00e9n ha sido declarada la estilista m\u00e1s influyente del momento nada menos que por The New York Times.<\/p>\n<p><img loading=\"lazy\" decoding=\"async\" class=\"alignnone size-full wp-image-598\" src=\"http:\/\/grazia.dab.media\/wp-content\/uploads\/sites\/13\/2016\/03\/4-09-boxerbraids-chiara-ferragni-1024x768.jpg\" alt=\"4-09-boxerbraids-chiara-ferragni-1024x768\" width=\"1024\" height=\"768\" srcset=\"https:\/\/graziamagazine.com\/mx\/wp-content\/uploads\/sites\/13\/2016\/03\/4-09-boxerbraids-chiara-ferragni-1024x768.jpg 1024w, https:\/\/graziamagazine.com\/mx\/wp-content\/uploads\/sites\/13\/2016\/03\/4-09-boxerbraids-chiara-ferragni-1024x768-250x188.jpg 250w, https:\/\/graziamagazine.com\/mx\/wp-content\/uploads\/sites\/13\/2016\/03\/4-09-boxerbraids-chiara-ferragni-1024x768-768x576.jpg 768w, https:\/\/graziamagazine.com\/mx\/wp-content\/uploads\/sites\/13\/2016\/03\/4-09-boxerbraids-chiara-ferragni-1024x768-700x525.jpg 700w, https:\/\/graziamagazine.com\/mx\/wp-content\/uploads\/sites\/13\/2016\/03\/4-09-boxerbraids-chiara-ferragni-1024x768-120x90.jpg 120w\" sizes=\"(max-width: 1024px) 100vw, 1024px\" \/><\/p>\n<p>Jen Atkin y Joyce Bonelli. @ Getty Images.<\/p>\n<p>Y claro, una vez que ha empezado la fiebre no hay quien la pare. En plena semana de la moda, las #BoxerBraids (s\u00ed, tienen su propio hashtag) han sido uno de los peinados m\u00e1s vistos en las fotos de streetstyle: desde modelos off duty y el resto de la familia Kardashian hasta Chiara Ferragni -que casi nunca se recoge el cabello- han lucido el estilo.<\/p>\n<p>\u00a9 Getty Images.<\/p>\n<p>\u00bfQu\u00e9 dices, te apuntas? El peinado tiene algunas ventajas pr\u00e1cticas, por ejemplo ser la soluci\u00f3n perfecta para un bad hair day. Tambi\u00e9n es muy fresco y te encantar\u00e1 sentir el viento en tu cuello ahora que est\u00e1 comenzando el calor. La desventaja es que no es sencillo de hacer, pero la pr\u00e1ctica siempre hace al maestro y puedes empezar a practicar con este tutorial en video.<\/p>\n<p><iframe loading=\"lazy\" src=\"https:\/\/www.youtube.com\/embed\/X3XBjc32IzM\" width=\"560\" height=\"315\" frameborder=\"0\" allowfullscreen=\"allowfullscreen\"><\/iframe><\/p>\n<p>Cuando lo logres, no olvides subir tu foto a tu red social favorita, usar el tag #BoxerBraids para que las vea todo el mundo y arrobar a @GraziaMexico \u00a1para que la veamos nosotros tambi\u00e9n!<\/p>\n","protected":false},"author":11629,"featured_media":586,"template":"","format":"standard","categories":[3],"acf":[],"yoast_head":"<!-- This site is optimized with the Yoast SEO Premium plugin v18.5 (Yoast SEO v20.4) - https:\/\/yoast.com\/wordpress\/plugins\/seo\/ -->\n<title>BEAUTY TREND: TRENZAS DE BOXEADOR. | Grazia M\u00e9xico y Latinoam\u00e9rica<\/title>\n<meta name=\"description\" content=\"Puedes llamarles boxer braids si quieres, pero aunque no est\u00e9s familiarizada con el pugilismo, seguramente identificas estas trenzas por ser las que usan\" \/>\n<meta name=\"robots\" content=\"index, follow, max-snippet:-1, max-image-preview:large, max-video-preview:-1\" \/>\n<link rel=\"canonical\" href=\"https:\/\/graziamagazine.com\/mx\/articles\/beauty-trend-trenzas-de-boxeador\/\" \/>\n<meta property=\"og:locale\" content=\"es_MX\" \/>\n<meta property=\"og:type\" content=\"article\" \/>\n<meta property=\"og:title\" content=\"BEAUTY TREND: TRENZAS DE BOXEADOR.\" \/>\n<meta property=\"og:description\" content=\"Puedes llamarles boxer braids si quieres, pero aunque no est\u00e9s familiarizada con el pugilismo, seguramente identificas estas trenzas por ser las que usan\" \/>\n<meta property=\"og:url\" content=\"https:\/\/graziamagazine.com\/mx\/articles\/beauty-trend-trenzas-de-boxeador\/\" \/>\n<meta property=\"og:site_name\" content=\"Grazia M\u00e9xico y Latinoam\u00e9rica\" \/>\n<meta property=\"article:modified_time\" content=\"2016-04-01T03:28:35+00:00\" \/>\n<meta property=\"og:image\" content=\"https:\/\/graziamagazine.com\/mx\/wp-content\/uploads\/sites\/13\/2016\/03\/PORTADA-18.jpg?fit=835%2C341\" \/>\n\t<meta property=\"og:image:width\" content=\"835\" \/>\n\t<meta property=\"og:image:height\" content=\"341\" \/>\n\t<meta property=\"og:image:type\" content=\"image\/jpeg\" \/>\n<meta name=\"twitter:card\" content=\"summary_large_image\" \/>\n<meta name=\"twitter:label1\" content=\"Est. reading time\" \/>\n\t<meta name=\"twitter:data1\" content=\"2 minutos\" \/>\n<script type=\"application\/ld+json\" class=\"yoast-schema-graph\">{\"@context\":\"https:\/\/schema.org\",\"@graph\":[{\"@type\":\"WebPage\",\"@id\":\"https:\/\/graziamagazine.com\/mx\/articles\/beauty-trend-trenzas-de-boxeador\/\",\"url\":\"https:\/\/graziamagazine.com\/mx\/articles\/beauty-trend-trenzas-de-boxeador\/\",\"name\":\"BEAUTY TREND: TRENZAS DE BOXEADOR. | Grazia M\u00e9xico y Latinoam\u00e9rica\",\"isPartOf\":{\"@id\":\"https:\/\/graziamagazine.com\/mx\/#website\"},\"datePublished\":\"2016-04-01T02:52:51+00:00\",\"dateModified\":\"2016-04-01T03:28:35+00:00\",\"description\":\"Puedes llamarles boxer braids si quieres, pero aunque no est\u00e9s familiarizada con el pugilismo, seguramente identificas estas trenzas por ser las que usan\",\"breadcrumb\":{\"@id\":\"https:\/\/graziamagazine.com\/mx\/articles\/beauty-trend-trenzas-de-boxeador\/#breadcrumb\"},\"inLanguage\":\"es-MX\",\"potentialAction\":[{\"@type\":\"ReadAction\",\"target\":[\"https:\/\/graziamagazine.com\/mx\/articles\/beauty-trend-trenzas-de-boxeador\/\"]}]},{\"@type\":\"BreadcrumbList\",\"@id\":\"https:\/\/graziamagazine.com\/mx\/articles\/beauty-trend-trenzas-de-boxeador\/#breadcrumb\",\"itemListElement\":[{\"@type\":\"ListItem\",\"position\":1,\"name\":\"Home\",\"item\":\"https:\/\/graziamagazine.com\/mx\/\"},{\"@type\":\"ListItem\",\"position\":2,\"name\":\"BEAUTY TREND: TRENZAS DE BOXEADOR.\"}]},{\"@type\":\"WebSite\",\"@id\":\"https:\/\/graziamagazine.com\/mx\/#website\",\"url\":\"https:\/\/graziamagazine.com\/mx\/\",\"name\":\"Grazia M\u00e9xico y Latinoam\u00e9rica\",\"description\":\"Grazia es moda, belleza y noticias  de actualidad \",\"potentialAction\":[{\"@type\":\"SearchAction\",\"target\":{\"@type\":\"EntryPoint\",\"urlTemplate\":\"https:\/\/graziamagazine.com\/mx\/?s={search_term_string}\"},\"query-input\":\"required name=search_term_string\"}],\"inLanguage\":\"es-MX\"}]}<\/script>\n<!-- \/ Yoast SEO Premium plugin. -->","yoast_head_json":{"title":"BEAUTY TREND: TRENZAS DE BOXEADOR. | Grazia M\u00e9xico y Latinoam\u00e9rica","description":"Puedes llamarles boxer braids si quieres, pero aunque no est\u00e9s familiarizada con el pugilismo, seguramente identificas estas trenzas por ser las que usan","robots":{"index":"index","follow":"follow","max-snippet":"max-snippet:-1","max-image-preview":"max-image-preview:large","max-video-preview":"max-video-preview:-1"},"canonical":"https:\/\/graziamagazine.com\/mx\/articles\/beauty-trend-trenzas-de-boxeador\/","og_locale":"es_MX","og_type":"article","og_title":"BEAUTY TREND: TRENZAS DE BOXEADOR.","og_description":"Puedes llamarles boxer braids si quieres, pero aunque no est\u00e9s familiarizada con el pugilismo, seguramente identificas estas trenzas por ser las que usan","og_url":"https:\/\/graziamagazine.com\/mx\/articles\/beauty-trend-trenzas-de-boxeador\/","og_site_name":"Grazia M\u00e9xico y Latinoam\u00e9rica","article_modified_time":"2016-04-01T03:28:35+00:00","og_image":[{"width":835,"height":341,"url":"https:\/\/graziamagazine.com\/mx\/wp-content\/uploads\/sites\/13\/2016\/03\/PORTADA-18.jpg?fit=835%2C341","type":"image\/jpeg"}],"twitter_card":"summary_large_image","twitter_misc":{"Est. reading time":"2 minutos"},"schema":{"@context":"https:\/\/schema.org","@graph":[{"@type":"WebPage","@id":"https:\/\/graziamagazine.com\/mx\/articles\/beauty-trend-trenzas-de-boxeador\/","url":"https:\/\/graziamagazine.com\/mx\/articles\/beauty-trend-trenzas-de-boxeador\/","name":"BEAUTY TREND: TRENZAS DE BOXEADOR. | Grazia M\u00e9xico y Latinoam\u00e9rica","isPartOf":{"@id":"https:\/\/graziamagazine.com\/mx\/#website"},"datePublished":"2016-04-01T02:52:51+00:00","dateModified":"2016-04-01T03:28:35+00:00","description":"Puedes llamarles boxer braids si quieres, pero aunque no est\u00e9s familiarizada con el pugilismo, seguramente identificas estas trenzas por ser las que usan","breadcrumb":{"@id":"https:\/\/graziamagazine.com\/mx\/articles\/beauty-trend-trenzas-de-boxeador\/#breadcrumb"},"inLanguage":"es-MX","potentialAction":[{"@type":"ReadAction","target":["https:\/\/graziamagazine.com\/mx\/articles\/beauty-trend-trenzas-de-boxeador\/"]}]},{"@type":"BreadcrumbList","@id":"https:\/\/graziamagazine.com\/mx\/articles\/beauty-trend-trenzas-de-boxeador\/#breadcrumb","itemListElement":[{"@type":"ListItem","position":1,"name":"Home","item":"https:\/\/graziamagazine.com\/mx\/"},{"@type":"ListItem","position":2,"name":"BEAUTY TREND: TRENZAS DE BOXEADOR."}]},{"@type":"WebSite","@id":"https:\/\/graziamagazine.com\/mx\/#website","url":"https:\/\/graziamagazine.com\/mx\/","name":"Grazia M\u00e9xico y Latinoam\u00e9rica","description":"Grazia es moda, belleza y noticias  de actualidad ","potentialAction":[{"@type":"SearchAction","target":{"@type":"EntryPoint","urlTemplate":"https:\/\/graziamagazine.com\/mx\/?s={search_term_string}"},"query-input":"required name=search_term_string"}],"inLanguage":"es-MX"}]}},"jetpack_sharing_enabled":true,"distributor_meta":false,"distributor_terms":false,"distributor_media":false,"distributor_original_site_name":"Grazia M\u00e9xico y Latinoam\u00e9rica","distributor_original_site_url":"https:\/\/graziamagazine.com\/mx","push-errors":false,"_links":{"self":[{"href":"https:\/\/graziamagazine.com\/mx\/wp-json\/wp\/v2\/articles\/504"}],"collection":[{"href":"https:\/\/graziamagazine.com\/mx\/wp-json\/wp\/v2\/articles"}],"about":[{"href":"https:\/\/graziamagazine.com\/mx\/wp-json\/wp\/v2\/types\/articles"}],"author":[{"embeddable":true,"href":"https:\/\/graziamagazine.com\/mx\/wp-json\/wp\/v2\/users\/11629"}],"wp:featuredmedia":[{"embeddable":true,"href":"https:\/\/graziamagazine.com\/mx\/wp-json\/wp\/v2\/media\/586"}],"wp:attachment":[{"href":"https:\/\/graziamagazine.com\/mx\/wp-json\/wp\/v2\/media?parent=504"}],"wp:term":[{"taxonomy":"category","embeddable":true,"href":"https:\/\/graziamagazine.com\/mx\/wp-json\/wp\/v2\/categories?post=504"}],"curies":[{"name":"wp","href":"https:\/\/api.w.org\/{rel}","templated":true}]}}