{"id":50307,"date":"2018-05-22T13:51:29","date_gmt":"2018-05-22T18:51:29","guid":{"rendered":"https:\/\/graziamagazine.com\/mx\/?p=50307"},"modified":"2018-05-22T13:52:27","modified_gmt":"2018-05-22T18:52:27","slug":"hugh-grant-por-fin-unira-su-vida-en-matrimonio-con-anna-eberstein","status":"publish","type":"articles","link":"https:\/\/graziamagazine.com\/mx\/articles\/hugh-grant-por-fin-unira-su-vida-en-matrimonio-con-anna-eberstein\/","title":{"rendered":"Hugh Grant por fin unir\u00e1 su vida en matrimonio con Anna Eberstein"},"content":{"rendered":"<p><b>El soltero m\u00e1s codiciado desde los noventa, Hugh Grant, colgar\u00e1 la solter\u00eda finalmente y luego de cinco hijos y una relaci\u00f3n de 13 a\u00f1os con Elizabeth Hurley.<\/b><!--more--><\/p>\n<p>\u00a1Sorpresa! Uno de los <i>bachelors<\/i> m\u00e1s codiciados del Reino Unido y de Hollywood, \u00a1se casa! Nos referimos a <b>Hugh Grant<\/b>, quien durante la d\u00e9cada de los noventa y principios de los 2000 nos enamor\u00f3 con sus <i>chick flicks<\/i>.<\/p>\n<p>Grant es de esos actores que tiene una lista de novias interminable. Pero la que destaca es sin duda <b>Elizabeth Hurley<\/b>, con quien mantuvo una relaci\u00f3n por 13 a\u00f1os.<\/p>\n<p><img decoding=\"async\" class=\"alignnone size-large wp-image-50310\" src=\"https:\/\/graziamagazine.com\/mx\/wp-content\/uploads\/sites\/13\/2018\/05\/hugh-grant-por-fin-unira-su-vida-en-matrimonio-con-anna-eberstein-1-700x1050.jpg\" alt=\"\" \/><\/p>\n<p>Ahora, y despu\u00e9s de tener tres hijos con <b>Anna Eberstein<\/b>, quien es productora de televisi\u00f3n, el actor de 57 a\u00f1os ha decidido colgar la solter\u00eda finalmente.<\/p>\n<p><a href=\"http:\/\/www.bbc.com\/news\/entertainment-arts-44196615\" target=\"_blank\" rel=\"noopener\" target=\"_blank\">Aunque no existen m\u00e1s detalles sobre la boda<\/a>, sabemos que esta es una decisi\u00f3n importante para Grant, pues adem\u00e1s de tener tres hijos con su pr\u00f3xima esposa, entre ellos hay dos medios hermanos con su exnovia, Tinglang Hong.<\/p>\n<p>De acuerdo con una fuente, Grant y Eberstein unir\u00e1n sus vidas a finales de este mes.<\/p>\n<h5><\/h5>\n<h5><em>*IM\u00c1GENES: Getty Images<\/em><\/h5>\n","protected":false},"author":11636,"featured_media":50311,"template":"","format":"standard","categories":[2],"acf":[],"yoast_head":"<!-- This site is optimized with the Yoast SEO Premium plugin v18.5 (Yoast SEO v20.4) - https:\/\/yoast.com\/wordpress\/plugins\/seo\/ -->\n<title>Hugh Grant por fin unir\u00e1 su vida en matrimonio con Anna Eberstein | Grazia M\u00e9xico y Latinoam\u00e9rica<\/title>\n<meta name=\"description\" content=\"El soltero m\u00e1s codiciado desde los noventa, Hugh Grant, colgar\u00e1 la solter\u00eda finalmente y luego de cinco hijos y una relaci\u00f3n de 13 a\u00f1os con Elizabeth Hurley.\" \/>\n<meta name=\"robots\" content=\"index, follow, max-snippet:-1, max-image-preview:large, max-video-preview:-1\" \/>\n<link rel=\"canonical\" href=\"https:\/\/graziamagazine.com\/mx\/articles\/hugh-grant-por-fin-unira-su-vida-en-matrimonio-con-anna-eberstein\/\" \/>\n<meta property=\"og:locale\" content=\"es_MX\" \/>\n<meta property=\"og:type\" content=\"article\" \/>\n<meta property=\"og:title\" content=\"Hugh Grant por fin unir\u00e1 su vida en matrimonio con Anna Eberstein\" \/>\n<meta property=\"og:description\" content=\"El soltero m\u00e1s codiciado desde los noventa, Hugh Grant, colgar\u00e1 la solter\u00eda finalmente y luego de cinco hijos y una relaci\u00f3n de 13 a\u00f1os con Elizabeth Hurley.\" \/>\n<meta property=\"og:url\" content=\"https:\/\/graziamagazine.com\/mx\/articles\/hugh-grant-por-fin-unira-su-vida-en-matrimonio-con-anna-eberstein\/\" \/>\n<meta property=\"og:site_name\" content=\"Grazia M\u00e9xico y Latinoam\u00e9rica\" \/>\n<meta property=\"article:modified_time\" content=\"2018-05-22T18:52:27+00:00\" \/>\n<meta property=\"og:image\" content=\"https:\/\/graziamagazine.com\/mx\/wp-content\/uploads\/sites\/13\/2018\/05\/hugh-grant-por-fin-unira-su-vida-en-matrimonio-con-anna-eberstein-destacada.jpg?fit=1200%2C630\" \/>\n\t<meta property=\"og:image:width\" content=\"1200\" \/>\n\t<meta property=\"og:image:height\" content=\"630\" \/>\n\t<meta property=\"og:image:type\" content=\"image\/jpeg\" \/>\n<meta name=\"twitter:card\" content=\"summary_large_image\" \/>\n<meta name=\"twitter:label1\" content=\"Est. reading time\" \/>\n\t<meta name=\"twitter:data1\" content=\"1 minuto\" \/>\n<script type=\"application\/ld+json\" class=\"yoast-schema-graph\">{\"@context\":\"https:\/\/schema.org\",\"@graph\":[{\"@type\":\"WebPage\",\"@id\":\"https:\/\/graziamagazine.com\/mx\/articles\/hugh-grant-por-fin-unira-su-vida-en-matrimonio-con-anna-eberstein\/\",\"url\":\"https:\/\/graziamagazine.com\/mx\/articles\/hugh-grant-por-fin-unira-su-vida-en-matrimonio-con-anna-eberstein\/\",\"name\":\"Hugh Grant por fin unir\u00e1 su vida en matrimonio con Anna Eberstein | Grazia M\u00e9xico y Latinoam\u00e9rica\",\"isPartOf\":{\"@id\":\"https:\/\/graziamagazine.com\/mx\/#website\"},\"datePublished\":\"2018-05-22T18:51:29+00:00\",\"dateModified\":\"2018-05-22T18:52:27+00:00\",\"description\":\"El soltero m\u00e1s codiciado desde los noventa, Hugh Grant, colgar\u00e1 la solter\u00eda finalmente y luego de cinco hijos y una relaci\u00f3n de 13 a\u00f1os con Elizabeth Hurley.\",\"breadcrumb\":{\"@id\":\"https:\/\/graziamagazine.com\/mx\/articles\/hugh-grant-por-fin-unira-su-vida-en-matrimonio-con-anna-eberstein\/#breadcrumb\"},\"inLanguage\":\"es-MX\",\"potentialAction\":[{\"@type\":\"ReadAction\",\"target\":[\"https:\/\/graziamagazine.com\/mx\/articles\/hugh-grant-por-fin-unira-su-vida-en-matrimonio-con-anna-eberstein\/\"]}]},{\"@type\":\"BreadcrumbList\",\"@id\":\"https:\/\/graziamagazine.com\/mx\/articles\/hugh-grant-por-fin-unira-su-vida-en-matrimonio-con-anna-eberstein\/#breadcrumb\",\"itemListElement\":[{\"@type\":\"ListItem\",\"position\":1,\"name\":\"Home\",\"item\":\"https:\/\/graziamagazine.com\/mx\/\"},{\"@type\":\"ListItem\",\"position\":2,\"name\":\"Hugh Grant por fin unir\u00e1 su vida en matrimonio con Anna Eberstein\"}]},{\"@type\":\"WebSite\",\"@id\":\"https:\/\/graziamagazine.com\/mx\/#website\",\"url\":\"https:\/\/graziamagazine.com\/mx\/\",\"name\":\"Grazia M\u00e9xico y Latinoam\u00e9rica\",\"description\":\"Grazia es moda, belleza y noticias  de actualidad \",\"potentialAction\":[{\"@type\":\"SearchAction\",\"target\":{\"@type\":\"EntryPoint\",\"urlTemplate\":\"https:\/\/graziamagazine.com\/mx\/?s={search_term_string}\"},\"query-input\":\"required name=search_term_string\"}],\"inLanguage\":\"es-MX\"}]}<\/script>\n<!-- \/ Yoast SEO Premium plugin. -->","yoast_head_json":{"title":"Hugh Grant por fin unir\u00e1 su vida en matrimonio con Anna Eberstein | Grazia M\u00e9xico y Latinoam\u00e9rica","description":"El soltero m\u00e1s codiciado desde los noventa, Hugh Grant, colgar\u00e1 la solter\u00eda finalmente y luego de cinco hijos y una relaci\u00f3n de 13 a\u00f1os con Elizabeth Hurley.","robots":{"index":"index","follow":"follow","max-snippet":"max-snippet:-1","max-image-preview":"max-image-preview:large","max-video-preview":"max-video-preview:-1"},"canonical":"https:\/\/graziamagazine.com\/mx\/articles\/hugh-grant-por-fin-unira-su-vida-en-matrimonio-con-anna-eberstein\/","og_locale":"es_MX","og_type":"article","og_title":"Hugh Grant por fin unir\u00e1 su vida en matrimonio con Anna Eberstein","og_description":"El soltero m\u00e1s codiciado desde los noventa, Hugh Grant, colgar\u00e1 la solter\u00eda finalmente y luego de cinco hijos y una relaci\u00f3n de 13 a\u00f1os con Elizabeth Hurley.","og_url":"https:\/\/graziamagazine.com\/mx\/articles\/hugh-grant-por-fin-unira-su-vida-en-matrimonio-con-anna-eberstein\/","og_site_name":"Grazia M\u00e9xico y Latinoam\u00e9rica","article_modified_time":"2018-05-22T18:52:27+00:00","og_image":[{"width":1200,"height":630,"url":"https:\/\/graziamagazine.com\/mx\/wp-content\/uploads\/sites\/13\/2018\/05\/hugh-grant-por-fin-unira-su-vida-en-matrimonio-con-anna-eberstein-destacada.jpg?fit=1200%2C630","type":"image\/jpeg"}],"twitter_card":"summary_large_image","twitter_misc":{"Est. reading time":"1 minuto"},"schema":{"@context":"https:\/\/schema.org","@graph":[{"@type":"WebPage","@id":"https:\/\/graziamagazine.com\/mx\/articles\/hugh-grant-por-fin-unira-su-vida-en-matrimonio-con-anna-eberstein\/","url":"https:\/\/graziamagazine.com\/mx\/articles\/hugh-grant-por-fin-unira-su-vida-en-matrimonio-con-anna-eberstein\/","name":"Hugh Grant por fin unir\u00e1 su vida en matrimonio con Anna Eberstein | Grazia M\u00e9xico y Latinoam\u00e9rica","isPartOf":{"@id":"https:\/\/graziamagazine.com\/mx\/#website"},"datePublished":"2018-05-22T18:51:29+00:00","dateModified":"2018-05-22T18:52:27+00:00","description":"El soltero m\u00e1s codiciado desde los noventa, Hugh Grant, colgar\u00e1 la solter\u00eda finalmente y luego de cinco hijos y una relaci\u00f3n de 13 a\u00f1os con Elizabeth Hurley.","breadcrumb":{"@id":"https:\/\/graziamagazine.com\/mx\/articles\/hugh-grant-por-fin-unira-su-vida-en-matrimonio-con-anna-eberstein\/#breadcrumb"},"inLanguage":"es-MX","potentialAction":[{"@type":"ReadAction","target":["https:\/\/graziamagazine.com\/mx\/articles\/hugh-grant-por-fin-unira-su-vida-en-matrimonio-con-anna-eberstein\/"]}]},{"@type":"BreadcrumbList","@id":"https:\/\/graziamagazine.com\/mx\/articles\/hugh-grant-por-fin-unira-su-vida-en-matrimonio-con-anna-eberstein\/#breadcrumb","itemListElement":[{"@type":"ListItem","position":1,"name":"Home","item":"https:\/\/graziamagazine.com\/mx\/"},{"@type":"ListItem","position":2,"name":"Hugh Grant por fin unir\u00e1 su vida en matrimonio con Anna Eberstein"}]},{"@type":"WebSite","@id":"https:\/\/graziamagazine.com\/mx\/#website","url":"https:\/\/graziamagazine.com\/mx\/","name":"Grazia M\u00e9xico y Latinoam\u00e9rica","description":"Grazia es moda, belleza y noticias  de actualidad ","potentialAction":[{"@type":"SearchAction","target":{"@type":"EntryPoint","urlTemplate":"https:\/\/graziamagazine.com\/mx\/?s={search_term_string}"},"query-input":"required name=search_term_string"}],"inLanguage":"es-MX"}]}},"jetpack_sharing_enabled":true,"distributor_meta":false,"distributor_terms":false,"distributor_media":false,"distributor_original_site_name":"Grazia M\u00e9xico y Latinoam\u00e9rica","distributor_original_site_url":"https:\/\/graziamagazine.com\/mx","push-errors":false,"_links":{"self":[{"href":"https:\/\/graziamagazine.com\/mx\/wp-json\/wp\/v2\/articles\/50307"}],"collection":[{"href":"https:\/\/graziamagazine.com\/mx\/wp-json\/wp\/v2\/articles"}],"about":[{"href":"https:\/\/graziamagazine.com\/mx\/wp-json\/wp\/v2\/types\/articles"}],"author":[{"embeddable":true,"href":"https:\/\/graziamagazine.com\/mx\/wp-json\/wp\/v2\/users\/11636"}],"wp:featuredmedia":[{"embeddable":true,"href":"https:\/\/graziamagazine.com\/mx\/wp-json\/wp\/v2\/media\/50311"}],"wp:attachment":[{"href":"https:\/\/graziamagazine.com\/mx\/wp-json\/wp\/v2\/media?parent=50307"}],"wp:term":[{"taxonomy":"category","embeddable":true,"href":"https:\/\/graziamagazine.com\/mx\/wp-json\/wp\/v2\/categories?post=50307"}],"curies":[{"name":"wp","href":"https:\/\/api.w.org\/{rel}","templated":true}]}}