{"id":49904,"date":"2018-05-16T16:21:06","date_gmt":"2018-05-16T21:21:06","guid":{"rendered":"https:\/\/graziamagazine.com\/mx\/?p=49904"},"modified":"2018-05-16T16:22:27","modified_gmt":"2018-05-16T21:22:27","slug":"acaso-la-mama-de-meghan-markle-vestira-burberry","status":"publish","type":"articles","link":"https:\/\/graziamagazine.com\/mx\/articles\/acaso-la-mama-de-meghan-markle-vestira-burberry\/","title":{"rendered":"Acaso la mam\u00e1 de Meghan Markle, \u00bfvestir\u00e1 Burberry?"},"content":{"rendered":"<p><b>Todo parece indicar que Doria Ragland vestir\u00e1 Burberry para el d\u00eda especial de su hija. Pero no estamos del todo seguros si esta fue una de las t\u00edpicas t\u00e9cnicas para despistarnos.<\/b><!--more--><\/p>\n<p><strong>Por <a href=\"https:\/\/www.instagram.com\/alba_vp\/\" target=\"_blank\" rel=\"noopener\" target=\"_blank\">Alba V\u00e1zquez<\/a><\/strong><\/p>\n<p>El pr\u00f3ximo s\u00e1bado 19 de mayo, los ojos de todos los ingleses (y el resto del mundo) estar\u00e1n puestos en la boda real y, m\u00e1s concretamente, <a href=\"https:\/\/graziamagazine.com\/mx\/deberiamos-creer-en-los-rumores-del-vestido-de-meghan-markle\/\" target=\"_blank\" rel=\"noopener\">en el vestido elegido por la novia para su gran d\u00eda<\/a>. Eso s\u00ed, aunque <b>Meghan Markle<\/b> sea el centro del universo (al menos por ese d\u00eda) el resto de los invitados no se librar\u00e1n del escrutinio de la prensa.<\/p>\n<p>En el caso de <b>Doria Ragland<\/b>, la futura suegra de Prince Harry, se ha adelantado a las normas de etiqueta sugeridas por la Casa Real inglesa, <a href=\"https:\/\/graziamagazine.com\/mx\/como-ser-la-invitada-low-cost-en-la-boda-real\/\" target=\"_blank\" rel=\"noopener\">que sugieren\u00a0no llevar prendas de dise\u00f1adores famosos o americanos<\/a>, y ha elegido un atuendo de la firma inglesa <b>Burberry<\/b>. Y no nos referimos a \u00e9l como vestido porque todo lo que hemos visto de su outfit es un portatrajes con el que se la vio abandonando su casa de Los \u00c1ngeles y dirigi\u00e9ndose al aeropuerto.<\/p>\n<p><img decoding=\"async\" class=\"alignnone size-large wp-image-49854\" src=\"https:\/\/graziamagazine.com\/mx\/wp-content\/uploads\/sites\/13\/2018\/05\/pues-no-thomas-markle-no-ira-a-la-royal-wedding-1-700x1050.jpg\" alt=\"pues-no-thomas-markle-no-ira-a-la-royal-wedding-1\" \/><\/p>\n<p>Apenas tres d\u00edas de la boda real, los \u00faltimos detalles de la misma se develan a cuentagotas y los de vestuario son los m\u00e1s codiciados por los fan\u00e1ticos de la familia real. Ahora que sabemos <a href=\"https:\/\/graziamagazine.com\/mx\/ya-sabemos-quienes-seran-los-pajes-de-la-boda-real\/\" target=\"_blank\" rel=\"noopener\">qui\u00e9nes ser\u00e1n los pajes de los novios<\/a>, nos preguntamos c\u00f3mo ir\u00e1n vestidos y si ir\u00e1n en consonancia con la novia. Del lado de Harry, nos hacemos una ligera idea de la ropa con la que aparecer\u00e1 en <i>St George\u2019s Chapel<\/i>. Pero nuestras dudas no terminan con los novios\u2026 \u00bfC\u00f3mo ir\u00e1 vestida Kate Middleton? Y la reina Elizabeth II, \u00bfqu\u00e9 se pondr\u00e1?<\/p>\n<p>Y lo m\u00e1s importante: \u00bfSe atrever\u00e1 alguien a no tomar en cuenta las \u201csugerencias\u201d de <i>Kensington Palace<\/i>?<\/p>\n<h5><\/h5>\n<h5><em>Art\u00edculo publicado originalmente en\u00a0<a href=\"http:\/\/www.grazia.es\/celebs\/asi-ha-respetado-el-protocolo-la-madre-de-meghan-markle\/\" target=\"_blank\" rel=\"noopener\" target=\"_blank\">Grazia.es<\/a><\/em><\/h5>\n<h5><em>*IM\u00c1GENES: Getty Images y The Grosby Group<\/em><\/h5>\n","protected":false},"author":11636,"featured_media":49906,"template":"","format":"standard","categories":[2],"acf":[],"yoast_head":"<!-- This site is optimized with the Yoast SEO Premium plugin v18.5 (Yoast SEO v20.4) - https:\/\/yoast.com\/wordpress\/plugins\/seo\/ -->\n<title>Acaso la mam\u00e1 de Meghan Markle, \u00bfvestir\u00e1 Burberry? | Grazia M\u00e9xico y Latinoam\u00e9rica<\/title>\n<meta name=\"description\" content=\"Todo parece indicar que Doria Ragland vestir\u00e1 Burberry para el d\u00eda especial de su hija. Pero no estamos del todo seguros si esta fue una de las t\u00edpicas t\u00e9cnicas para despistarnos.\" \/>\n<meta name=\"robots\" content=\"index, follow, max-snippet:-1, max-image-preview:large, max-video-preview:-1\" \/>\n<link rel=\"canonical\" href=\"https:\/\/graziamagazine.com\/mx\/articles\/acaso-la-mama-de-meghan-markle-vestira-burberry\/\" \/>\n<meta property=\"og:locale\" content=\"es_MX\" \/>\n<meta property=\"og:type\" content=\"article\" \/>\n<meta property=\"og:title\" content=\"Acaso la mam\u00e1 de Meghan Markle, \u00bfvestir\u00e1 Burberry?\" \/>\n<meta property=\"og:description\" content=\"Todo parece indicar que Doria Ragland vestir\u00e1 Burberry para el d\u00eda especial de su hija. Pero no estamos del todo seguros si esta fue una de las t\u00edpicas t\u00e9cnicas para despistarnos.\" \/>\n<meta property=\"og:url\" content=\"https:\/\/graziamagazine.com\/mx\/articles\/acaso-la-mama-de-meghan-markle-vestira-burberry\/\" \/>\n<meta property=\"og:site_name\" content=\"Grazia M\u00e9xico y Latinoam\u00e9rica\" \/>\n<meta property=\"article:modified_time\" content=\"2018-05-16T21:22:27+00:00\" \/>\n<meta property=\"og:image\" content=\"https:\/\/graziamagazine.com\/mx\/wp-content\/uploads\/sites\/13\/2018\/05\/acaso-la-mama-de-meghan-markle-vestira-burberry-destacada.jpg?fit=768%2C513\" \/>\n\t<meta property=\"og:image:width\" content=\"768\" \/>\n\t<meta property=\"og:image:height\" content=\"513\" \/>\n\t<meta property=\"og:image:type\" content=\"image\/jpeg\" \/>\n<meta name=\"twitter:card\" content=\"summary_large_image\" \/>\n<meta name=\"twitter:label1\" content=\"Est. reading time\" \/>\n\t<meta name=\"twitter:data1\" content=\"2 minutos\" \/>\n<script type=\"application\/ld+json\" class=\"yoast-schema-graph\">{\"@context\":\"https:\/\/schema.org\",\"@graph\":[{\"@type\":\"WebPage\",\"@id\":\"https:\/\/graziamagazine.com\/mx\/articles\/acaso-la-mama-de-meghan-markle-vestira-burberry\/\",\"url\":\"https:\/\/graziamagazine.com\/mx\/articles\/acaso-la-mama-de-meghan-markle-vestira-burberry\/\",\"name\":\"Acaso la mam\u00e1 de Meghan Markle, \u00bfvestir\u00e1 Burberry? | Grazia M\u00e9xico y Latinoam\u00e9rica\",\"isPartOf\":{\"@id\":\"https:\/\/graziamagazine.com\/mx\/#website\"},\"datePublished\":\"2018-05-16T21:21:06+00:00\",\"dateModified\":\"2018-05-16T21:22:27+00:00\",\"description\":\"Todo parece indicar que Doria Ragland vestir\u00e1 Burberry para el d\u00eda especial de su hija. Pero no estamos del todo seguros si esta fue una de las t\u00edpicas t\u00e9cnicas para despistarnos.\",\"breadcrumb\":{\"@id\":\"https:\/\/graziamagazine.com\/mx\/articles\/acaso-la-mama-de-meghan-markle-vestira-burberry\/#breadcrumb\"},\"inLanguage\":\"es-MX\",\"potentialAction\":[{\"@type\":\"ReadAction\",\"target\":[\"https:\/\/graziamagazine.com\/mx\/articles\/acaso-la-mama-de-meghan-markle-vestira-burberry\/\"]}]},{\"@type\":\"BreadcrumbList\",\"@id\":\"https:\/\/graziamagazine.com\/mx\/articles\/acaso-la-mama-de-meghan-markle-vestira-burberry\/#breadcrumb\",\"itemListElement\":[{\"@type\":\"ListItem\",\"position\":1,\"name\":\"Home\",\"item\":\"https:\/\/graziamagazine.com\/mx\/\"},{\"@type\":\"ListItem\",\"position\":2,\"name\":\"Acaso la mam\u00e1 de Meghan Markle, \u00bfvestir\u00e1 Burberry?\"}]},{\"@type\":\"WebSite\",\"@id\":\"https:\/\/graziamagazine.com\/mx\/#website\",\"url\":\"https:\/\/graziamagazine.com\/mx\/\",\"name\":\"Grazia M\u00e9xico y Latinoam\u00e9rica\",\"description\":\"Grazia es moda, belleza y noticias  de actualidad \",\"potentialAction\":[{\"@type\":\"SearchAction\",\"target\":{\"@type\":\"EntryPoint\",\"urlTemplate\":\"https:\/\/graziamagazine.com\/mx\/?s={search_term_string}\"},\"query-input\":\"required name=search_term_string\"}],\"inLanguage\":\"es-MX\"}]}<\/script>\n<!-- \/ Yoast SEO Premium plugin. -->","yoast_head_json":{"title":"Acaso la mam\u00e1 de Meghan Markle, \u00bfvestir\u00e1 Burberry? | Grazia M\u00e9xico y Latinoam\u00e9rica","description":"Todo parece indicar que Doria Ragland vestir\u00e1 Burberry para el d\u00eda especial de su hija. Pero no estamos del todo seguros si esta fue una de las t\u00edpicas t\u00e9cnicas para despistarnos.","robots":{"index":"index","follow":"follow","max-snippet":"max-snippet:-1","max-image-preview":"max-image-preview:large","max-video-preview":"max-video-preview:-1"},"canonical":"https:\/\/graziamagazine.com\/mx\/articles\/acaso-la-mama-de-meghan-markle-vestira-burberry\/","og_locale":"es_MX","og_type":"article","og_title":"Acaso la mam\u00e1 de Meghan Markle, \u00bfvestir\u00e1 Burberry?","og_description":"Todo parece indicar que Doria Ragland vestir\u00e1 Burberry para el d\u00eda especial de su hija. Pero no estamos del todo seguros si esta fue una de las t\u00edpicas t\u00e9cnicas para despistarnos.","og_url":"https:\/\/graziamagazine.com\/mx\/articles\/acaso-la-mama-de-meghan-markle-vestira-burberry\/","og_site_name":"Grazia M\u00e9xico y Latinoam\u00e9rica","article_modified_time":"2018-05-16T21:22:27+00:00","og_image":[{"width":768,"height":513,"url":"https:\/\/graziamagazine.com\/mx\/wp-content\/uploads\/sites\/13\/2018\/05\/acaso-la-mama-de-meghan-markle-vestira-burberry-destacada.jpg?fit=768%2C513","type":"image\/jpeg"}],"twitter_card":"summary_large_image","twitter_misc":{"Est. reading time":"2 minutos"},"schema":{"@context":"https:\/\/schema.org","@graph":[{"@type":"WebPage","@id":"https:\/\/graziamagazine.com\/mx\/articles\/acaso-la-mama-de-meghan-markle-vestira-burberry\/","url":"https:\/\/graziamagazine.com\/mx\/articles\/acaso-la-mama-de-meghan-markle-vestira-burberry\/","name":"Acaso la mam\u00e1 de Meghan Markle, \u00bfvestir\u00e1 Burberry? | Grazia M\u00e9xico y Latinoam\u00e9rica","isPartOf":{"@id":"https:\/\/graziamagazine.com\/mx\/#website"},"datePublished":"2018-05-16T21:21:06+00:00","dateModified":"2018-05-16T21:22:27+00:00","description":"Todo parece indicar que Doria Ragland vestir\u00e1 Burberry para el d\u00eda especial de su hija. Pero no estamos del todo seguros si esta fue una de las t\u00edpicas t\u00e9cnicas para despistarnos.","breadcrumb":{"@id":"https:\/\/graziamagazine.com\/mx\/articles\/acaso-la-mama-de-meghan-markle-vestira-burberry\/#breadcrumb"},"inLanguage":"es-MX","potentialAction":[{"@type":"ReadAction","target":["https:\/\/graziamagazine.com\/mx\/articles\/acaso-la-mama-de-meghan-markle-vestira-burberry\/"]}]},{"@type":"BreadcrumbList","@id":"https:\/\/graziamagazine.com\/mx\/articles\/acaso-la-mama-de-meghan-markle-vestira-burberry\/#breadcrumb","itemListElement":[{"@type":"ListItem","position":1,"name":"Home","item":"https:\/\/graziamagazine.com\/mx\/"},{"@type":"ListItem","position":2,"name":"Acaso la mam\u00e1 de Meghan Markle, \u00bfvestir\u00e1 Burberry?"}]},{"@type":"WebSite","@id":"https:\/\/graziamagazine.com\/mx\/#website","url":"https:\/\/graziamagazine.com\/mx\/","name":"Grazia M\u00e9xico y Latinoam\u00e9rica","description":"Grazia es moda, belleza y noticias  de actualidad ","potentialAction":[{"@type":"SearchAction","target":{"@type":"EntryPoint","urlTemplate":"https:\/\/graziamagazine.com\/mx\/?s={search_term_string}"},"query-input":"required name=search_term_string"}],"inLanguage":"es-MX"}]}},"jetpack_sharing_enabled":true,"distributor_meta":false,"distributor_terms":false,"distributor_media":false,"distributor_original_site_name":"Grazia M\u00e9xico y Latinoam\u00e9rica","distributor_original_site_url":"https:\/\/graziamagazine.com\/mx","push-errors":false,"_links":{"self":[{"href":"https:\/\/graziamagazine.com\/mx\/wp-json\/wp\/v2\/articles\/49904"}],"collection":[{"href":"https:\/\/graziamagazine.com\/mx\/wp-json\/wp\/v2\/articles"}],"about":[{"href":"https:\/\/graziamagazine.com\/mx\/wp-json\/wp\/v2\/types\/articles"}],"author":[{"embeddable":true,"href":"https:\/\/graziamagazine.com\/mx\/wp-json\/wp\/v2\/users\/11636"}],"wp:featuredmedia":[{"embeddable":true,"href":"https:\/\/graziamagazine.com\/mx\/wp-json\/wp\/v2\/media\/49906"}],"wp:attachment":[{"href":"https:\/\/graziamagazine.com\/mx\/wp-json\/wp\/v2\/media?parent=49904"}],"wp:term":[{"taxonomy":"category","embeddable":true,"href":"https:\/\/graziamagazine.com\/mx\/wp-json\/wp\/v2\/categories?post=49904"}],"curies":[{"name":"wp","href":"https:\/\/api.w.org\/{rel}","templated":true}]}}