{"id":49157,"date":"2018-05-07T12:07:58","date_gmt":"2018-05-07T17:07:58","guid":{"rendered":"https:\/\/graziamagazine.com\/mx\/?p=49157"},"modified":"2018-05-07T14:53:26","modified_gmt":"2018-05-07T19:53:26","slug":"asi-fue-como-andrew-bolton-logro-que-el-vaticano-se-uniera-a-la-exhibicion-del-met","status":"publish","type":"articles","link":"https:\/\/graziamagazine.com\/mx\/articles\/asi-fue-como-andrew-bolton-logro-que-el-vaticano-se-uniera-a-la-exhibicion-del-met\/","title":{"rendered":"As\u00ed fue c\u00f3mo Andrew Bolton logr\u00f3 que el Vaticano se uniera a la exhibici\u00f3n del Met"},"content":{"rendered":"<p><b>Quiz\u00e1 te sea imposible creerlo, pero conseguir la aprobaci\u00f3n del Vaticano para \u201cHeavenly Bodies: Fashion and the Catholic Imagination\u201d, no fue tarea f\u00e1cil para Andrew Bolton.<\/b><!--more-->Hoy es el d\u00eda m\u00e1s esperado en la industria de la moda. Todos se unen para celebrar la exhibici\u00f3n del <b><i>Anna Wintour Costume Center<\/i><\/b>, misma que tratar\u00e1 de la divina relaci\u00f3n entre la moda y la religi\u00f3n Cat\u00f3lica. Pero, \u00bfc\u00f3mo fue que <b>Andrew Bolton<\/b> logr\u00f3 que el Vaticano se uniera a la celebraci\u00f3n?<\/p>\n<p>En un reciente art\u00edculo escrito por <b>Jason Horowitz<\/b> de <i>The New York Times<\/i>, el periodista <a href=\"https:\/\/www.nytimes.com\/2018\/05\/03\/fashion\/heavenly-bodies-met-gala-vatican.html?rref=collection%2Fsectioncollection%2Ffashion&amp;action=click&amp;contentCollection=fashion&amp;region=rank&amp;module=package&amp;version=highlights&amp;contentPlacement=4&amp;pgtype=sectionfront\" target=\"_blank\" rel=\"noopener\" target=\"_blank\">cuenta a detalle<\/a> lo que tuvo que pasar Andrew Bolton para conseguir que m\u00e1s de 40 piezas del Vaticano, incluyendo el ropaje papal, viajaran hasta Nueva York.<\/p>\n<p>Si bien, y como muchos imaginamos, el punto de partida de esta exhibici\u00f3n no era el catolicismo en espec\u00edfico. En realidad, la afici\u00f3n de Bolton estaba dirigida a la religi\u00f3n en general. Sin embargo, y como narra Horowitz en su pieza, luego de haber visitado el Vaticano y reunirse con el Prefecto de la Casa Pontificia, Georg G\u00e4nswein, <i>Heavenly Bodies<\/i> comenz\u00f3 a tomar forma.<\/p>\n<p>La traves\u00eda fue ardua, diez viajes a Roma para ser exactos. Al principio solo ocho piezas de la colecci\u00f3n papal iban a ser trasladadas. Entre los divinos objetos se encuentra una tiara con 18,000 diamantes y 19,000 piedras preciosas, misma que viajar\u00e1 con su propio hombre de seguridad.<\/p>\n<p><iframe loading=\"lazy\" src=\"https:\/\/players.brightcove.net\/911432378001\/SkBUku4V_default\/index.html?videoId=5746132517001\" width=\"300\" height=\"150\" frameborder=\"0\"><\/iframe><\/p>\n<p>Para muchos, cuestionar la Iglesia es parte de sus ideales, pero para otros, Bolton incluido, la religi\u00f3n Cat\u00f3lica esconde tesoros que marcan el principio de la humanidad, y la verdadera afici\u00f3n por la moda \u2014los opulentos ropajes eran una manera de imponer autoridad.<\/p>\n<p>A partir de la autonom\u00eda de la moda como una industria dedicada a crear la vestimenta de la sociedad, en principio para aquellos que pertenec\u00edan a la clase alta, la religi\u00f3n siempre ha sido un referente importante en la toma de decisiones. Durante las \u00faltimas d\u00e9cadas del siglo XX y principios del siglo XXI, los dise\u00f1adores comenzaron a indagar en el tema que los llev\u00f3 a resultados extraordinarios, que a la vez fueron calificados como inmorales \u2014la colecci\u00f3n <i>haute couture<\/i> AW00 de John Galliano para Dior es uno de los ejemplos m\u00e1s literales.<\/p>\n<p>Trazando e hilando la historia, Bolton consigui\u00f3, en un principio, la atenci\u00f3n y luego la aprobaci\u00f3n de la Iglesia Cat\u00f3lica. En una pregunta que jam\u00e1s hubi\u00e9ramos imaginado, el curador logr\u00f3 mostrar al p\u00fablico el verdadero significado de la moda en t\u00e9rminos divinos. Como comenta en un episodio de <i>Art of Style<\/i>: \u201cEl pasado informa al presente y el presente revive el pasado\u201d.<\/p>\n<p><strong><em>#MetHeavenlyBodies<\/em><\/strong><\/p>\n<h5><em>*IMAGEN: Cortes\u00eda de\u00a0Metropolitan Museum of Art<\/em><\/h5>\n","protected":false},"author":11641,"featured_media":49162,"template":"","format":"standard","categories":[4],"acf":[],"yoast_head":"<!-- This site is optimized with the Yoast SEO Premium plugin v18.5 (Yoast SEO v20.4) - https:\/\/yoast.com\/wordpress\/plugins\/seo\/ -->\n<title>As\u00ed fue c\u00f3mo Andrew Bolton logr\u00f3 que el Vaticano se uniera a la exhibici\u00f3n del Met | Grazia M\u00e9xico y Latinoam\u00e9rica<\/title>\n<meta name=\"description\" content=\"Quiz\u00e1 te sea imposible creerlo, pero conseguir la aprobaci\u00f3n del Vaticano para \u201cHeavenly Bodies: Fashion and the Catholic Imagination\u201d, no fue tarea f\u00e1cil para Andrew Bolton.\" \/>\n<meta name=\"robots\" content=\"index, follow, max-snippet:-1, max-image-preview:large, max-video-preview:-1\" \/>\n<link rel=\"canonical\" href=\"https:\/\/graziamagazine.com\/mx\/articles\/asi-fue-como-andrew-bolton-logro-que-el-vaticano-se-uniera-a-la-exhibicion-del-met\/\" \/>\n<meta property=\"og:locale\" content=\"es_MX\" \/>\n<meta property=\"og:type\" content=\"article\" \/>\n<meta property=\"og:title\" content=\"As\u00ed fue c\u00f3mo Andrew Bolton logr\u00f3 que el Vaticano se uniera a la exhibici\u00f3n del Met\" \/>\n<meta property=\"og:description\" content=\"Quiz\u00e1 te sea imposible creerlo, pero conseguir la aprobaci\u00f3n del Vaticano para \u201cHeavenly Bodies: Fashion and the Catholic Imagination\u201d, no fue tarea f\u00e1cil para Andrew Bolton.\" \/>\n<meta property=\"og:url\" content=\"https:\/\/graziamagazine.com\/mx\/articles\/asi-fue-como-andrew-bolton-logro-que-el-vaticano-se-uniera-a-la-exhibicion-del-met\/\" \/>\n<meta property=\"og:site_name\" content=\"Grazia M\u00e9xico y Latinoam\u00e9rica\" \/>\n<meta property=\"article:modified_time\" content=\"2018-05-07T19:53:26+00:00\" \/>\n<meta property=\"og:image\" content=\"https:\/\/graziamagazine.com\/mx\/wp-content\/uploads\/sites\/13\/2018\/05\/asi-fue-como-andrew-bolton-logro-que-el-vaticano-se-uniera-a-la-exhibicion-del-met-destacada.jpg?fit=1320%2C947\" \/>\n\t<meta property=\"og:image:width\" content=\"1320\" \/>\n\t<meta property=\"og:image:height\" content=\"947\" \/>\n\t<meta property=\"og:image:type\" content=\"image\/jpeg\" \/>\n<meta name=\"twitter:card\" content=\"summary_large_image\" \/>\n<meta name=\"twitter:label1\" content=\"Est. reading time\" \/>\n\t<meta name=\"twitter:data1\" content=\"2 minutos\" \/>\n<script type=\"application\/ld+json\" class=\"yoast-schema-graph\">{\"@context\":\"https:\/\/schema.org\",\"@graph\":[{\"@type\":\"WebPage\",\"@id\":\"https:\/\/graziamagazine.com\/mx\/articles\/asi-fue-como-andrew-bolton-logro-que-el-vaticano-se-uniera-a-la-exhibicion-del-met\/\",\"url\":\"https:\/\/graziamagazine.com\/mx\/articles\/asi-fue-como-andrew-bolton-logro-que-el-vaticano-se-uniera-a-la-exhibicion-del-met\/\",\"name\":\"As\u00ed fue c\u00f3mo Andrew Bolton logr\u00f3 que el Vaticano se uniera a la exhibici\u00f3n del Met | Grazia M\u00e9xico y Latinoam\u00e9rica\",\"isPartOf\":{\"@id\":\"https:\/\/graziamagazine.com\/mx\/#website\"},\"datePublished\":\"2018-05-07T17:07:58+00:00\",\"dateModified\":\"2018-05-07T19:53:26+00:00\",\"description\":\"Quiz\u00e1 te sea imposible creerlo, pero conseguir la aprobaci\u00f3n del Vaticano para \u201cHeavenly Bodies: Fashion and the Catholic Imagination\u201d, no fue tarea f\u00e1cil para Andrew Bolton.\",\"breadcrumb\":{\"@id\":\"https:\/\/graziamagazine.com\/mx\/articles\/asi-fue-como-andrew-bolton-logro-que-el-vaticano-se-uniera-a-la-exhibicion-del-met\/#breadcrumb\"},\"inLanguage\":\"es-MX\",\"potentialAction\":[{\"@type\":\"ReadAction\",\"target\":[\"https:\/\/graziamagazine.com\/mx\/articles\/asi-fue-como-andrew-bolton-logro-que-el-vaticano-se-uniera-a-la-exhibicion-del-met\/\"]}]},{\"@type\":\"BreadcrumbList\",\"@id\":\"https:\/\/graziamagazine.com\/mx\/articles\/asi-fue-como-andrew-bolton-logro-que-el-vaticano-se-uniera-a-la-exhibicion-del-met\/#breadcrumb\",\"itemListElement\":[{\"@type\":\"ListItem\",\"position\":1,\"name\":\"Home\",\"item\":\"https:\/\/graziamagazine.com\/mx\/\"},{\"@type\":\"ListItem\",\"position\":2,\"name\":\"As\u00ed fue c\u00f3mo Andrew Bolton logr\u00f3 que el Vaticano se uniera a la exhibici\u00f3n del Met\"}]},{\"@type\":\"WebSite\",\"@id\":\"https:\/\/graziamagazine.com\/mx\/#website\",\"url\":\"https:\/\/graziamagazine.com\/mx\/\",\"name\":\"Grazia M\u00e9xico y Latinoam\u00e9rica\",\"description\":\"Grazia es moda, belleza y noticias  de actualidad \",\"potentialAction\":[{\"@type\":\"SearchAction\",\"target\":{\"@type\":\"EntryPoint\",\"urlTemplate\":\"https:\/\/graziamagazine.com\/mx\/?s={search_term_string}\"},\"query-input\":\"required name=search_term_string\"}],\"inLanguage\":\"es-MX\"}]}<\/script>\n<!-- \/ Yoast SEO Premium plugin. -->","yoast_head_json":{"title":"As\u00ed fue c\u00f3mo Andrew Bolton logr\u00f3 que el Vaticano se uniera a la exhibici\u00f3n del Met | Grazia M\u00e9xico y Latinoam\u00e9rica","description":"Quiz\u00e1 te sea imposible creerlo, pero conseguir la aprobaci\u00f3n del Vaticano para \u201cHeavenly Bodies: Fashion and the Catholic Imagination\u201d, no fue tarea f\u00e1cil para Andrew Bolton.","robots":{"index":"index","follow":"follow","max-snippet":"max-snippet:-1","max-image-preview":"max-image-preview:large","max-video-preview":"max-video-preview:-1"},"canonical":"https:\/\/graziamagazine.com\/mx\/articles\/asi-fue-como-andrew-bolton-logro-que-el-vaticano-se-uniera-a-la-exhibicion-del-met\/","og_locale":"es_MX","og_type":"article","og_title":"As\u00ed fue c\u00f3mo Andrew Bolton logr\u00f3 que el Vaticano se uniera a la exhibici\u00f3n del Met","og_description":"Quiz\u00e1 te sea imposible creerlo, pero conseguir la aprobaci\u00f3n del Vaticano para \u201cHeavenly Bodies: Fashion and the Catholic Imagination\u201d, no fue tarea f\u00e1cil para Andrew Bolton.","og_url":"https:\/\/graziamagazine.com\/mx\/articles\/asi-fue-como-andrew-bolton-logro-que-el-vaticano-se-uniera-a-la-exhibicion-del-met\/","og_site_name":"Grazia M\u00e9xico y Latinoam\u00e9rica","article_modified_time":"2018-05-07T19:53:26+00:00","og_image":[{"width":1320,"height":947,"url":"https:\/\/graziamagazine.com\/mx\/wp-content\/uploads\/sites\/13\/2018\/05\/asi-fue-como-andrew-bolton-logro-que-el-vaticano-se-uniera-a-la-exhibicion-del-met-destacada.jpg?fit=1320%2C947","type":"image\/jpeg"}],"twitter_card":"summary_large_image","twitter_misc":{"Est. reading time":"2 minutos"},"schema":{"@context":"https:\/\/schema.org","@graph":[{"@type":"WebPage","@id":"https:\/\/graziamagazine.com\/mx\/articles\/asi-fue-como-andrew-bolton-logro-que-el-vaticano-se-uniera-a-la-exhibicion-del-met\/","url":"https:\/\/graziamagazine.com\/mx\/articles\/asi-fue-como-andrew-bolton-logro-que-el-vaticano-se-uniera-a-la-exhibicion-del-met\/","name":"As\u00ed fue c\u00f3mo Andrew Bolton logr\u00f3 que el Vaticano se uniera a la exhibici\u00f3n del Met | Grazia M\u00e9xico y Latinoam\u00e9rica","isPartOf":{"@id":"https:\/\/graziamagazine.com\/mx\/#website"},"datePublished":"2018-05-07T17:07:58+00:00","dateModified":"2018-05-07T19:53:26+00:00","description":"Quiz\u00e1 te sea imposible creerlo, pero conseguir la aprobaci\u00f3n del Vaticano para \u201cHeavenly Bodies: Fashion and the Catholic Imagination\u201d, no fue tarea f\u00e1cil para Andrew Bolton.","breadcrumb":{"@id":"https:\/\/graziamagazine.com\/mx\/articles\/asi-fue-como-andrew-bolton-logro-que-el-vaticano-se-uniera-a-la-exhibicion-del-met\/#breadcrumb"},"inLanguage":"es-MX","potentialAction":[{"@type":"ReadAction","target":["https:\/\/graziamagazine.com\/mx\/articles\/asi-fue-como-andrew-bolton-logro-que-el-vaticano-se-uniera-a-la-exhibicion-del-met\/"]}]},{"@type":"BreadcrumbList","@id":"https:\/\/graziamagazine.com\/mx\/articles\/asi-fue-como-andrew-bolton-logro-que-el-vaticano-se-uniera-a-la-exhibicion-del-met\/#breadcrumb","itemListElement":[{"@type":"ListItem","position":1,"name":"Home","item":"https:\/\/graziamagazine.com\/mx\/"},{"@type":"ListItem","position":2,"name":"As\u00ed fue c\u00f3mo Andrew Bolton logr\u00f3 que el Vaticano se uniera a la exhibici\u00f3n del Met"}]},{"@type":"WebSite","@id":"https:\/\/graziamagazine.com\/mx\/#website","url":"https:\/\/graziamagazine.com\/mx\/","name":"Grazia M\u00e9xico y Latinoam\u00e9rica","description":"Grazia es moda, belleza y noticias  de actualidad ","potentialAction":[{"@type":"SearchAction","target":{"@type":"EntryPoint","urlTemplate":"https:\/\/graziamagazine.com\/mx\/?s={search_term_string}"},"query-input":"required name=search_term_string"}],"inLanguage":"es-MX"}]}},"jetpack_sharing_enabled":true,"distributor_meta":false,"distributor_terms":false,"distributor_media":false,"distributor_original_site_name":"Grazia M\u00e9xico y Latinoam\u00e9rica","distributor_original_site_url":"https:\/\/graziamagazine.com\/mx","push-errors":false,"_links":{"self":[{"href":"https:\/\/graziamagazine.com\/mx\/wp-json\/wp\/v2\/articles\/49157"}],"collection":[{"href":"https:\/\/graziamagazine.com\/mx\/wp-json\/wp\/v2\/articles"}],"about":[{"href":"https:\/\/graziamagazine.com\/mx\/wp-json\/wp\/v2\/types\/articles"}],"author":[{"embeddable":true,"href":"https:\/\/graziamagazine.com\/mx\/wp-json\/wp\/v2\/users\/11641"}],"wp:featuredmedia":[{"embeddable":true,"href":"https:\/\/graziamagazine.com\/mx\/wp-json\/wp\/v2\/media\/49162"}],"wp:attachment":[{"href":"https:\/\/graziamagazine.com\/mx\/wp-json\/wp\/v2\/media?parent=49157"}],"wp:term":[{"taxonomy":"category","embeddable":true,"href":"https:\/\/graziamagazine.com\/mx\/wp-json\/wp\/v2\/categories?post=49157"}],"curies":[{"name":"wp","href":"https:\/\/api.w.org\/{rel}","templated":true}]}}