{"id":46592,"date":"2018-03-21T16:14:58","date_gmt":"2018-03-21T22:14:58","guid":{"rendered":"https:\/\/graziamagazine.com\/mx\/?p=46592"},"modified":"2018-03-22T09:33:47","modified_gmt":"2018-03-22T15:33:47","slug":"eva-medes-conquista-mexico","status":"publish","type":"articles","link":"https:\/\/graziamagazine.com\/mx\/articles\/eva-medes-conquista-mexico\/","title":{"rendered":"Eva Mendes conquista M\u00e9xico"},"content":{"rendered":"<p><strong>Una vez m\u00e1s Eva Mendes trabaja de la mano de Avon para crear una nueva fragancia, <em>Eve Duet<\/em>, la primer esencia 2 en 1 de la firma neoyorquina, y el pretexto ideal para una visita expr\u00e9s a la Ciudad de M\u00e9xico.<\/strong><!--more--><\/p>\n<p><img loading=\"lazy\" decoding=\"async\" class=\"wp-image-46593 size-large aligncenter\" src=\"https:\/\/graziamagazine.com\/mx\/wp-content\/uploads\/sites\/13\/2018\/03\/REL1600-700x1050.jpg\" alt=\"\" width=\"683\" height=\"1024\" \/><\/p>\n<p>Con una gran sonrisa y una superactitud Eva Mendes se present\u00f3 ante la prensa mexicana el d\u00eda de ayer. Enfundada en un vestido estampado de un solo hombro y con un turbante en la cabeza, Mendes confes\u00f3 apenada que su espa\u00f1ol es \u201chorrible\u201d.<\/p>\n<p>\u201cPor favor, un poquito de paciencia. Yo nac\u00ed en Miami y me cri\u00e9 en Los \u00c1ngeles con padres cubanos siempre hablando espa\u00f1ol, pero yo contestando en ingl\u00e9s, hablando spanglish, mi espa\u00f1ol es mal\u00edsimo, \u00bfhorrible?, no s\u00e9 c\u00f3mo decirlo\u201d, expres\u00f3 con soltura la actriz norteamericana.<\/p>\n<p>Desde hace algunos a\u00f1os la actriz ha puesto en <em>stand by<\/em> su carrera para dedicarse a sus dos hijas \u2013Esmeralda y Amada\u2013, y a Ryan Gosling, su pareja desde 2011. Sin embargo, el alejarse de las c\u00e1maras no la ha separado de la moda ni la belleza, actualmente dise\u00f1a ropa y accesorios para New York &amp; Company, tiene una hermosa l\u00ednea de cosm\u00e9ticos <em>cruelty-free<\/em> llamada CIRCA y no duda un segundo en colaborar con Avon.<\/p>\n<p>&#8220;Es realmente un honor colaborar con una Compa\u00f1\u00eda que ha entendido y empoderado a las mujeres durante tantos a\u00f1os. Me encanta conectarme con mujeres, especialmente viniendo de una gran familia de mujeres. Me gusta ser creativa y experimentar con la moda y el maquillaje, as\u00ed que ser capaz de expresarme libremente y celebrar mi individualidad a trav\u00e9s de una fragancia es divertido. Los aromas juegan un papel importante en mi vida y disfruto de experimentar con diferentes combinaciones radiantes y sensuales para reflejar mis diferentes estados de \u00e1nimo\u201d coment\u00f3.<\/p>\n<p><em>Eve Duet<\/em> es la primer fragancia doble que lanza la marca neoyorquina, dos aromas para crear diversas combinaciones. Un perfume que no se ata a una sola faceta, sino que permite expresar m\u00faltiples estados de \u00e1nimo. Eva Mendes es la embajadora e imagen de este lanzamiento, encarna a la perfecci\u00f3n el rol de la mujer moderna, multifac\u00e9tica y empoderada.<\/p>\n<p>\u201cLa fragancia es muy importante para mi, porque eso queda en mi memoria, es la primera impresi\u00f3n que tengo de algunas cosas, en mi recuerdo; tengo presente el olor de la comida de mi mami o el de un <em>roll-on<\/em> de violetas que me pon\u00edan cuando yo era una <em>baby<\/em>, y si lo huelo ahora, siento que tengo dos o tres a\u00f1itos. Los olores tienen mucho poder, yo puedo salir de casa sin hacerme el pelo, sin maquillarme, pero no me voy sin un poquito de fragancia\u201d, destac\u00f3 la tambi\u00e9n modelo.<\/p>\n<p><em>Eve Duet<\/em> es una fragancia doble (<em>Eve Radiant <\/em>y <em>Eve Sensual<\/em>), fue creada por el perfumista Jean-Marc Chaillan de Flavors &amp; Fragances; es de larga duraci\u00f3n y ambas comparten el jazm\u00edn y el nen\u00fafar como notas.<\/p>\n<p>&nbsp;<\/p>\n<p><img loading=\"lazy\" decoding=\"async\" class=\"wp-image-46594 size-large aligncenter\" src=\"https:\/\/graziamagazine.com\/mx\/wp-content\/uploads\/sites\/13\/2018\/03\/PFFGD_003_SP_1193155MAY2517_B-700x568.jpg\" alt=\"\" width=\"700\" height=\"568\" \/><\/p>\n<p>&nbsp;<\/p>\n<p><em>Eve Duet<\/em>, <strong>Avon<\/strong>, $389, avon.mx<\/p>\n","protected":false},"author":11631,"featured_media":46595,"template":"","format":"standard","categories":[2],"acf":[],"yoast_head":"<!-- This site is optimized with the Yoast SEO Premium plugin v18.5 (Yoast SEO v20.4) - https:\/\/yoast.com\/wordpress\/plugins\/seo\/ -->\n<title>Eva Mendes conquista M\u00e9xico | Grazia M\u00e9xico y Latinoam\u00e9rica<\/title>\n<meta name=\"description\" content=\"Una vez m\u00e1s Eva Mendes trabaja de la mano de Avon para crear una nueva fragancia, Eve Duet, la primer esencia 2 en 1 de la firma neoyorquina, y el pretexto ideal para una visita expr\u00e9s a la Ciudad de M\u00e9xico.\" \/>\n<meta name=\"robots\" content=\"index, follow, max-snippet:-1, max-image-preview:large, max-video-preview:-1\" \/>\n<link rel=\"canonical\" href=\"https:\/\/graziamagazine.com\/mx\/articles\/eva-medes-conquista-mexico\/\" \/>\n<meta property=\"og:locale\" content=\"es_MX\" \/>\n<meta property=\"og:type\" content=\"article\" \/>\n<meta property=\"og:title\" content=\"Eva Mendes conquista M\u00e9xico\" \/>\n<meta property=\"og:description\" content=\"Una vez m\u00e1s Eva Mendes trabaja de la mano de Avon para crear una nueva fragancia, Eve Duet, la primer esencia 2 en 1 de la firma neoyorquina, y el pretexto ideal para una visita expr\u00e9s a la Ciudad de M\u00e9xico.\" \/>\n<meta property=\"og:url\" content=\"https:\/\/graziamagazine.com\/mx\/articles\/eva-medes-conquista-mexico\/\" \/>\n<meta property=\"og:site_name\" content=\"Grazia M\u00e9xico y Latinoam\u00e9rica\" \/>\n<meta property=\"article:modified_time\" content=\"2018-03-22T15:33:47+00:00\" \/>\n<meta property=\"og:image\" content=\"https:\/\/graziamagazine.com\/mx\/wp-content\/uploads\/sites\/13\/2018\/03\/REL1847.jpg?fit=3000%2C2000\" \/>\n\t<meta property=\"og:image:width\" content=\"3000\" \/>\n\t<meta property=\"og:image:height\" content=\"2000\" \/>\n\t<meta property=\"og:image:type\" content=\"image\/jpeg\" \/>\n<meta name=\"twitter:card\" content=\"summary_large_image\" \/>\n<meta name=\"twitter:label1\" content=\"Est. reading time\" \/>\n\t<meta name=\"twitter:data1\" content=\"3 minutos\" \/>\n<script type=\"application\/ld+json\" class=\"yoast-schema-graph\">{\"@context\":\"https:\/\/schema.org\",\"@graph\":[{\"@type\":\"WebPage\",\"@id\":\"https:\/\/graziamagazine.com\/mx\/articles\/eva-medes-conquista-mexico\/\",\"url\":\"https:\/\/graziamagazine.com\/mx\/articles\/eva-medes-conquista-mexico\/\",\"name\":\"Eva Mendes conquista M\u00e9xico | Grazia M\u00e9xico y Latinoam\u00e9rica\",\"isPartOf\":{\"@id\":\"https:\/\/graziamagazine.com\/mx\/#website\"},\"datePublished\":\"2018-03-21T22:14:58+00:00\",\"dateModified\":\"2018-03-22T15:33:47+00:00\",\"description\":\"Una vez m\u00e1s Eva Mendes trabaja de la mano de Avon para crear una nueva fragancia, Eve Duet, la primer esencia 2 en 1 de la firma neoyorquina, y el pretexto ideal para una visita expr\u00e9s a la Ciudad de M\u00e9xico.\",\"breadcrumb\":{\"@id\":\"https:\/\/graziamagazine.com\/mx\/articles\/eva-medes-conquista-mexico\/#breadcrumb\"},\"inLanguage\":\"es-MX\",\"potentialAction\":[{\"@type\":\"ReadAction\",\"target\":[\"https:\/\/graziamagazine.com\/mx\/articles\/eva-medes-conquista-mexico\/\"]}]},{\"@type\":\"BreadcrumbList\",\"@id\":\"https:\/\/graziamagazine.com\/mx\/articles\/eva-medes-conquista-mexico\/#breadcrumb\",\"itemListElement\":[{\"@type\":\"ListItem\",\"position\":1,\"name\":\"Home\",\"item\":\"https:\/\/graziamagazine.com\/mx\/\"},{\"@type\":\"ListItem\",\"position\":2,\"name\":\"Eva Mendes conquista M\u00e9xico\"}]},{\"@type\":\"WebSite\",\"@id\":\"https:\/\/graziamagazine.com\/mx\/#website\",\"url\":\"https:\/\/graziamagazine.com\/mx\/\",\"name\":\"Grazia M\u00e9xico y Latinoam\u00e9rica\",\"description\":\"Grazia es moda, belleza y noticias  de actualidad \",\"potentialAction\":[{\"@type\":\"SearchAction\",\"target\":{\"@type\":\"EntryPoint\",\"urlTemplate\":\"https:\/\/graziamagazine.com\/mx\/?s={search_term_string}\"},\"query-input\":\"required name=search_term_string\"}],\"inLanguage\":\"es-MX\"}]}<\/script>\n<!-- \/ Yoast SEO Premium plugin. -->","yoast_head_json":{"title":"Eva Mendes conquista M\u00e9xico | Grazia M\u00e9xico y Latinoam\u00e9rica","description":"Una vez m\u00e1s Eva Mendes trabaja de la mano de Avon para crear una nueva fragancia, Eve Duet, la primer esencia 2 en 1 de la firma neoyorquina, y el pretexto ideal para una visita expr\u00e9s a la Ciudad de M\u00e9xico.","robots":{"index":"index","follow":"follow","max-snippet":"max-snippet:-1","max-image-preview":"max-image-preview:large","max-video-preview":"max-video-preview:-1"},"canonical":"https:\/\/graziamagazine.com\/mx\/articles\/eva-medes-conquista-mexico\/","og_locale":"es_MX","og_type":"article","og_title":"Eva Mendes conquista M\u00e9xico","og_description":"Una vez m\u00e1s Eva Mendes trabaja de la mano de Avon para crear una nueva fragancia, Eve Duet, la primer esencia 2 en 1 de la firma neoyorquina, y el pretexto ideal para una visita expr\u00e9s a la Ciudad de M\u00e9xico.","og_url":"https:\/\/graziamagazine.com\/mx\/articles\/eva-medes-conquista-mexico\/","og_site_name":"Grazia M\u00e9xico y Latinoam\u00e9rica","article_modified_time":"2018-03-22T15:33:47+00:00","og_image":[{"width":3000,"height":2000,"url":"https:\/\/graziamagazine.com\/mx\/wp-content\/uploads\/sites\/13\/2018\/03\/REL1847.jpg?fit=3000%2C2000","type":"image\/jpeg"}],"twitter_card":"summary_large_image","twitter_misc":{"Est. reading time":"3 minutos"},"schema":{"@context":"https:\/\/schema.org","@graph":[{"@type":"WebPage","@id":"https:\/\/graziamagazine.com\/mx\/articles\/eva-medes-conquista-mexico\/","url":"https:\/\/graziamagazine.com\/mx\/articles\/eva-medes-conquista-mexico\/","name":"Eva Mendes conquista M\u00e9xico | Grazia M\u00e9xico y Latinoam\u00e9rica","isPartOf":{"@id":"https:\/\/graziamagazine.com\/mx\/#website"},"datePublished":"2018-03-21T22:14:58+00:00","dateModified":"2018-03-22T15:33:47+00:00","description":"Una vez m\u00e1s Eva Mendes trabaja de la mano de Avon para crear una nueva fragancia, Eve Duet, la primer esencia 2 en 1 de la firma neoyorquina, y el pretexto ideal para una visita expr\u00e9s a la Ciudad de M\u00e9xico.","breadcrumb":{"@id":"https:\/\/graziamagazine.com\/mx\/articles\/eva-medes-conquista-mexico\/#breadcrumb"},"inLanguage":"es-MX","potentialAction":[{"@type":"ReadAction","target":["https:\/\/graziamagazine.com\/mx\/articles\/eva-medes-conquista-mexico\/"]}]},{"@type":"BreadcrumbList","@id":"https:\/\/graziamagazine.com\/mx\/articles\/eva-medes-conquista-mexico\/#breadcrumb","itemListElement":[{"@type":"ListItem","position":1,"name":"Home","item":"https:\/\/graziamagazine.com\/mx\/"},{"@type":"ListItem","position":2,"name":"Eva Mendes conquista M\u00e9xico"}]},{"@type":"WebSite","@id":"https:\/\/graziamagazine.com\/mx\/#website","url":"https:\/\/graziamagazine.com\/mx\/","name":"Grazia M\u00e9xico y Latinoam\u00e9rica","description":"Grazia es moda, belleza y noticias  de actualidad ","potentialAction":[{"@type":"SearchAction","target":{"@type":"EntryPoint","urlTemplate":"https:\/\/graziamagazine.com\/mx\/?s={search_term_string}"},"query-input":"required name=search_term_string"}],"inLanguage":"es-MX"}]}},"jetpack_sharing_enabled":true,"distributor_meta":false,"distributor_terms":false,"distributor_media":false,"distributor_original_site_name":"Grazia M\u00e9xico y Latinoam\u00e9rica","distributor_original_site_url":"https:\/\/graziamagazine.com\/mx","push-errors":false,"_links":{"self":[{"href":"https:\/\/graziamagazine.com\/mx\/wp-json\/wp\/v2\/articles\/46592"}],"collection":[{"href":"https:\/\/graziamagazine.com\/mx\/wp-json\/wp\/v2\/articles"}],"about":[{"href":"https:\/\/graziamagazine.com\/mx\/wp-json\/wp\/v2\/types\/articles"}],"author":[{"embeddable":true,"href":"https:\/\/graziamagazine.com\/mx\/wp-json\/wp\/v2\/users\/11631"}],"wp:featuredmedia":[{"embeddable":true,"href":"https:\/\/graziamagazine.com\/mx\/wp-json\/wp\/v2\/media\/46595"}],"wp:attachment":[{"href":"https:\/\/graziamagazine.com\/mx\/wp-json\/wp\/v2\/media?parent=46592"}],"wp:term":[{"taxonomy":"category","embeddable":true,"href":"https:\/\/graziamagazine.com\/mx\/wp-json\/wp\/v2\/categories?post=46592"}],"curies":[{"name":"wp","href":"https:\/\/api.w.org\/{rel}","templated":true}]}}