{"id":4642,"date":"2016-08-18T10:10:12","date_gmt":"2016-08-18T16:10:12","guid":{"rendered":"https:\/\/graziamagazine.com\/mx\/?p=4642"},"modified":"2016-08-18T10:10:12","modified_gmt":"2016-08-18T16:10:12","slug":"louis-vuitton-lanza-su-primer-fragancia-en-70-anos","status":"publish","type":"articles","link":"https:\/\/graziamagazine.com\/mx\/articles\/louis-vuitton-lanza-su-primer-fragancia-en-70-anos\/","title":{"rendered":"LOUIS VUITTON LANZA SU PRIMER FRAGANCIA EN 70 A\u00d1OS"},"content":{"rendered":"<p><b>Una mini colecci\u00f3n de siete aromas\u00a0que narran un viaje por todo el mundo.<\/b><!--more--><\/p>\n<p><span style=\"font-weight: 400;\">La casa francesa ha hecho casi de todo, pero hasta ahora, s\u00f3lo quedaba<strong> un destello<\/strong> de su incursi\u00f3n en el mundo de la <strong>belleza<\/strong>. Tras <strong>70 a\u00f1os<\/strong> de haber lanzado su primer y \u00fanica <strong>fragancia<\/strong>, <strong>Louis Vuitton<\/strong> regresa con siete esencias ideadas por el maestro perfumista <strong>Jacques Cavallier Belletrud<\/strong>.<\/span><\/p>\n<p><span style=\"font-weight: 400;\">Sus olores provienen de todo el mundo y se encierran en peque\u00f1as botellas contenidas en un delicado y sofisticado empaque. El originario de <strong>Grasse<\/strong>, <strong>Francia<\/strong>, viaj\u00f3 a muchos destinos para encontrar inspiraci\u00f3n. <strong><em>\u201cRespirando la fragancia de lugares ex\u00f3ticos y materiales \u00fanicos, ha creado Les Parfums Louis Vuitton: un viaje de emociones\u201d<\/em><\/strong>, detalla el sitio oficial.<\/span><\/p>\n<p><span style=\"font-weight: 400;\"><strong>Rose des Vents, Turbulences, Dans la Peau, Apog\u00e9e, Contre Moi, Mati\u00e8re Noire y Mille Feux,<\/strong>\u00a0estar\u00e1n disponibles a partir de <strong>septiembre<\/strong> en boutiques <strong>Louis Vuitton<\/strong>.<\/span><\/p>\n<p><img loading=\"lazy\" decoding=\"async\" class=\"alignnone size-full wp-image-4644\" src=\"https:\/\/graziamagazine.com\/mx\/wp-content\/uploads\/sites\/13\/2016\/08\/louis-vuitton-les-parfums-louis-vuitton-la-coleccio\u0301n-LVNOW_PARFUM_DI3.jpg\" alt=\"louis-vuitton-les-parfums-louis-vuitton-la-coleccio\u0301n--LVNOW_PARFUM_DI3\" width=\"2000\" height=\"1125\" srcset=\"https:\/\/graziamagazine.com\/mx\/wp-content\/uploads\/sites\/13\/2016\/08\/louis-vuitton-les-parfums-louis-vuitton-la-coleccio\u0301n-LVNOW_PARFUM_DI3.jpg 2000w, https:\/\/graziamagazine.com\/mx\/wp-content\/uploads\/sites\/13\/2016\/08\/louis-vuitton-les-parfums-louis-vuitton-la-coleccio\u0301n-LVNOW_PARFUM_DI3.jpg?resize=450,253 450w, https:\/\/graziamagazine.com\/mx\/wp-content\/uploads\/sites\/13\/2016\/08\/louis-vuitton-les-parfums-louis-vuitton-la-coleccio\u0301n-LVNOW_PARFUM_DI3.jpg?resize=768,432 768w, https:\/\/graziamagazine.com\/mx\/wp-content\/uploads\/sites\/13\/2016\/08\/louis-vuitton-les-parfums-louis-vuitton-la-coleccio\u0301n-LVNOW_PARFUM_DI3.jpg?resize=1024,576 1024w, https:\/\/graziamagazine.com\/mx\/wp-content\/uploads\/sites\/13\/2016\/08\/louis-vuitton-les-parfums-louis-vuitton-la-coleccio\u0301n-LVNOW_PARFUM_DI3.jpg?resize=1536,864 1536w, https:\/\/graziamagazine.com\/mx\/wp-content\/uploads\/sites\/13\/2016\/08\/louis-vuitton-les-parfums-louis-vuitton-la-coleccio\u0301n-LVNOW_PARFUM_DI3.jpg?resize=155,87 155w\" sizes=\"(max-width: 2000px) 100vw, 2000px\" \/><\/p>\n<p><span style=\"font-weight: 400;\">\u00a1Estamos enamoradas!<\/span><\/p>\n<p>&nbsp;<\/p>\n","protected":false},"author":11636,"featured_media":4643,"template":"","format":"standard","categories":[3],"acf":[],"yoast_head":"<!-- This site is optimized with the Yoast SEO Premium plugin v18.5 (Yoast SEO v20.4) - https:\/\/yoast.com\/wordpress\/plugins\/seo\/ -->\n<title>LOUIS VUITTON LANZA SU PRIMER FRAGANCIA EN 70 A\u00d1OS | Grazia M\u00e9xico y Latinoam\u00e9rica<\/title>\n<meta name=\"description\" content=\"Una mini colecci\u00f3n de siete aromas\u00a0que narran un viaje por todo el mundo. La casa francesa ha hecho casi de todo, pero hasta ahora, s\u00f3lo quedaba un\" \/>\n<meta name=\"robots\" content=\"index, follow, max-snippet:-1, max-image-preview:large, max-video-preview:-1\" \/>\n<link rel=\"canonical\" href=\"https:\/\/graziamagazine.com\/mx\/articles\/louis-vuitton-lanza-su-primer-fragancia-en-70-anos\/\" \/>\n<meta property=\"og:locale\" content=\"es_MX\" \/>\n<meta property=\"og:type\" content=\"article\" \/>\n<meta property=\"og:title\" content=\"LOUIS VUITTON LANZA SU PRIMER FRAGANCIA EN 70 A\u00d1OS\" \/>\n<meta property=\"og:description\" content=\"Una mini colecci\u00f3n de siete aromas\u00a0que narran un viaje por todo el mundo. La casa francesa ha hecho casi de todo, pero hasta ahora, s\u00f3lo quedaba un\" \/>\n<meta property=\"og:url\" content=\"https:\/\/graziamagazine.com\/mx\/articles\/louis-vuitton-lanza-su-primer-fragancia-en-70-anos\/\" \/>\n<meta property=\"og:site_name\" content=\"Grazia M\u00e9xico y Latinoam\u00e9rica\" \/>\n<meta property=\"og:image\" content=\"https:\/\/graziamagazine.com\/mx\/wp-content\/uploads\/sites\/13\/2016\/08\/LVparfumescov.jpg?fit=835%2C341\" \/>\n\t<meta property=\"og:image:width\" content=\"835\" \/>\n\t<meta property=\"og:image:height\" content=\"341\" \/>\n\t<meta property=\"og:image:type\" content=\"image\/jpeg\" \/>\n<meta name=\"twitter:card\" content=\"summary_large_image\" \/>\n<meta name=\"twitter:label1\" content=\"Est. reading time\" \/>\n\t<meta name=\"twitter:data1\" content=\"1 minuto\" \/>\n<script type=\"application\/ld+json\" class=\"yoast-schema-graph\">{\"@context\":\"https:\/\/schema.org\",\"@graph\":[{\"@type\":\"WebPage\",\"@id\":\"https:\/\/graziamagazine.com\/mx\/articles\/louis-vuitton-lanza-su-primer-fragancia-en-70-anos\/\",\"url\":\"https:\/\/graziamagazine.com\/mx\/articles\/louis-vuitton-lanza-su-primer-fragancia-en-70-anos\/\",\"name\":\"LOUIS VUITTON LANZA SU PRIMER FRAGANCIA EN 70 A\u00d1OS | Grazia M\u00e9xico y Latinoam\u00e9rica\",\"isPartOf\":{\"@id\":\"https:\/\/graziamagazine.com\/mx\/#website\"},\"datePublished\":\"2016-08-18T16:10:12+00:00\",\"dateModified\":\"2016-08-18T16:10:12+00:00\",\"description\":\"Una mini colecci\u00f3n de siete aromas\u00a0que narran un viaje por todo el mundo. La casa francesa ha hecho casi de todo, pero hasta ahora, s\u00f3lo quedaba un\",\"breadcrumb\":{\"@id\":\"https:\/\/graziamagazine.com\/mx\/articles\/louis-vuitton-lanza-su-primer-fragancia-en-70-anos\/#breadcrumb\"},\"inLanguage\":\"es-MX\",\"potentialAction\":[{\"@type\":\"ReadAction\",\"target\":[\"https:\/\/graziamagazine.com\/mx\/articles\/louis-vuitton-lanza-su-primer-fragancia-en-70-anos\/\"]}]},{\"@type\":\"BreadcrumbList\",\"@id\":\"https:\/\/graziamagazine.com\/mx\/articles\/louis-vuitton-lanza-su-primer-fragancia-en-70-anos\/#breadcrumb\",\"itemListElement\":[{\"@type\":\"ListItem\",\"position\":1,\"name\":\"Home\",\"item\":\"https:\/\/graziamagazine.com\/mx\/\"},{\"@type\":\"ListItem\",\"position\":2,\"name\":\"LOUIS VUITTON LANZA SU PRIMER FRAGANCIA EN 70 A\u00d1OS\"}]},{\"@type\":\"WebSite\",\"@id\":\"https:\/\/graziamagazine.com\/mx\/#website\",\"url\":\"https:\/\/graziamagazine.com\/mx\/\",\"name\":\"Grazia M\u00e9xico y Latinoam\u00e9rica\",\"description\":\"Grazia es moda, belleza y noticias  de actualidad \",\"potentialAction\":[{\"@type\":\"SearchAction\",\"target\":{\"@type\":\"EntryPoint\",\"urlTemplate\":\"https:\/\/graziamagazine.com\/mx\/?s={search_term_string}\"},\"query-input\":\"required name=search_term_string\"}],\"inLanguage\":\"es-MX\"}]}<\/script>\n<!-- \/ Yoast SEO Premium plugin. -->","yoast_head_json":{"title":"LOUIS VUITTON LANZA SU PRIMER FRAGANCIA EN 70 A\u00d1OS | Grazia M\u00e9xico y Latinoam\u00e9rica","description":"Una mini colecci\u00f3n de siete aromas\u00a0que narran un viaje por todo el mundo. La casa francesa ha hecho casi de todo, pero hasta ahora, s\u00f3lo quedaba un","robots":{"index":"index","follow":"follow","max-snippet":"max-snippet:-1","max-image-preview":"max-image-preview:large","max-video-preview":"max-video-preview:-1"},"canonical":"https:\/\/graziamagazine.com\/mx\/articles\/louis-vuitton-lanza-su-primer-fragancia-en-70-anos\/","og_locale":"es_MX","og_type":"article","og_title":"LOUIS VUITTON LANZA SU PRIMER FRAGANCIA EN 70 A\u00d1OS","og_description":"Una mini colecci\u00f3n de siete aromas\u00a0que narran un viaje por todo el mundo. La casa francesa ha hecho casi de todo, pero hasta ahora, s\u00f3lo quedaba un","og_url":"https:\/\/graziamagazine.com\/mx\/articles\/louis-vuitton-lanza-su-primer-fragancia-en-70-anos\/","og_site_name":"Grazia M\u00e9xico y Latinoam\u00e9rica","og_image":[{"width":835,"height":341,"url":"https:\/\/graziamagazine.com\/mx\/wp-content\/uploads\/sites\/13\/2016\/08\/LVparfumescov.jpg?fit=835%2C341","type":"image\/jpeg"}],"twitter_card":"summary_large_image","twitter_misc":{"Est. reading time":"1 minuto"},"schema":{"@context":"https:\/\/schema.org","@graph":[{"@type":"WebPage","@id":"https:\/\/graziamagazine.com\/mx\/articles\/louis-vuitton-lanza-su-primer-fragancia-en-70-anos\/","url":"https:\/\/graziamagazine.com\/mx\/articles\/louis-vuitton-lanza-su-primer-fragancia-en-70-anos\/","name":"LOUIS VUITTON LANZA SU PRIMER FRAGANCIA EN 70 A\u00d1OS | Grazia M\u00e9xico y Latinoam\u00e9rica","isPartOf":{"@id":"https:\/\/graziamagazine.com\/mx\/#website"},"datePublished":"2016-08-18T16:10:12+00:00","dateModified":"2016-08-18T16:10:12+00:00","description":"Una mini colecci\u00f3n de siete aromas\u00a0que narran un viaje por todo el mundo. La casa francesa ha hecho casi de todo, pero hasta ahora, s\u00f3lo quedaba un","breadcrumb":{"@id":"https:\/\/graziamagazine.com\/mx\/articles\/louis-vuitton-lanza-su-primer-fragancia-en-70-anos\/#breadcrumb"},"inLanguage":"es-MX","potentialAction":[{"@type":"ReadAction","target":["https:\/\/graziamagazine.com\/mx\/articles\/louis-vuitton-lanza-su-primer-fragancia-en-70-anos\/"]}]},{"@type":"BreadcrumbList","@id":"https:\/\/graziamagazine.com\/mx\/articles\/louis-vuitton-lanza-su-primer-fragancia-en-70-anos\/#breadcrumb","itemListElement":[{"@type":"ListItem","position":1,"name":"Home","item":"https:\/\/graziamagazine.com\/mx\/"},{"@type":"ListItem","position":2,"name":"LOUIS VUITTON LANZA SU PRIMER FRAGANCIA EN 70 A\u00d1OS"}]},{"@type":"WebSite","@id":"https:\/\/graziamagazine.com\/mx\/#website","url":"https:\/\/graziamagazine.com\/mx\/","name":"Grazia M\u00e9xico y Latinoam\u00e9rica","description":"Grazia es moda, belleza y noticias  de actualidad ","potentialAction":[{"@type":"SearchAction","target":{"@type":"EntryPoint","urlTemplate":"https:\/\/graziamagazine.com\/mx\/?s={search_term_string}"},"query-input":"required name=search_term_string"}],"inLanguage":"es-MX"}]}},"jetpack_sharing_enabled":true,"distributor_meta":false,"distributor_terms":false,"distributor_media":false,"distributor_original_site_name":"Grazia M\u00e9xico y Latinoam\u00e9rica","distributor_original_site_url":"https:\/\/graziamagazine.com\/mx","push-errors":false,"_links":{"self":[{"href":"https:\/\/graziamagazine.com\/mx\/wp-json\/wp\/v2\/articles\/4642"}],"collection":[{"href":"https:\/\/graziamagazine.com\/mx\/wp-json\/wp\/v2\/articles"}],"about":[{"href":"https:\/\/graziamagazine.com\/mx\/wp-json\/wp\/v2\/types\/articles"}],"author":[{"embeddable":true,"href":"https:\/\/graziamagazine.com\/mx\/wp-json\/wp\/v2\/users\/11636"}],"wp:featuredmedia":[{"embeddable":true,"href":"https:\/\/graziamagazine.com\/mx\/wp-json\/wp\/v2\/media\/4643"}],"wp:attachment":[{"href":"https:\/\/graziamagazine.com\/mx\/wp-json\/wp\/v2\/media?parent=4642"}],"wp:term":[{"taxonomy":"category","embeddable":true,"href":"https:\/\/graziamagazine.com\/mx\/wp-json\/wp\/v2\/categories?post=4642"}],"curies":[{"name":"wp","href":"https:\/\/api.w.org\/{rel}","templated":true}]}}