{"id":45979,"date":"2018-03-09T13:17:14","date_gmt":"2018-03-09T19:17:14","guid":{"rendered":"https:\/\/graziamagazine.com\/mx\/?p=45979"},"modified":"2018-03-09T13:19:50","modified_gmt":"2018-03-09T19:19:50","slug":"las-5-hermanas-mas-poderosas-en-el-mundo-de-la-moda","status":"publish","type":"articles","link":"https:\/\/graziamagazine.com\/mx\/articles\/las-5-hermanas-mas-poderosas-en-el-mundo-de-la-moda\/","title":{"rendered":"Las 5 hermanas m\u00e1s poderosas en el mundo de la moda"},"content":{"rendered":"<p><b>Estas son las hermanas que han conquistado la moda en el siglo XXI. Conoce a estas duplas din\u00e1micas que no temen en hacer ver que la familia es ultra poderosa.<\/b><!--more--><\/p>\n<p>Seguro has notado que las hermanas son una fuerza importante en la moda. Como dicen por ah\u00ed, dos cabezas piensan mejor que una, y es que la realidad del asunto es que cuando tu <i>partner in crime<\/i> lleva tu ADN, la qu\u00edmica es asegurada. Estas son las hermanas que han demostrado que la familia es la mejor alianza para todo momento. <i>Ohana<\/i>.<\/p>\n<p>&nbsp;<\/p>\n<p><img decoding=\"async\" class=\"alignnone size-large wp-image-45995\" src=\"https:\/\/graziamagazine.com\/mx\/wp-content\/uploads\/sites\/13\/2018\/03\/las-5-hermanas-mas-poderosas-en-el-mundo-de-la-moda-giovanna-battaglia-sara-battaglia-700x1049.jpg\" alt=\"las-5-hermanas-mas-poderosas-en-el-mundo-de-la-moda-giovanna-battaglia-sara-battaglia\" \/><\/p>\n<p><b>Giovanna Battaglia y Sara Battaglia<\/b><\/p>\n<p>Este d\u00fao es envidiable. Y es que las hermanas Battaglia son las m\u00e1s <i>fashion<\/i>, literalmente. Por un lado, Giovanna se ha posicionado como una de las <i>stylist<\/i> m\u00e1s reconocidas de la industria, por otro, Sara es ahora una dise\u00f1adora que ha enamorado al mundo del <i>street style<\/i> con sus bolsos y su colaboraci\u00f3n con Salvatore Ferragamo.<\/p>\n<p>&nbsp;<\/p>\n<p><img decoding=\"async\" class=\"alignnone size-large wp-image-45997\" src=\"https:\/\/graziamagazine.com\/mx\/wp-content\/uploads\/sites\/13\/2018\/03\/las-5-hermanas-mas-poderosas-en-el-mundo-de-la-moda-valentina-ferragni-chiara-ferragni-700x1049.jpg\" alt=\"las-5-hermanas-mas-poderosas-en-el-mundo-de-la-moda-valentina-ferragni-chiara-ferragni\" \/><\/p>\n<p><b>Chiara Ferragni y Valentina Ferragni<\/b><\/p>\n<p>Lo que empez\u00f3 con un <i>blog<\/i>, es ahora un imperio y el m\u00e1s aclamado de la <i>blogosphere<\/i>. Chiara Ferragni, cofundadora de <i>The Blonde Salad<\/i>, se ha vuelto una de las voces m\u00e1s importantes en la moda. Cuando lleg\u00f3 el momento de diversificar la publicaci\u00f3n, la italiana present\u00f3 a su hermana, Valentina, quien ahora es una de las estrellas en la escena de la moda en Mil\u00e1n.<\/p>\n<p>&nbsp;<\/p>\n<p><img decoding=\"async\" class=\"alignnone size-large wp-image-45996\" src=\"https:\/\/graziamagazine.com\/mx\/wp-content\/uploads\/sites\/13\/2018\/03\/las-5-hermanas-mas-poderosas-en-el-mundo-de-la-moda-laura-mulleavy-kate-mulleavy-700x980.jpg\" alt=\"las-5-hermanas-mas-poderosas-en-el-mundo-de-la-moda-laura-mulleavy-kate-mulleavy\" \/><\/p>\n<p><b>Laura Mulleavy y Kate Mulleavy<\/b><\/p>\n<p>Esta no ser\u00eda una lista de hermanas sin las Mulleavy, fundadoras y Directoras Creativas de la aclamada firma, Rodarte. Las nativas de California tienen una est\u00e9tica de dise\u00f1o muy particular y han logrado enamorar no solo al mundo de la moda con prendas realmente encantadoras y rom\u00e1nticas, sino tambi\u00e9n a la industria cinematogr\u00e1fica con su primera entrega <i>Woodshock<\/i>.<\/p>\n<p>&nbsp;<\/p>\n<p><img decoding=\"async\" class=\"alignnone size-large wp-image-45993\" src=\"https:\/\/graziamagazine.com\/mx\/wp-content\/uploads\/sites\/13\/2018\/03\/las-5-hermanas-mas-poderosas-en-el-mundo-de-la-moda-ami-suzuki-aya-suzuki-700x1050.jpg\" alt=\"las-5-hermanas-mas-poderosas-en-el-mundo-de-la-moda-ami-suzuki-aya-suzuki\" \/><\/p>\n<p><b>Ami Suzuki y Aya Suzuki<\/b><\/p>\n<p>Las nuevas estrellas del <i>street style<\/i>, literalmente. Esta dupla directa de Tokio son id\u00e9nticas y adem\u00e1s DJs. Durante el mes de la moda AW18, las hermanas Suzuki conquistaron las calles por sus <i>bobs<\/i> rosados el\u00e9ctricos y sus conjuntos id\u00e9nticos \u2014identificando a cada una por un sutil cambi\u00f3 de color.<\/p>\n<p>&nbsp;<\/p>\n<p><img decoding=\"async\" class=\"alignnone size-large wp-image-45994\" src=\"https:\/\/graziamagazine.com\/mx\/wp-content\/uploads\/sites\/13\/2018\/03\/las-5-hermanas-mas-poderosas-en-el-mundo-de-la-moda-gigi-hadid-bella-hadid-700x1118.jpg\" alt=\"las-5-hermanas-mas-poderosas-en-el-mundo-de-la-moda-gigi-hadid-bella-hadid\" \/><\/p>\n<p><b>Gigi Hadid y Bella Hadid<\/b><\/p>\n<p>Las hermanas Hadid son ahora una iconograf\u00eda de lo que significa ser modelo en el siglo XXI. Apoder\u00e1ndose de las pasarelas internacionales, Gigi y Bella han logrado posicionarse como dos de las modelos m\u00e1s comerciales. Adem\u00e1s, estas hermanas son el referente de estilo para los <i>millennials<\/i>, catapultando los <i>grandpa sneakers<\/i>, los lentes noventeros y el <i>look<\/i> tipo Matrix.<\/p>\n<p>&nbsp;<\/p>\n<h5><em>*IM\u00c1GENES: Mondadori Photo y Getty Images<\/em><\/h5>\n","protected":false},"author":11641,"featured_media":45981,"template":"","format":"standard","categories":[4],"acf":[],"yoast_head":"<!-- This site is optimized with the Yoast SEO Premium plugin v18.5 (Yoast SEO v20.4) - https:\/\/yoast.com\/wordpress\/plugins\/seo\/ -->\n<title>Las 5 hermanas m\u00e1s poderosas en el mundo de la moda | Grazia M\u00e9xico y Latinoam\u00e9rica<\/title>\n<meta name=\"description\" content=\"Estas son las hermanas que han conquistado la moda en el siglo XXI. Conoce a estas duplas din\u00e1micas que no temen en hacer ver que la familia es ultra poderosa.\" \/>\n<meta name=\"robots\" content=\"index, follow, max-snippet:-1, max-image-preview:large, max-video-preview:-1\" \/>\n<link rel=\"canonical\" href=\"https:\/\/graziamagazine.com\/mx\/articles\/las-5-hermanas-mas-poderosas-en-el-mundo-de-la-moda\/\" \/>\n<meta property=\"og:locale\" content=\"es_MX\" \/>\n<meta property=\"og:type\" content=\"article\" \/>\n<meta property=\"og:title\" content=\"Las 5 hermanas m\u00e1s poderosas en el mundo de la moda\" \/>\n<meta property=\"og:description\" content=\"Estas son las hermanas que han conquistado la moda en el siglo XXI. Conoce a estas duplas din\u00e1micas que no temen en hacer ver que la familia es ultra poderosa.\" \/>\n<meta property=\"og:url\" content=\"https:\/\/graziamagazine.com\/mx\/articles\/las-5-hermanas-mas-poderosas-en-el-mundo-de-la-moda\/\" \/>\n<meta property=\"og:site_name\" content=\"Grazia M\u00e9xico y Latinoam\u00e9rica\" \/>\n<meta property=\"article:modified_time\" content=\"2018-03-09T19:19:50+00:00\" \/>\n<meta property=\"og:image\" content=\"https:\/\/graziamagazine.com\/mx\/wp-content\/uploads\/sites\/13\/2018\/03\/las-5-hermanas-mas-poderosas-en-el-mundo-de-la-moda-destacada.jpg?fit=3543%2C2365\" \/>\n\t<meta property=\"og:image:width\" content=\"3543\" \/>\n\t<meta property=\"og:image:height\" content=\"2365\" \/>\n\t<meta property=\"og:image:type\" content=\"image\/jpeg\" \/>\n<meta name=\"twitter:card\" content=\"summary_large_image\" \/>\n<meta name=\"twitter:label1\" content=\"Est. reading time\" \/>\n\t<meta name=\"twitter:data1\" content=\"2 minutos\" \/>\n<script type=\"application\/ld+json\" class=\"yoast-schema-graph\">{\"@context\":\"https:\/\/schema.org\",\"@graph\":[{\"@type\":\"WebPage\",\"@id\":\"https:\/\/graziamagazine.com\/mx\/articles\/las-5-hermanas-mas-poderosas-en-el-mundo-de-la-moda\/\",\"url\":\"https:\/\/graziamagazine.com\/mx\/articles\/las-5-hermanas-mas-poderosas-en-el-mundo-de-la-moda\/\",\"name\":\"Las 5 hermanas m\u00e1s poderosas en el mundo de la moda | Grazia M\u00e9xico y Latinoam\u00e9rica\",\"isPartOf\":{\"@id\":\"https:\/\/graziamagazine.com\/mx\/#website\"},\"datePublished\":\"2018-03-09T19:17:14+00:00\",\"dateModified\":\"2018-03-09T19:19:50+00:00\",\"description\":\"Estas son las hermanas que han conquistado la moda en el siglo XXI. Conoce a estas duplas din\u00e1micas que no temen en hacer ver que la familia es ultra poderosa.\",\"breadcrumb\":{\"@id\":\"https:\/\/graziamagazine.com\/mx\/articles\/las-5-hermanas-mas-poderosas-en-el-mundo-de-la-moda\/#breadcrumb\"},\"inLanguage\":\"es-MX\",\"potentialAction\":[{\"@type\":\"ReadAction\",\"target\":[\"https:\/\/graziamagazine.com\/mx\/articles\/las-5-hermanas-mas-poderosas-en-el-mundo-de-la-moda\/\"]}]},{\"@type\":\"BreadcrumbList\",\"@id\":\"https:\/\/graziamagazine.com\/mx\/articles\/las-5-hermanas-mas-poderosas-en-el-mundo-de-la-moda\/#breadcrumb\",\"itemListElement\":[{\"@type\":\"ListItem\",\"position\":1,\"name\":\"Home\",\"item\":\"https:\/\/graziamagazine.com\/mx\/\"},{\"@type\":\"ListItem\",\"position\":2,\"name\":\"Las 5 hermanas m\u00e1s poderosas en el mundo de la moda\"}]},{\"@type\":\"WebSite\",\"@id\":\"https:\/\/graziamagazine.com\/mx\/#website\",\"url\":\"https:\/\/graziamagazine.com\/mx\/\",\"name\":\"Grazia M\u00e9xico y Latinoam\u00e9rica\",\"description\":\"Grazia es moda, belleza y noticias  de actualidad \",\"potentialAction\":[{\"@type\":\"SearchAction\",\"target\":{\"@type\":\"EntryPoint\",\"urlTemplate\":\"https:\/\/graziamagazine.com\/mx\/?s={search_term_string}\"},\"query-input\":\"required name=search_term_string\"}],\"inLanguage\":\"es-MX\"}]}<\/script>\n<!-- \/ Yoast SEO Premium plugin. -->","yoast_head_json":{"title":"Las 5 hermanas m\u00e1s poderosas en el mundo de la moda | Grazia M\u00e9xico y Latinoam\u00e9rica","description":"Estas son las hermanas que han conquistado la moda en el siglo XXI. Conoce a estas duplas din\u00e1micas que no temen en hacer ver que la familia es ultra poderosa.","robots":{"index":"index","follow":"follow","max-snippet":"max-snippet:-1","max-image-preview":"max-image-preview:large","max-video-preview":"max-video-preview:-1"},"canonical":"https:\/\/graziamagazine.com\/mx\/articles\/las-5-hermanas-mas-poderosas-en-el-mundo-de-la-moda\/","og_locale":"es_MX","og_type":"article","og_title":"Las 5 hermanas m\u00e1s poderosas en el mundo de la moda","og_description":"Estas son las hermanas que han conquistado la moda en el siglo XXI. Conoce a estas duplas din\u00e1micas que no temen en hacer ver que la familia es ultra poderosa.","og_url":"https:\/\/graziamagazine.com\/mx\/articles\/las-5-hermanas-mas-poderosas-en-el-mundo-de-la-moda\/","og_site_name":"Grazia M\u00e9xico y Latinoam\u00e9rica","article_modified_time":"2018-03-09T19:19:50+00:00","og_image":[{"width":3543,"height":2365,"url":"https:\/\/graziamagazine.com\/mx\/wp-content\/uploads\/sites\/13\/2018\/03\/las-5-hermanas-mas-poderosas-en-el-mundo-de-la-moda-destacada.jpg?fit=3543%2C2365","type":"image\/jpeg"}],"twitter_card":"summary_large_image","twitter_misc":{"Est. reading time":"2 minutos"},"schema":{"@context":"https:\/\/schema.org","@graph":[{"@type":"WebPage","@id":"https:\/\/graziamagazine.com\/mx\/articles\/las-5-hermanas-mas-poderosas-en-el-mundo-de-la-moda\/","url":"https:\/\/graziamagazine.com\/mx\/articles\/las-5-hermanas-mas-poderosas-en-el-mundo-de-la-moda\/","name":"Las 5 hermanas m\u00e1s poderosas en el mundo de la moda | Grazia M\u00e9xico y Latinoam\u00e9rica","isPartOf":{"@id":"https:\/\/graziamagazine.com\/mx\/#website"},"datePublished":"2018-03-09T19:17:14+00:00","dateModified":"2018-03-09T19:19:50+00:00","description":"Estas son las hermanas que han conquistado la moda en el siglo XXI. Conoce a estas duplas din\u00e1micas que no temen en hacer ver que la familia es ultra poderosa.","breadcrumb":{"@id":"https:\/\/graziamagazine.com\/mx\/articles\/las-5-hermanas-mas-poderosas-en-el-mundo-de-la-moda\/#breadcrumb"},"inLanguage":"es-MX","potentialAction":[{"@type":"ReadAction","target":["https:\/\/graziamagazine.com\/mx\/articles\/las-5-hermanas-mas-poderosas-en-el-mundo-de-la-moda\/"]}]},{"@type":"BreadcrumbList","@id":"https:\/\/graziamagazine.com\/mx\/articles\/las-5-hermanas-mas-poderosas-en-el-mundo-de-la-moda\/#breadcrumb","itemListElement":[{"@type":"ListItem","position":1,"name":"Home","item":"https:\/\/graziamagazine.com\/mx\/"},{"@type":"ListItem","position":2,"name":"Las 5 hermanas m\u00e1s poderosas en el mundo de la moda"}]},{"@type":"WebSite","@id":"https:\/\/graziamagazine.com\/mx\/#website","url":"https:\/\/graziamagazine.com\/mx\/","name":"Grazia M\u00e9xico y Latinoam\u00e9rica","description":"Grazia es moda, belleza y noticias  de actualidad ","potentialAction":[{"@type":"SearchAction","target":{"@type":"EntryPoint","urlTemplate":"https:\/\/graziamagazine.com\/mx\/?s={search_term_string}"},"query-input":"required name=search_term_string"}],"inLanguage":"es-MX"}]}},"jetpack_sharing_enabled":true,"distributor_meta":false,"distributor_terms":false,"distributor_media":false,"distributor_original_site_name":"Grazia M\u00e9xico y Latinoam\u00e9rica","distributor_original_site_url":"https:\/\/graziamagazine.com\/mx","push-errors":false,"_links":{"self":[{"href":"https:\/\/graziamagazine.com\/mx\/wp-json\/wp\/v2\/articles\/45979"}],"collection":[{"href":"https:\/\/graziamagazine.com\/mx\/wp-json\/wp\/v2\/articles"}],"about":[{"href":"https:\/\/graziamagazine.com\/mx\/wp-json\/wp\/v2\/types\/articles"}],"author":[{"embeddable":true,"href":"https:\/\/graziamagazine.com\/mx\/wp-json\/wp\/v2\/users\/11641"}],"wp:featuredmedia":[{"embeddable":true,"href":"https:\/\/graziamagazine.com\/mx\/wp-json\/wp\/v2\/media\/45981"}],"wp:attachment":[{"href":"https:\/\/graziamagazine.com\/mx\/wp-json\/wp\/v2\/media?parent=45979"}],"wp:term":[{"taxonomy":"category","embeddable":true,"href":"https:\/\/graziamagazine.com\/mx\/wp-json\/wp\/v2\/categories?post=45979"}],"curies":[{"name":"wp","href":"https:\/\/api.w.org\/{rel}","templated":true}]}}