{"id":45872,"date":"2018-03-08T09:16:12","date_gmt":"2018-03-08T15:16:12","guid":{"rendered":"https:\/\/graziamagazine.com\/mx\/?p=45872"},"modified":"2018-06-19T16:51:30","modified_gmt":"2018-06-19T21:51:30","slug":"el-va-de-londres-estrena-exposicion-de-frida-kahlo","status":"publish","type":"articles","link":"https:\/\/graziamagazine.com\/mx\/articles\/el-va-de-londres-estrena-exposicion-de-frida-kahlo\/","title":{"rendered":"El V&#038;A de Londres estrena exposici\u00f3n de Frida Kahlo"},"content":{"rendered":"<p><strong>La primera exposici\u00f3n de Frida Kahlo (y sus art\u00edculos m\u00e1s \u00edntimos) en el extranjero, abre sus puertas en junio\u00a0<em>Victoria &amp; Albert Museum<\/em> de Londres y es un orgullo nacional.<!--more--><\/strong>El reconocido <strong><em>Victoria &amp; Albert Museum<\/em><\/strong> es el primer museo fuera de M\u00e9xico en presentar una exposici\u00f3n de <strong>Frida Kahlo<\/strong> y sus art\u00edculos m\u00e1s \u00edntimos. Sabemos que cualquier extranjero que visita nuestro pa\u00eds incluye la famosa <strong>Casa Azul<\/strong> en su lista de <em>must-see places<\/em>. Es por ello que esta exposici\u00f3n es importante, no solo para la cultura mexicana, sino para la industria art\u00edstica y de moda.<\/p>\n<p>La exposici\u00f3n en cuesti\u00f3n tendr\u00e1 en exhibici\u00f3n los objetos m\u00e1s personales de la artista y feminista mexicana. Siendo la primera vez que estos salen del pa\u00eds, la curadora encargada de la muestra, Claire Wilcox, se dio a la tarea de crear una historia pasional de Kahlo, detallando con los aparatos que la acompa\u00f1aron a partir de su accidente.<\/p>\n<p>Sabemos que Frida Kahlo es conocida por sus ideales feministas, comunistas y art\u00edsticos. Su particular est\u00e9tica ha fascinado, no solo al mundo en general, sino a aquellos que estudian la sociolog\u00eda de M\u00e9xico en la primera mitad del siglo XX. Por eso, esta exposici\u00f3n relata c\u00f3mo la artista edific\u00f3 una idea vigorosa que ahora es un referente social y cultural.<\/p>\n<p>Los tradicionales vestidos Tehuanos de Kahlo, tambi\u00e9n formar\u00e1n parte de la exhibici\u00f3n. Esto abre un portal a aquellas personas que est\u00e1n particularmente interesadas en el arte de los bordados mexicanos y la indumentaria nacional. Asimismo, el maquillaje original de la artista formar\u00e1 parte importante de la muestra.<\/p>\n<p>&nbsp;<\/p>\n<h5><em>**Frida Kahlo: Making Her Self Up <a href=\"https:\/\/www.vam.ac.uk\/exhibitions\/frida-kahlo-making-her-self-up\" target=\"_blank\" rel=\"noopener\" target=\"_blank\">abre sus puertas el 16 de junio de 2018<\/a>.<\/em><\/h5>\n<h5><em>**IMAGEN: Cortes\u00eda del Victoria &amp; Albert Museum<\/em><\/h5>\n","protected":false},"author":11636,"featured_media":45875,"template":"","format":"standard","categories":[4],"acf":[],"yoast_head":"<!-- This site is optimized with the Yoast SEO Premium plugin v18.5 (Yoast SEO v20.4) - https:\/\/yoast.com\/wordpress\/plugins\/seo\/ -->\n<title>El V&amp;A de Londres estrena exposici\u00f3n de Frida Kahlo | Grazia M\u00e9xico y Latinoam\u00e9rica<\/title>\n<meta name=\"description\" content=\"La primera exposici\u00f3n de Frida Kahlo (y sus art\u00edculos m\u00e1s \u00edntimos) en el extranjero, abre sus puertas en junio\u00a0Victoria &amp; Albert Museum de Londres.\" \/>\n<meta name=\"robots\" content=\"index, follow, max-snippet:-1, max-image-preview:large, max-video-preview:-1\" \/>\n<link rel=\"canonical\" href=\"https:\/\/graziamagazine.com\/mx\/articles\/el-va-de-londres-estrena-exposicion-de-frida-kahlo\/\" \/>\n<meta property=\"og:locale\" content=\"es_MX\" \/>\n<meta property=\"og:type\" content=\"article\" \/>\n<meta property=\"og:title\" content=\"El V&amp;A de Londres estrena exposici\u00f3n de Frida Kahlo\" \/>\n<meta property=\"og:description\" content=\"La primera exposici\u00f3n de Frida Kahlo (y sus art\u00edculos m\u00e1s \u00edntimos) en el extranjero, abre sus puertas en junio\u00a0Victoria &amp; Albert Museum de Londres.\" \/>\n<meta property=\"og:url\" content=\"https:\/\/graziamagazine.com\/mx\/articles\/el-va-de-londres-estrena-exposicion-de-frida-kahlo\/\" \/>\n<meta property=\"og:site_name\" content=\"Grazia M\u00e9xico y Latinoam\u00e9rica\" \/>\n<meta property=\"article:modified_time\" content=\"2018-06-19T21:51:30+00:00\" \/>\n<meta property=\"og:image\" content=\"https:\/\/graziamagazine.com\/mx\/wp-content\/uploads\/sites\/13\/2018\/03\/el-va-de-londres-estrena-exposicion-de-frida-kahlo-destacada.jpg?fit=1407%2C1064\" \/>\n\t<meta property=\"og:image:width\" content=\"1407\" \/>\n\t<meta property=\"og:image:height\" content=\"1064\" \/>\n\t<meta property=\"og:image:type\" content=\"image\/jpeg\" \/>\n<meta name=\"twitter:card\" content=\"summary_large_image\" \/>\n<meta name=\"twitter:label1\" content=\"Est. reading time\" \/>\n\t<meta name=\"twitter:data1\" content=\"2 minutos\" \/>\n<script type=\"application\/ld+json\" class=\"yoast-schema-graph\">{\"@context\":\"https:\/\/schema.org\",\"@graph\":[{\"@type\":\"WebPage\",\"@id\":\"https:\/\/graziamagazine.com\/mx\/articles\/el-va-de-londres-estrena-exposicion-de-frida-kahlo\/\",\"url\":\"https:\/\/graziamagazine.com\/mx\/articles\/el-va-de-londres-estrena-exposicion-de-frida-kahlo\/\",\"name\":\"El V&A de Londres estrena exposici\u00f3n de Frida Kahlo | Grazia M\u00e9xico y Latinoam\u00e9rica\",\"isPartOf\":{\"@id\":\"https:\/\/graziamagazine.com\/mx\/#website\"},\"datePublished\":\"2018-03-08T15:16:12+00:00\",\"dateModified\":\"2018-06-19T21:51:30+00:00\",\"description\":\"La primera exposici\u00f3n de Frida Kahlo (y sus art\u00edculos m\u00e1s \u00edntimos) en el extranjero, abre sus puertas en junio\u00a0Victoria & Albert Museum de Londres.\",\"breadcrumb\":{\"@id\":\"https:\/\/graziamagazine.com\/mx\/articles\/el-va-de-londres-estrena-exposicion-de-frida-kahlo\/#breadcrumb\"},\"inLanguage\":\"es-MX\",\"potentialAction\":[{\"@type\":\"ReadAction\",\"target\":[\"https:\/\/graziamagazine.com\/mx\/articles\/el-va-de-londres-estrena-exposicion-de-frida-kahlo\/\"]}]},{\"@type\":\"BreadcrumbList\",\"@id\":\"https:\/\/graziamagazine.com\/mx\/articles\/el-va-de-londres-estrena-exposicion-de-frida-kahlo\/#breadcrumb\",\"itemListElement\":[{\"@type\":\"ListItem\",\"position\":1,\"name\":\"Home\",\"item\":\"https:\/\/graziamagazine.com\/mx\/\"},{\"@type\":\"ListItem\",\"position\":2,\"name\":\"El V&#038;A de Londres estrena exposici\u00f3n de Frida Kahlo\"}]},{\"@type\":\"WebSite\",\"@id\":\"https:\/\/graziamagazine.com\/mx\/#website\",\"url\":\"https:\/\/graziamagazine.com\/mx\/\",\"name\":\"Grazia M\u00e9xico y Latinoam\u00e9rica\",\"description\":\"Grazia es moda, belleza y noticias  de actualidad \",\"potentialAction\":[{\"@type\":\"SearchAction\",\"target\":{\"@type\":\"EntryPoint\",\"urlTemplate\":\"https:\/\/graziamagazine.com\/mx\/?s={search_term_string}\"},\"query-input\":\"required name=search_term_string\"}],\"inLanguage\":\"es-MX\"}]}<\/script>\n<!-- \/ Yoast SEO Premium plugin. -->","yoast_head_json":{"title":"El V&A de Londres estrena exposici\u00f3n de Frida Kahlo | Grazia M\u00e9xico y Latinoam\u00e9rica","description":"La primera exposici\u00f3n de Frida Kahlo (y sus art\u00edculos m\u00e1s \u00edntimos) en el extranjero, abre sus puertas en junio\u00a0Victoria & Albert Museum de Londres.","robots":{"index":"index","follow":"follow","max-snippet":"max-snippet:-1","max-image-preview":"max-image-preview:large","max-video-preview":"max-video-preview:-1"},"canonical":"https:\/\/graziamagazine.com\/mx\/articles\/el-va-de-londres-estrena-exposicion-de-frida-kahlo\/","og_locale":"es_MX","og_type":"article","og_title":"El V&A de Londres estrena exposici\u00f3n de Frida Kahlo","og_description":"La primera exposici\u00f3n de Frida Kahlo (y sus art\u00edculos m\u00e1s \u00edntimos) en el extranjero, abre sus puertas en junio\u00a0Victoria & Albert Museum de Londres.","og_url":"https:\/\/graziamagazine.com\/mx\/articles\/el-va-de-londres-estrena-exposicion-de-frida-kahlo\/","og_site_name":"Grazia M\u00e9xico y Latinoam\u00e9rica","article_modified_time":"2018-06-19T21:51:30+00:00","og_image":[{"width":1407,"height":1064,"url":"https:\/\/graziamagazine.com\/mx\/wp-content\/uploads\/sites\/13\/2018\/03\/el-va-de-londres-estrena-exposicion-de-frida-kahlo-destacada.jpg?fit=1407%2C1064","type":"image\/jpeg"}],"twitter_card":"summary_large_image","twitter_misc":{"Est. reading time":"2 minutos"},"schema":{"@context":"https:\/\/schema.org","@graph":[{"@type":"WebPage","@id":"https:\/\/graziamagazine.com\/mx\/articles\/el-va-de-londres-estrena-exposicion-de-frida-kahlo\/","url":"https:\/\/graziamagazine.com\/mx\/articles\/el-va-de-londres-estrena-exposicion-de-frida-kahlo\/","name":"El V&A de Londres estrena exposici\u00f3n de Frida Kahlo | Grazia M\u00e9xico y Latinoam\u00e9rica","isPartOf":{"@id":"https:\/\/graziamagazine.com\/mx\/#website"},"datePublished":"2018-03-08T15:16:12+00:00","dateModified":"2018-06-19T21:51:30+00:00","description":"La primera exposici\u00f3n de Frida Kahlo (y sus art\u00edculos m\u00e1s \u00edntimos) en el extranjero, abre sus puertas en junio\u00a0Victoria & Albert Museum de Londres.","breadcrumb":{"@id":"https:\/\/graziamagazine.com\/mx\/articles\/el-va-de-londres-estrena-exposicion-de-frida-kahlo\/#breadcrumb"},"inLanguage":"es-MX","potentialAction":[{"@type":"ReadAction","target":["https:\/\/graziamagazine.com\/mx\/articles\/el-va-de-londres-estrena-exposicion-de-frida-kahlo\/"]}]},{"@type":"BreadcrumbList","@id":"https:\/\/graziamagazine.com\/mx\/articles\/el-va-de-londres-estrena-exposicion-de-frida-kahlo\/#breadcrumb","itemListElement":[{"@type":"ListItem","position":1,"name":"Home","item":"https:\/\/graziamagazine.com\/mx\/"},{"@type":"ListItem","position":2,"name":"El V&#038;A de Londres estrena exposici\u00f3n de Frida Kahlo"}]},{"@type":"WebSite","@id":"https:\/\/graziamagazine.com\/mx\/#website","url":"https:\/\/graziamagazine.com\/mx\/","name":"Grazia M\u00e9xico y Latinoam\u00e9rica","description":"Grazia es moda, belleza y noticias  de actualidad ","potentialAction":[{"@type":"SearchAction","target":{"@type":"EntryPoint","urlTemplate":"https:\/\/graziamagazine.com\/mx\/?s={search_term_string}"},"query-input":"required name=search_term_string"}],"inLanguage":"es-MX"}]}},"jetpack_sharing_enabled":true,"distributor_meta":false,"distributor_terms":false,"distributor_media":false,"distributor_original_site_name":"Grazia M\u00e9xico y Latinoam\u00e9rica","distributor_original_site_url":"https:\/\/graziamagazine.com\/mx","push-errors":false,"_links":{"self":[{"href":"https:\/\/graziamagazine.com\/mx\/wp-json\/wp\/v2\/articles\/45872"}],"collection":[{"href":"https:\/\/graziamagazine.com\/mx\/wp-json\/wp\/v2\/articles"}],"about":[{"href":"https:\/\/graziamagazine.com\/mx\/wp-json\/wp\/v2\/types\/articles"}],"author":[{"embeddable":true,"href":"https:\/\/graziamagazine.com\/mx\/wp-json\/wp\/v2\/users\/11636"}],"wp:featuredmedia":[{"embeddable":true,"href":"https:\/\/graziamagazine.com\/mx\/wp-json\/wp\/v2\/media\/45875"}],"wp:attachment":[{"href":"https:\/\/graziamagazine.com\/mx\/wp-json\/wp\/v2\/media?parent=45872"}],"wp:term":[{"taxonomy":"category","embeddable":true,"href":"https:\/\/graziamagazine.com\/mx\/wp-json\/wp\/v2\/categories?post=45872"}],"curies":[{"name":"wp","href":"https:\/\/api.w.org\/{rel}","templated":true}]}}