{"id":45800,"date":"2018-03-07T16:57:53","date_gmt":"2018-03-07T22:57:53","guid":{"rendered":"https:\/\/graziamagazine.com\/mx\/?p=45800"},"modified":"2018-03-07T16:58:25","modified_gmt":"2018-03-07T22:58:25","slug":"trailer-la-ultima-temporada-meghan-markle-en-suits-ya-esta-aqui","status":"publish","type":"articles","link":"https:\/\/graziamagazine.com\/mx\/articles\/trailer-la-ultima-temporada-meghan-markle-en-suits-ya-esta-aqui\/","title":{"rendered":"El trailer de la \u00faltima temporada de Meghan Markle en Suits, \u00a1ya est\u00e1 aqu\u00ed!"},"content":{"rendered":"<p><b>Esta es la \u00faltima temporada que veremos a Meghan Markle en <i>Suits<\/i> (y como actriz), y el <i>trailer<\/i> \u00a1ya est\u00e1 aqu\u00ed! \u00bfQu\u00e9 pasar\u00e1 con su personaje?<\/b><!--more--><\/p>\n<p>Luego de que los rumores del compromiso entre <b>Meghan Markle<\/b> y Prince Harry se confirmaran, la producci\u00f3n del programa de <b><i>Suits<\/i><\/b> asegur\u00f3 la salida de la actriz de la serie. El papel de Markle en el programa es crucial para la historia, y los fan\u00e1ticos no se pueden imaginar como terminar\u00e1 el personaje.<\/p>\n<p>Si bien, en la \u00faltima temporada de la serie, el papel de Markle y Patrick J.Adams, Rachel Zane y Mike Ross respectivamente, por fin juntan sus vidas en matrimonio (la tercera vez que vimos a la actriz en vestido de novia, incluyendo su primera boda en la vida real). Lo extra\u00f1o es que despu\u00e9s de sobrevivir a diversos obst\u00e1culos, la historia de estos dos personajes se terminar\u00e1 gracias a la <i>royal wedding<\/i>.<\/p>\n<p>Aunque la coestrella de la <i>royal-to-be<\/i>, J. Adams, le dese\u00f3 toda la felicidad en tres <i>Tweets<\/i> \u2014dos de ellos muy c\u00f3micos\u2014 luego de dar a conocer su compromiso con Prince Harry, los fan\u00e1ticos no est\u00e1n muy de acuerdo con la salida de Rachel Zane.<\/p>\n<blockquote class=\"twitter-tweet\" data-width=\"500\" data-dnt=\"true\">\n<p lang=\"en\" dir=\"ltr\">She said she was just going out to get some milk&#8230; <a href=\"https:\/\/t.co\/y7cnM0eC9D\" target=\"_blank\">https:\/\/t.co\/y7cnM0eC9D<\/a><\/p>\n<p>&mdash; Patrick J Adams (@halfadams) <a href=\"https:\/\/twitter.com\/halfadams\/status\/935168456957165568?ref_src=twsrc%5Etfw\" target=\"_blank\">November 27, 2017<\/a><\/p><\/blockquote>\n<p><script async src=\"https:\/\/platform.twitter.com\/widgets.js\" charset=\"utf-8\"><\/script><\/p>\n<blockquote class=\"twitter-tweet\" data-width=\"500\" data-dnt=\"true\">\n<p lang=\"en\" dir=\"ltr\">Playing Meghan\u2019s television partner for the better part of a decade uniquely qualifies me to say this: Your Royal Highness, you are a lucky man and I know your long life together will be joyful, productive and hilarious. Meghan, so happy for you, friend. Much love.<\/p>\n<p>&mdash; Patrick J Adams (@halfadams) <a href=\"https:\/\/twitter.com\/halfadams\/status\/935225535076057088?ref_src=twsrc%5Etfw\" target=\"_blank\">November 27, 2017<\/a><\/p><\/blockquote>\n<p><script async src=\"https:\/\/platform.twitter.com\/widgets.js\" charset=\"utf-8\"><\/script><\/p>\n<blockquote class=\"twitter-tweet\" data-width=\"500\" data-dnt=\"true\">\n<p lang=\"en\" dir=\"ltr\">So&#8230;.no milk? <a href=\"https:\/\/t.co\/rNBtUxlZow\" target=\"_blank\">https:\/\/t.co\/rNBtUxlZow<\/a><\/p>\n<p>&mdash; Patrick J Adams (@halfadams) <a href=\"https:\/\/twitter.com\/halfadams\/status\/935670415715852288?ref_src=twsrc%5Etfw\" target=\"_blank\">November 29, 2017<\/a><\/p><\/blockquote>\n<p><script async src=\"https:\/\/platform.twitter.com\/widgets.js\" charset=\"utf-8\"><\/script><\/p>\n<p>&nbsp;<\/p>\n<p>\u00bfC\u00f3mo terminar\u00e1 la historia del matrimonio entre Rachel Zane y Mike Ross?<\/p>\n<p>Aqu\u00ed el adelanto.<\/p>\n<p><iframe loading=\"lazy\" src=\"\/\/player.ooyala.com\/static\/v4\/stable\/4.14.8\/skin-plugin\/iframe.html?ec=lyMjhsZTE638Ynzia3nVhNOwDmLDHE8G&amp;pbid=ZTIxYmJjZDM2NWYzZDViZGRiOWJjYzc5&amp;pcode=RvbGU6Z74XE_a3bj4QwRGByhq9h2\" width=\"640\" height=\"480\" frameborder=\"0\"><\/iframe><\/p>\n<h5><\/h5>\n<h5><em>*IMAGEN: Cortes\u00eda<\/em><\/h5>\n","protected":false},"author":11636,"featured_media":45806,"template":"","format":"standard","categories":[2],"acf":[],"yoast_head":"<!-- This site is optimized with the Yoast SEO Premium plugin v18.5 (Yoast SEO v20.4) - https:\/\/yoast.com\/wordpress\/plugins\/seo\/ -->\n<title>El trailer de la \u00faltima temporada de Meghan Markle en Suits, \u00a1ya est\u00e1 aqu\u00ed! | Grazia M\u00e9xico y Latinoam\u00e9rica<\/title>\n<meta name=\"description\" content=\"Esta es la \u00faltima temporada que veremos a Meghan Markle en Suits (y como actriz), y el trailer \u00a1ya est\u00e1 aqu\u00ed! \u00bfQu\u00e9 pasar\u00e1 con su personaje?\" \/>\n<meta name=\"robots\" content=\"index, follow, max-snippet:-1, max-image-preview:large, max-video-preview:-1\" \/>\n<link rel=\"canonical\" href=\"https:\/\/graziamagazine.com\/mx\/articles\/trailer-la-ultima-temporada-meghan-markle-en-suits-ya-esta-aqui\/\" \/>\n<meta property=\"og:locale\" content=\"es_MX\" \/>\n<meta property=\"og:type\" content=\"article\" \/>\n<meta property=\"og:title\" content=\"El trailer de la \u00faltima temporada de Meghan Markle en Suits, \u00a1ya est\u00e1 aqu\u00ed!\" \/>\n<meta property=\"og:description\" content=\"Esta es la \u00faltima temporada que veremos a Meghan Markle en Suits (y como actriz), y el trailer \u00a1ya est\u00e1 aqu\u00ed! \u00bfQu\u00e9 pasar\u00e1 con su personaje?\" \/>\n<meta property=\"og:url\" content=\"https:\/\/graziamagazine.com\/mx\/articles\/trailer-la-ultima-temporada-meghan-markle-en-suits-ya-esta-aqui\/\" \/>\n<meta property=\"og:site_name\" content=\"Grazia M\u00e9xico y Latinoam\u00e9rica\" \/>\n<meta property=\"article:modified_time\" content=\"2018-03-07T22:58:25+00:00\" \/>\n<meta property=\"og:image\" content=\"https:\/\/graziamagazine.com\/mx\/wp-content\/uploads\/sites\/13\/2018\/03\/trailer-la-ultima-temporada-meghan-markle-en-suits-ya-esta-aqui-destacada.jpg?fit=1200%2C630\" \/>\n\t<meta property=\"og:image:width\" content=\"1200\" \/>\n\t<meta property=\"og:image:height\" content=\"630\" \/>\n\t<meta property=\"og:image:type\" content=\"image\/jpeg\" \/>\n<meta name=\"twitter:card\" content=\"summary_large_image\" \/>\n<meta name=\"twitter:label1\" content=\"Est. reading time\" \/>\n\t<meta name=\"twitter:data1\" content=\"1 minuto\" \/>\n<script type=\"application\/ld+json\" class=\"yoast-schema-graph\">{\"@context\":\"https:\/\/schema.org\",\"@graph\":[{\"@type\":\"WebPage\",\"@id\":\"https:\/\/graziamagazine.com\/mx\/articles\/trailer-la-ultima-temporada-meghan-markle-en-suits-ya-esta-aqui\/\",\"url\":\"https:\/\/graziamagazine.com\/mx\/articles\/trailer-la-ultima-temporada-meghan-markle-en-suits-ya-esta-aqui\/\",\"name\":\"El trailer de la \u00faltima temporada de Meghan Markle en Suits, \u00a1ya est\u00e1 aqu\u00ed! | Grazia M\u00e9xico y Latinoam\u00e9rica\",\"isPartOf\":{\"@id\":\"https:\/\/graziamagazine.com\/mx\/#website\"},\"datePublished\":\"2018-03-07T22:57:53+00:00\",\"dateModified\":\"2018-03-07T22:58:25+00:00\",\"description\":\"Esta es la \u00faltima temporada que veremos a Meghan Markle en Suits (y como actriz), y el trailer \u00a1ya est\u00e1 aqu\u00ed! \u00bfQu\u00e9 pasar\u00e1 con su personaje?\",\"breadcrumb\":{\"@id\":\"https:\/\/graziamagazine.com\/mx\/articles\/trailer-la-ultima-temporada-meghan-markle-en-suits-ya-esta-aqui\/#breadcrumb\"},\"inLanguage\":\"es-MX\",\"potentialAction\":[{\"@type\":\"ReadAction\",\"target\":[\"https:\/\/graziamagazine.com\/mx\/articles\/trailer-la-ultima-temporada-meghan-markle-en-suits-ya-esta-aqui\/\"]}]},{\"@type\":\"BreadcrumbList\",\"@id\":\"https:\/\/graziamagazine.com\/mx\/articles\/trailer-la-ultima-temporada-meghan-markle-en-suits-ya-esta-aqui\/#breadcrumb\",\"itemListElement\":[{\"@type\":\"ListItem\",\"position\":1,\"name\":\"Home\",\"item\":\"https:\/\/graziamagazine.com\/mx\/\"},{\"@type\":\"ListItem\",\"position\":2,\"name\":\"El trailer de la \u00faltima temporada de Meghan Markle en Suits, \u00a1ya est\u00e1 aqu\u00ed!\"}]},{\"@type\":\"WebSite\",\"@id\":\"https:\/\/graziamagazine.com\/mx\/#website\",\"url\":\"https:\/\/graziamagazine.com\/mx\/\",\"name\":\"Grazia M\u00e9xico y Latinoam\u00e9rica\",\"description\":\"Grazia es moda, belleza y noticias  de actualidad \",\"potentialAction\":[{\"@type\":\"SearchAction\",\"target\":{\"@type\":\"EntryPoint\",\"urlTemplate\":\"https:\/\/graziamagazine.com\/mx\/?s={search_term_string}\"},\"query-input\":\"required name=search_term_string\"}],\"inLanguage\":\"es-MX\"}]}<\/script>\n<!-- \/ Yoast SEO Premium plugin. -->","yoast_head_json":{"title":"El trailer de la \u00faltima temporada de Meghan Markle en Suits, \u00a1ya est\u00e1 aqu\u00ed! | Grazia M\u00e9xico y Latinoam\u00e9rica","description":"Esta es la \u00faltima temporada que veremos a Meghan Markle en Suits (y como actriz), y el trailer \u00a1ya est\u00e1 aqu\u00ed! \u00bfQu\u00e9 pasar\u00e1 con su personaje?","robots":{"index":"index","follow":"follow","max-snippet":"max-snippet:-1","max-image-preview":"max-image-preview:large","max-video-preview":"max-video-preview:-1"},"canonical":"https:\/\/graziamagazine.com\/mx\/articles\/trailer-la-ultima-temporada-meghan-markle-en-suits-ya-esta-aqui\/","og_locale":"es_MX","og_type":"article","og_title":"El trailer de la \u00faltima temporada de Meghan Markle en Suits, \u00a1ya est\u00e1 aqu\u00ed!","og_description":"Esta es la \u00faltima temporada que veremos a Meghan Markle en Suits (y como actriz), y el trailer \u00a1ya est\u00e1 aqu\u00ed! \u00bfQu\u00e9 pasar\u00e1 con su personaje?","og_url":"https:\/\/graziamagazine.com\/mx\/articles\/trailer-la-ultima-temporada-meghan-markle-en-suits-ya-esta-aqui\/","og_site_name":"Grazia M\u00e9xico y Latinoam\u00e9rica","article_modified_time":"2018-03-07T22:58:25+00:00","og_image":[{"width":1200,"height":630,"url":"https:\/\/graziamagazine.com\/mx\/wp-content\/uploads\/sites\/13\/2018\/03\/trailer-la-ultima-temporada-meghan-markle-en-suits-ya-esta-aqui-destacada.jpg?fit=1200%2C630","type":"image\/jpeg"}],"twitter_card":"summary_large_image","twitter_misc":{"Est. reading time":"1 minuto"},"schema":{"@context":"https:\/\/schema.org","@graph":[{"@type":"WebPage","@id":"https:\/\/graziamagazine.com\/mx\/articles\/trailer-la-ultima-temporada-meghan-markle-en-suits-ya-esta-aqui\/","url":"https:\/\/graziamagazine.com\/mx\/articles\/trailer-la-ultima-temporada-meghan-markle-en-suits-ya-esta-aqui\/","name":"El trailer de la \u00faltima temporada de Meghan Markle en Suits, \u00a1ya est\u00e1 aqu\u00ed! | Grazia M\u00e9xico y Latinoam\u00e9rica","isPartOf":{"@id":"https:\/\/graziamagazine.com\/mx\/#website"},"datePublished":"2018-03-07T22:57:53+00:00","dateModified":"2018-03-07T22:58:25+00:00","description":"Esta es la \u00faltima temporada que veremos a Meghan Markle en Suits (y como actriz), y el trailer \u00a1ya est\u00e1 aqu\u00ed! \u00bfQu\u00e9 pasar\u00e1 con su personaje?","breadcrumb":{"@id":"https:\/\/graziamagazine.com\/mx\/articles\/trailer-la-ultima-temporada-meghan-markle-en-suits-ya-esta-aqui\/#breadcrumb"},"inLanguage":"es-MX","potentialAction":[{"@type":"ReadAction","target":["https:\/\/graziamagazine.com\/mx\/articles\/trailer-la-ultima-temporada-meghan-markle-en-suits-ya-esta-aqui\/"]}]},{"@type":"BreadcrumbList","@id":"https:\/\/graziamagazine.com\/mx\/articles\/trailer-la-ultima-temporada-meghan-markle-en-suits-ya-esta-aqui\/#breadcrumb","itemListElement":[{"@type":"ListItem","position":1,"name":"Home","item":"https:\/\/graziamagazine.com\/mx\/"},{"@type":"ListItem","position":2,"name":"El trailer de la \u00faltima temporada de Meghan Markle en Suits, \u00a1ya est\u00e1 aqu\u00ed!"}]},{"@type":"WebSite","@id":"https:\/\/graziamagazine.com\/mx\/#website","url":"https:\/\/graziamagazine.com\/mx\/","name":"Grazia M\u00e9xico y Latinoam\u00e9rica","description":"Grazia es moda, belleza y noticias  de actualidad ","potentialAction":[{"@type":"SearchAction","target":{"@type":"EntryPoint","urlTemplate":"https:\/\/graziamagazine.com\/mx\/?s={search_term_string}"},"query-input":"required name=search_term_string"}],"inLanguage":"es-MX"}]}},"jetpack_sharing_enabled":true,"distributor_meta":false,"distributor_terms":false,"distributor_media":false,"distributor_original_site_name":"Grazia M\u00e9xico y Latinoam\u00e9rica","distributor_original_site_url":"https:\/\/graziamagazine.com\/mx","push-errors":false,"_links":{"self":[{"href":"https:\/\/graziamagazine.com\/mx\/wp-json\/wp\/v2\/articles\/45800"}],"collection":[{"href":"https:\/\/graziamagazine.com\/mx\/wp-json\/wp\/v2\/articles"}],"about":[{"href":"https:\/\/graziamagazine.com\/mx\/wp-json\/wp\/v2\/types\/articles"}],"author":[{"embeddable":true,"href":"https:\/\/graziamagazine.com\/mx\/wp-json\/wp\/v2\/users\/11636"}],"wp:featuredmedia":[{"embeddable":true,"href":"https:\/\/graziamagazine.com\/mx\/wp-json\/wp\/v2\/media\/45806"}],"wp:attachment":[{"href":"https:\/\/graziamagazine.com\/mx\/wp-json\/wp\/v2\/media?parent=45800"}],"wp:term":[{"taxonomy":"category","embeddable":true,"href":"https:\/\/graziamagazine.com\/mx\/wp-json\/wp\/v2\/categories?post=45800"}],"curies":[{"name":"wp","href":"https:\/\/api.w.org\/{rel}","templated":true}]}}