{"id":45193,"date":"2018-03-04T20:00:53","date_gmt":"2018-03-05T02:00:53","guid":{"rendered":"https:\/\/graziamagazine.com\/mx\/?p=45193"},"modified":"2018-03-04T20:06:47","modified_gmt":"2018-03-05T02:06:47","slug":"los-mexicanos-apoderaron-premios-oscar-2018","status":"publish","type":"articles","link":"https:\/\/graziamagazine.com\/mx\/articles\/los-mexicanos-apoderaron-premios-oscar-2018\/","title":{"rendered":"Los mexicanos que se apoderaron de los premios Oscar 2018"},"content":{"rendered":"<p><strong>En la edici\u00f3n n\u00famero 90 de los premios Oscar, los mexicanos se apoderaron de la alfombra roja. Estos fueron los momentos en los que ellos (y M\u00e9xico) brillaron.<\/strong><!--more--><\/p>\n<p>Seguramente esta es la edici\u00f3n de los <strong>premios Oscar<\/strong> con m\u00e1s mexicanos. El orgullo comenz\u00f3 con la nominaci\u00f3n del aclamado director, <strong>Guillermo del Toro<\/strong>, e increment\u00f3 cuando la Academia anunci\u00f3 que <a href=\"https:\/\/graziamagazine.com\/mx\/gael-garcia-bernal-natalia-lafourcade-cantaran-premios-oscar\/\" target=\"_blank\" rel=\"noopener\"><strong>Natalia Lafourcade<\/strong> y <strong>Gael Garc\u00eda Bernal<\/strong><\/a> cantar\u00edan el tema de la pel\u00edcula animada,\u00a0<em>Coco<\/em>, &#8220;Remember Me&#8221;. <a href=\"https:\/\/graziamagazine.com\/mx\/dos-mexicanos-eiza-gonzalez-eugenio-derbez-presentaran-en-los-premios-oscar\/\" target=\"_blank\" rel=\"noopener\"><strong>Eugenio Derbez<\/strong> y <strong>Eiza Gonz\u00e1lez<\/strong><\/a> se unieron a los presentadores, al igual que <strong>Salma Hayek<\/strong>. \u00bfNos falta alguien m\u00e1s?<\/p>\n<p>Para la alfombra roja, <strong>Natalia Lafourcade<\/strong> luci\u00f3 un dise\u00f1o del mexicano\u00a0<strong>Francisco Cancino<\/strong> y su firma, <strong>Yakampot<\/strong>. Eiza opt\u00f3 por un sencillo vestido de la colecci\u00f3n SS18 de <strong>Ralph Lauren<\/strong>, mientras <strong>Salma Hayek<\/strong> brill\u00f3 en una creaci\u00f3n de <strong>Alessandro Michele<\/strong> para <strong>Gucci<\/strong>.<\/p>\n<p><img decoding=\"async\" class=\"alignnone size-large wp-image-45319\" src=\"https:\/\/graziamagazine.com\/mx\/wp-content\/uploads\/sites\/13\/2018\/03\/los-mexicanos-apoderaron-premios-oscar-2018-natalia-lafourcade-700x963.jpg\" alt=\"\" \/><\/p>\n<p><img decoding=\"async\" class=\"alignnone size-large wp-image-45320\" src=\"https:\/\/graziamagazine.com\/mx\/wp-content\/uploads\/sites\/13\/2018\/03\/los-mexicanos-apoderaron-premios-oscar-2018-eiza-gonzalez-700x1051.jpg\" alt=\"\" \/><\/p>\n<p><img decoding=\"async\" class=\"alignnone size-large wp-image-45321\" src=\"https:\/\/graziamagazine.com\/mx\/wp-content\/uploads\/sites\/13\/2018\/03\/los-mexicanos-apoderaron-premios-oscar-2018-salma-hayek-700x1044.jpg\" alt=\"\" \/><\/p>\n<p>El ya galardonado director, <strong>Alejandro Gonz\u00e1lez I\u00f1arritu<\/strong>, tambi\u00e9n camin\u00f3 por la alfombra roja junto a su esposa, ambos en <strong>Prada<\/strong>. <strong>Gael Garc\u00eda Bernal<\/strong> lo hizo vistiendo un elegante smoking en azul, y <strong>Eugenio Derbez<\/strong>\u00a0junto\u00a0<strong>Alessandra Rosaldo<\/strong>, ella en un perfecto\u00a0<em>mermaid dress<\/em> en rojo y \u00e9l en un smoking negro y gris oxford.<\/p>\n<p><img loading=\"lazy\" decoding=\"async\" width=\"678\" height=\"900\" class=\"alignnone size-full wp-image-45323\" src=\"https:\/\/graziamagazine.com\/mx\/wp-content\/uploads\/sites\/13\/2018\/03\/los-mexicanos-apoderaron-premios-oscar-2018-alejandro-gonzalez-i\u00f1arritu.jpg\" alt=\"los-mexicanos-apoderaron-premios-oscar-2018-alejandro-gonzalez-i\u00f1arritu\" srcset=\"https:\/\/graziamagazine.com\/mx\/wp-content\/uploads\/sites\/13\/2018\/03\/los-mexicanos-apoderaron-premios-oscar-2018-alejandro-gonzalez-i\u00f1arritu.jpg 678w, https:\/\/graziamagazine.com\/mx\/wp-content\/uploads\/sites\/13\/2018\/03\/los-mexicanos-apoderaron-premios-oscar-2018-alejandro-gonzalez-i\u00f1arritu.jpg?resize=339,450 339w, https:\/\/graziamagazine.com\/mx\/wp-content\/uploads\/sites\/13\/2018\/03\/los-mexicanos-apoderaron-premios-oscar-2018-alejandro-gonzalez-i\u00f1arritu.jpg?resize=155,206 155w\" sizes=\"(max-width: 678px) 100vw, 678px\" \/><\/p>\n<p><img loading=\"lazy\" decoding=\"async\" width=\"453\" height=\"680\" class=\"alignnone size-full wp-image-45322\" src=\"https:\/\/graziamagazine.com\/mx\/wp-content\/uploads\/sites\/13\/2018\/03\/los-mexicanos-apoderaron-premios-oscar-2018-gael-garcia-bernal.jpg\" alt=\"los-mexicanos-apoderaron-premios-oscar-2018-gael-garcia-bernal\" srcset=\"https:\/\/graziamagazine.com\/mx\/wp-content\/uploads\/sites\/13\/2018\/03\/los-mexicanos-apoderaron-premios-oscar-2018-gael-garcia-bernal.jpg 453w, https:\/\/graziamagazine.com\/mx\/wp-content\/uploads\/sites\/13\/2018\/03\/los-mexicanos-apoderaron-premios-oscar-2018-gael-garcia-bernal.jpg?resize=300,450 300w, https:\/\/graziamagazine.com\/mx\/wp-content\/uploads\/sites\/13\/2018\/03\/los-mexicanos-apoderaron-premios-oscar-2018-gael-garcia-bernal.jpg?resize=143,215 143w\" sizes=\"(max-width: 453px) 100vw, 453px\" \/><\/p>\n<p><img decoding=\"async\" class=\"alignnone size-large wp-image-45324\" src=\"https:\/\/graziamagazine.com\/mx\/wp-content\/uploads\/sites\/13\/2018\/03\/los-mexicanos-apoderaron-premios-oscar-2018-eugenio-derbez-alessadra-rosado-700x850.jpg\" alt=\"los-mexicanos-apoderaron-premios-oscar-2018-eugenio-derbez-alessadra-rosado\" \/><\/p>\n<p>&nbsp;<\/p>\n<h5><em>*IM\u00c1GENES: Getty Images<\/em><\/h5>\n","protected":false},"author":11636,"featured_media":45314,"template":"","format":"standard","categories":[2],"acf":[],"yoast_head":"<!-- This site is optimized with the Yoast SEO Premium plugin v18.5 (Yoast SEO v20.4) - https:\/\/yoast.com\/wordpress\/plugins\/seo\/ -->\n<title>Los mexicanos que se apoderaron de los premios Oscar 2018 | Grazia M\u00e9xico y Latinoam\u00e9rica<\/title>\n<meta name=\"description\" content=\"En la edici\u00f3n n\u00famero 90 de los premios Oscar, los mexicanos se apoderaron de la alfombra roja. Estos fueron los momentos en los que M\u00e9xico brill\u00f3.\" \/>\n<meta name=\"robots\" content=\"index, follow, max-snippet:-1, max-image-preview:large, max-video-preview:-1\" \/>\n<link rel=\"canonical\" href=\"https:\/\/graziamagazine.com\/mx\/articles\/los-mexicanos-apoderaron-premios-oscar-2018\/\" \/>\n<meta property=\"og:locale\" content=\"es_MX\" \/>\n<meta property=\"og:type\" content=\"article\" \/>\n<meta property=\"og:title\" content=\"Los mexicanos que se apoderaron de los premios Oscar 2018\" \/>\n<meta property=\"og:description\" content=\"En la edici\u00f3n n\u00famero 90 de los premios Oscar, los mexicanos se apoderaron de la alfombra roja. Estos fueron los momentos en los que M\u00e9xico brill\u00f3.\" \/>\n<meta property=\"og:url\" content=\"https:\/\/graziamagazine.com\/mx\/articles\/los-mexicanos-apoderaron-premios-oscar-2018\/\" \/>\n<meta property=\"og:site_name\" content=\"Grazia M\u00e9xico y Latinoam\u00e9rica\" \/>\n<meta property=\"article:modified_time\" content=\"2018-03-05T02:06:47+00:00\" \/>\n<meta property=\"og:image\" content=\"https:\/\/graziamagazine.com\/mx\/wp-content\/uploads\/sites\/13\/2018\/03\/los-mexicanos-apoderaron-premios-oscar-2018-destacada.jpg?fit=4600%2C3062\" \/>\n\t<meta property=\"og:image:width\" content=\"4600\" \/>\n\t<meta property=\"og:image:height\" content=\"3062\" \/>\n\t<meta property=\"og:image:type\" content=\"image\/jpeg\" \/>\n<meta name=\"twitter:card\" content=\"summary_large_image\" \/>\n<meta name=\"twitter:label1\" content=\"Est. reading time\" \/>\n\t<meta name=\"twitter:data1\" content=\"1 minuto\" \/>\n<script type=\"application\/ld+json\" class=\"yoast-schema-graph\">{\"@context\":\"https:\/\/schema.org\",\"@graph\":[{\"@type\":\"WebPage\",\"@id\":\"https:\/\/graziamagazine.com\/mx\/articles\/los-mexicanos-apoderaron-premios-oscar-2018\/\",\"url\":\"https:\/\/graziamagazine.com\/mx\/articles\/los-mexicanos-apoderaron-premios-oscar-2018\/\",\"name\":\"Los mexicanos que se apoderaron de los premios Oscar 2018 | Grazia M\u00e9xico y Latinoam\u00e9rica\",\"isPartOf\":{\"@id\":\"https:\/\/graziamagazine.com\/mx\/#website\"},\"datePublished\":\"2018-03-05T02:00:53+00:00\",\"dateModified\":\"2018-03-05T02:06:47+00:00\",\"description\":\"En la edici\u00f3n n\u00famero 90 de los premios Oscar, los mexicanos se apoderaron de la alfombra roja. Estos fueron los momentos en los que M\u00e9xico brill\u00f3.\",\"breadcrumb\":{\"@id\":\"https:\/\/graziamagazine.com\/mx\/articles\/los-mexicanos-apoderaron-premios-oscar-2018\/#breadcrumb\"},\"inLanguage\":\"es-MX\",\"potentialAction\":[{\"@type\":\"ReadAction\",\"target\":[\"https:\/\/graziamagazine.com\/mx\/articles\/los-mexicanos-apoderaron-premios-oscar-2018\/\"]}]},{\"@type\":\"BreadcrumbList\",\"@id\":\"https:\/\/graziamagazine.com\/mx\/articles\/los-mexicanos-apoderaron-premios-oscar-2018\/#breadcrumb\",\"itemListElement\":[{\"@type\":\"ListItem\",\"position\":1,\"name\":\"Home\",\"item\":\"https:\/\/graziamagazine.com\/mx\/\"},{\"@type\":\"ListItem\",\"position\":2,\"name\":\"Los mexicanos que se apoderaron de los premios Oscar 2018\"}]},{\"@type\":\"WebSite\",\"@id\":\"https:\/\/graziamagazine.com\/mx\/#website\",\"url\":\"https:\/\/graziamagazine.com\/mx\/\",\"name\":\"Grazia M\u00e9xico y Latinoam\u00e9rica\",\"description\":\"Grazia es moda, belleza y noticias  de actualidad \",\"potentialAction\":[{\"@type\":\"SearchAction\",\"target\":{\"@type\":\"EntryPoint\",\"urlTemplate\":\"https:\/\/graziamagazine.com\/mx\/?s={search_term_string}\"},\"query-input\":\"required name=search_term_string\"}],\"inLanguage\":\"es-MX\"}]}<\/script>\n<!-- \/ Yoast SEO Premium plugin. -->","yoast_head_json":{"title":"Los mexicanos que se apoderaron de los premios Oscar 2018 | Grazia M\u00e9xico y Latinoam\u00e9rica","description":"En la edici\u00f3n n\u00famero 90 de los premios Oscar, los mexicanos se apoderaron de la alfombra roja. Estos fueron los momentos en los que M\u00e9xico brill\u00f3.","robots":{"index":"index","follow":"follow","max-snippet":"max-snippet:-1","max-image-preview":"max-image-preview:large","max-video-preview":"max-video-preview:-1"},"canonical":"https:\/\/graziamagazine.com\/mx\/articles\/los-mexicanos-apoderaron-premios-oscar-2018\/","og_locale":"es_MX","og_type":"article","og_title":"Los mexicanos que se apoderaron de los premios Oscar 2018","og_description":"En la edici\u00f3n n\u00famero 90 de los premios Oscar, los mexicanos se apoderaron de la alfombra roja. Estos fueron los momentos en los que M\u00e9xico brill\u00f3.","og_url":"https:\/\/graziamagazine.com\/mx\/articles\/los-mexicanos-apoderaron-premios-oscar-2018\/","og_site_name":"Grazia M\u00e9xico y Latinoam\u00e9rica","article_modified_time":"2018-03-05T02:06:47+00:00","og_image":[{"width":4600,"height":3062,"url":"https:\/\/graziamagazine.com\/mx\/wp-content\/uploads\/sites\/13\/2018\/03\/los-mexicanos-apoderaron-premios-oscar-2018-destacada.jpg?fit=4600%2C3062","type":"image\/jpeg"}],"twitter_card":"summary_large_image","twitter_misc":{"Est. reading time":"1 minuto"},"schema":{"@context":"https:\/\/schema.org","@graph":[{"@type":"WebPage","@id":"https:\/\/graziamagazine.com\/mx\/articles\/los-mexicanos-apoderaron-premios-oscar-2018\/","url":"https:\/\/graziamagazine.com\/mx\/articles\/los-mexicanos-apoderaron-premios-oscar-2018\/","name":"Los mexicanos que se apoderaron de los premios Oscar 2018 | Grazia M\u00e9xico y Latinoam\u00e9rica","isPartOf":{"@id":"https:\/\/graziamagazine.com\/mx\/#website"},"datePublished":"2018-03-05T02:00:53+00:00","dateModified":"2018-03-05T02:06:47+00:00","description":"En la edici\u00f3n n\u00famero 90 de los premios Oscar, los mexicanos se apoderaron de la alfombra roja. Estos fueron los momentos en los que M\u00e9xico brill\u00f3.","breadcrumb":{"@id":"https:\/\/graziamagazine.com\/mx\/articles\/los-mexicanos-apoderaron-premios-oscar-2018\/#breadcrumb"},"inLanguage":"es-MX","potentialAction":[{"@type":"ReadAction","target":["https:\/\/graziamagazine.com\/mx\/articles\/los-mexicanos-apoderaron-premios-oscar-2018\/"]}]},{"@type":"BreadcrumbList","@id":"https:\/\/graziamagazine.com\/mx\/articles\/los-mexicanos-apoderaron-premios-oscar-2018\/#breadcrumb","itemListElement":[{"@type":"ListItem","position":1,"name":"Home","item":"https:\/\/graziamagazine.com\/mx\/"},{"@type":"ListItem","position":2,"name":"Los mexicanos que se apoderaron de los premios Oscar 2018"}]},{"@type":"WebSite","@id":"https:\/\/graziamagazine.com\/mx\/#website","url":"https:\/\/graziamagazine.com\/mx\/","name":"Grazia M\u00e9xico y Latinoam\u00e9rica","description":"Grazia es moda, belleza y noticias  de actualidad ","potentialAction":[{"@type":"SearchAction","target":{"@type":"EntryPoint","urlTemplate":"https:\/\/graziamagazine.com\/mx\/?s={search_term_string}"},"query-input":"required name=search_term_string"}],"inLanguage":"es-MX"}]}},"jetpack_sharing_enabled":true,"distributor_meta":false,"distributor_terms":false,"distributor_media":false,"distributor_original_site_name":"Grazia M\u00e9xico y Latinoam\u00e9rica","distributor_original_site_url":"https:\/\/graziamagazine.com\/mx","push-errors":false,"_links":{"self":[{"href":"https:\/\/graziamagazine.com\/mx\/wp-json\/wp\/v2\/articles\/45193"}],"collection":[{"href":"https:\/\/graziamagazine.com\/mx\/wp-json\/wp\/v2\/articles"}],"about":[{"href":"https:\/\/graziamagazine.com\/mx\/wp-json\/wp\/v2\/types\/articles"}],"author":[{"embeddable":true,"href":"https:\/\/graziamagazine.com\/mx\/wp-json\/wp\/v2\/users\/11636"}],"wp:featuredmedia":[{"embeddable":true,"href":"https:\/\/graziamagazine.com\/mx\/wp-json\/wp\/v2\/media\/45314"}],"wp:attachment":[{"href":"https:\/\/graziamagazine.com\/mx\/wp-json\/wp\/v2\/media?parent=45193"}],"wp:term":[{"taxonomy":"category","embeddable":true,"href":"https:\/\/graziamagazine.com\/mx\/wp-json\/wp\/v2\/categories?post=45193"}],"curies":[{"name":"wp","href":"https:\/\/api.w.org\/{rel}","templated":true}]}}