{"id":44135,"date":"2017-03-03T11:23:54","date_gmt":"2017-03-03T17:23:54","guid":{"rendered":"https:\/\/graziamagazine.com\/mx\/?p=44135"},"modified":"2019-08-12T18:04:53","modified_gmt":"2019-08-12T23:04:53","slug":"gael-garcia-bernal-natalia-lafourcade-cantaran-premios-oscar","status":"publish","type":"articles","link":"https:\/\/graziamagazine.com\/mx\/articles\/gael-garcia-bernal-natalia-lafourcade-cantaran-premios-oscar\/","title":{"rendered":"Gael Garc\u00eda Bernal y Natalia Lafourcade cantar\u00e1n en los premios Oscar"},"content":{"rendered":"<p><b>La Academia confirm\u00f3 la actuaci\u00f3n de Gael Garc\u00eda Bernal y Natalia Lafourcade en la prestigiosa ceremonia. \u00bfQu\u00e9 podemos esperar?<\/b><!--more--><\/p>\n<p>Los premios <a href=\"https:\/\/graziamagazine.com\/mx\/nominados-oscar-2018\/\"><b>Oscar<\/b><\/a> est\u00e1n a la vuelta de la esquina y esta ma\u00f1ana la Academia anunci\u00f3 las presentaciones que ser\u00e1n parte de la ceremonia. No es ning\u00fan secreto que <b><i>Coco<\/i><\/b> es una de las favoritas a llevarse el Oscar por mejor pel\u00edcula animada. Sin embargo, en la antesala de los premios m\u00e1s codiciados, \u201cThis is Me\u201d de <i>The Greatest Showman<\/i> se llev\u00f3 el <i>Golden Globe<\/i> a mejor canci\u00f3n original dejando a \u201cRemember Me\u201d de la pel\u00edcula animada de Pixar en la contienda<\/p>\n<p>Como un filme animado basado en las tradiciones mexicanas, era l\u00f3gico que la canci\u00f3n original de la pel\u00edcula fuera interpretada por mexicanos. Luego de diversos rumores la Academia confirm\u00f3 que <b>Gael Garc\u00eda Bernal<\/b> y <b>Natalia Lafourcade<\/b> ser\u00e1n los representantes de nuestro pa\u00eds en el escenario.<\/p>\n<p>\u00bfQu\u00e9 podemos esperar de esta actuaci\u00f3n estelar?<\/p>\n<h5><em>*IMAGEN: Getty Images<\/em><\/h5>\n","protected":false},"author":11636,"featured_media":44136,"template":"","format":"standard","categories":[2],"acf":[],"yoast_head":"<!-- This site is optimized with the Yoast SEO Premium plugin v18.5 (Yoast SEO v20.4) - https:\/\/yoast.com\/wordpress\/plugins\/seo\/ -->\n<title>Gael Garc\u00eda Bernal y Natalia Lafourcade cantar\u00e1n en los premios Oscar | Grazia M\u00e9xico y Latinoam\u00e9rica<\/title>\n<meta name=\"description\" content=\"La Academia confirm\u00f3 la actuaci\u00f3n de Gael Garc\u00eda Bernal y Natalia Lafourcade en la prestigiosa ceremonia. \u00bfQu\u00e9 podemos esperar?\" \/>\n<meta name=\"robots\" content=\"index, follow, max-snippet:-1, max-image-preview:large, max-video-preview:-1\" \/>\n<link rel=\"canonical\" href=\"https:\/\/graziamagazine.com\/mx\/articles\/gael-garcia-bernal-natalia-lafourcade-cantaran-premios-oscar\/\" \/>\n<meta property=\"og:locale\" content=\"es_MX\" \/>\n<meta property=\"og:type\" content=\"article\" \/>\n<meta property=\"og:title\" content=\"Gael Garc\u00eda Bernal y Natalia Lafourcade cantar\u00e1n en los premios Oscar\" \/>\n<meta property=\"og:description\" content=\"La Academia confirm\u00f3 la actuaci\u00f3n de Gael Garc\u00eda Bernal y Natalia Lafourcade en la prestigiosa ceremonia. \u00bfQu\u00e9 podemos esperar?\" \/>\n<meta property=\"og:url\" content=\"https:\/\/graziamagazine.com\/mx\/articles\/gael-garcia-bernal-natalia-lafourcade-cantaran-premios-oscar\/\" \/>\n<meta property=\"og:site_name\" content=\"Grazia M\u00e9xico y Latinoam\u00e9rica\" \/>\n<meta property=\"article:modified_time\" content=\"2019-08-12T23:04:53+00:00\" \/>\n<meta property=\"og:image\" content=\"https:\/\/graziamagazine.com\/mx\/wp-content\/uploads\/sites\/13\/2018\/02\/gael-garcia-bernal-natalia-lafourcade-cantaran-premios-oscar-destacada.jpg?fit=2500%2C1664\" \/>\n\t<meta property=\"og:image:width\" content=\"2500\" \/>\n\t<meta property=\"og:image:height\" content=\"1664\" \/>\n\t<meta property=\"og:image:type\" content=\"image\/jpeg\" \/>\n<meta name=\"twitter:card\" content=\"summary_large_image\" \/>\n<meta name=\"twitter:label1\" content=\"Est. reading time\" \/>\n\t<meta name=\"twitter:data1\" content=\"1 minuto\" \/>\n<script type=\"application\/ld+json\" class=\"yoast-schema-graph\">{\"@context\":\"https:\/\/schema.org\",\"@graph\":[{\"@type\":\"WebPage\",\"@id\":\"https:\/\/graziamagazine.com\/mx\/articles\/gael-garcia-bernal-natalia-lafourcade-cantaran-premios-oscar\/\",\"url\":\"https:\/\/graziamagazine.com\/mx\/articles\/gael-garcia-bernal-natalia-lafourcade-cantaran-premios-oscar\/\",\"name\":\"Gael Garc\u00eda Bernal y Natalia Lafourcade cantar\u00e1n en los premios Oscar | Grazia M\u00e9xico y Latinoam\u00e9rica\",\"isPartOf\":{\"@id\":\"https:\/\/graziamagazine.com\/mx\/#website\"},\"datePublished\":\"2017-03-03T17:23:54+00:00\",\"dateModified\":\"2019-08-12T23:04:53+00:00\",\"description\":\"La Academia confirm\u00f3 la actuaci\u00f3n de Gael Garc\u00eda Bernal y Natalia Lafourcade en la prestigiosa ceremonia. \u00bfQu\u00e9 podemos esperar?\",\"breadcrumb\":{\"@id\":\"https:\/\/graziamagazine.com\/mx\/articles\/gael-garcia-bernal-natalia-lafourcade-cantaran-premios-oscar\/#breadcrumb\"},\"inLanguage\":\"es-MX\",\"potentialAction\":[{\"@type\":\"ReadAction\",\"target\":[\"https:\/\/graziamagazine.com\/mx\/articles\/gael-garcia-bernal-natalia-lafourcade-cantaran-premios-oscar\/\"]}]},{\"@type\":\"BreadcrumbList\",\"@id\":\"https:\/\/graziamagazine.com\/mx\/articles\/gael-garcia-bernal-natalia-lafourcade-cantaran-premios-oscar\/#breadcrumb\",\"itemListElement\":[{\"@type\":\"ListItem\",\"position\":1,\"name\":\"Home\",\"item\":\"https:\/\/graziamagazine.com\/mx\/\"},{\"@type\":\"ListItem\",\"position\":2,\"name\":\"Gael Garc\u00eda Bernal y Natalia Lafourcade cantar\u00e1n en los premios Oscar\"}]},{\"@type\":\"WebSite\",\"@id\":\"https:\/\/graziamagazine.com\/mx\/#website\",\"url\":\"https:\/\/graziamagazine.com\/mx\/\",\"name\":\"Grazia M\u00e9xico y Latinoam\u00e9rica\",\"description\":\"Grazia es moda, belleza y noticias  de actualidad \",\"potentialAction\":[{\"@type\":\"SearchAction\",\"target\":{\"@type\":\"EntryPoint\",\"urlTemplate\":\"https:\/\/graziamagazine.com\/mx\/?s={search_term_string}\"},\"query-input\":\"required name=search_term_string\"}],\"inLanguage\":\"es-MX\"}]}<\/script>\n<!-- \/ Yoast SEO Premium plugin. -->","yoast_head_json":{"title":"Gael Garc\u00eda Bernal y Natalia Lafourcade cantar\u00e1n en los premios Oscar | Grazia M\u00e9xico y Latinoam\u00e9rica","description":"La Academia confirm\u00f3 la actuaci\u00f3n de Gael Garc\u00eda Bernal y Natalia Lafourcade en la prestigiosa ceremonia. \u00bfQu\u00e9 podemos esperar?","robots":{"index":"index","follow":"follow","max-snippet":"max-snippet:-1","max-image-preview":"max-image-preview:large","max-video-preview":"max-video-preview:-1"},"canonical":"https:\/\/graziamagazine.com\/mx\/articles\/gael-garcia-bernal-natalia-lafourcade-cantaran-premios-oscar\/","og_locale":"es_MX","og_type":"article","og_title":"Gael Garc\u00eda Bernal y Natalia Lafourcade cantar\u00e1n en los premios Oscar","og_description":"La Academia confirm\u00f3 la actuaci\u00f3n de Gael Garc\u00eda Bernal y Natalia Lafourcade en la prestigiosa ceremonia. \u00bfQu\u00e9 podemos esperar?","og_url":"https:\/\/graziamagazine.com\/mx\/articles\/gael-garcia-bernal-natalia-lafourcade-cantaran-premios-oscar\/","og_site_name":"Grazia M\u00e9xico y Latinoam\u00e9rica","article_modified_time":"2019-08-12T23:04:53+00:00","og_image":[{"width":2500,"height":1664,"url":"https:\/\/graziamagazine.com\/mx\/wp-content\/uploads\/sites\/13\/2018\/02\/gael-garcia-bernal-natalia-lafourcade-cantaran-premios-oscar-destacada.jpg?fit=2500%2C1664","type":"image\/jpeg"}],"twitter_card":"summary_large_image","twitter_misc":{"Est. reading time":"1 minuto"},"schema":{"@context":"https:\/\/schema.org","@graph":[{"@type":"WebPage","@id":"https:\/\/graziamagazine.com\/mx\/articles\/gael-garcia-bernal-natalia-lafourcade-cantaran-premios-oscar\/","url":"https:\/\/graziamagazine.com\/mx\/articles\/gael-garcia-bernal-natalia-lafourcade-cantaran-premios-oscar\/","name":"Gael Garc\u00eda Bernal y Natalia Lafourcade cantar\u00e1n en los premios Oscar | Grazia M\u00e9xico y Latinoam\u00e9rica","isPartOf":{"@id":"https:\/\/graziamagazine.com\/mx\/#website"},"datePublished":"2017-03-03T17:23:54+00:00","dateModified":"2019-08-12T23:04:53+00:00","description":"La Academia confirm\u00f3 la actuaci\u00f3n de Gael Garc\u00eda Bernal y Natalia Lafourcade en la prestigiosa ceremonia. \u00bfQu\u00e9 podemos esperar?","breadcrumb":{"@id":"https:\/\/graziamagazine.com\/mx\/articles\/gael-garcia-bernal-natalia-lafourcade-cantaran-premios-oscar\/#breadcrumb"},"inLanguage":"es-MX","potentialAction":[{"@type":"ReadAction","target":["https:\/\/graziamagazine.com\/mx\/articles\/gael-garcia-bernal-natalia-lafourcade-cantaran-premios-oscar\/"]}]},{"@type":"BreadcrumbList","@id":"https:\/\/graziamagazine.com\/mx\/articles\/gael-garcia-bernal-natalia-lafourcade-cantaran-premios-oscar\/#breadcrumb","itemListElement":[{"@type":"ListItem","position":1,"name":"Home","item":"https:\/\/graziamagazine.com\/mx\/"},{"@type":"ListItem","position":2,"name":"Gael Garc\u00eda Bernal y Natalia Lafourcade cantar\u00e1n en los premios Oscar"}]},{"@type":"WebSite","@id":"https:\/\/graziamagazine.com\/mx\/#website","url":"https:\/\/graziamagazine.com\/mx\/","name":"Grazia M\u00e9xico y Latinoam\u00e9rica","description":"Grazia es moda, belleza y noticias  de actualidad ","potentialAction":[{"@type":"SearchAction","target":{"@type":"EntryPoint","urlTemplate":"https:\/\/graziamagazine.com\/mx\/?s={search_term_string}"},"query-input":"required name=search_term_string"}],"inLanguage":"es-MX"}]}},"jetpack_sharing_enabled":true,"distributor_meta":false,"distributor_terms":false,"distributor_media":false,"distributor_original_site_name":"Grazia M\u00e9xico y Latinoam\u00e9rica","distributor_original_site_url":"https:\/\/graziamagazine.com\/mx","push-errors":false,"_links":{"self":[{"href":"https:\/\/graziamagazine.com\/mx\/wp-json\/wp\/v2\/articles\/44135"}],"collection":[{"href":"https:\/\/graziamagazine.com\/mx\/wp-json\/wp\/v2\/articles"}],"about":[{"href":"https:\/\/graziamagazine.com\/mx\/wp-json\/wp\/v2\/types\/articles"}],"author":[{"embeddable":true,"href":"https:\/\/graziamagazine.com\/mx\/wp-json\/wp\/v2\/users\/11636"}],"wp:featuredmedia":[{"embeddable":true,"href":"https:\/\/graziamagazine.com\/mx\/wp-json\/wp\/v2\/media\/44136"}],"wp:attachment":[{"href":"https:\/\/graziamagazine.com\/mx\/wp-json\/wp\/v2\/media?parent=44135"}],"wp:term":[{"taxonomy":"category","embeddable":true,"href":"https:\/\/graziamagazine.com\/mx\/wp-json\/wp\/v2\/categories?post=44135"}],"curies":[{"name":"wp","href":"https:\/\/api.w.org\/{rel}","templated":true}]}}