{"id":44131,"date":"2018-02-23T10:12:12","date_gmt":"2018-02-23T16:12:12","guid":{"rendered":"https:\/\/graziamagazine.com\/mx\/?p=44131"},"modified":"2018-02-23T10:12:25","modified_gmt":"2018-02-23T16:12:25","slug":"dakota-fanning-directora-del-nuevo-corto-miu-miu","status":"publish","type":"articles","link":"https:\/\/graziamagazine.com\/mx\/articles\/dakota-fanning-directora-del-nuevo-corto-miu-miu\/","title":{"rendered":"Dakota Fanning como directora del nuevo corto de Miu Miu"},"content":{"rendered":"<p><b>La actriz que nos flech\u00f3 desde ni\u00f1a, Dakota Fanning, hace su debut como directora con un corto para Miu Miu y este fue el resultado.<\/b><!--more--><\/p>\n<p><b>Miu Miu<\/b> se ha logrado coronar como una de las firmas m\u00e1s femeninas y, en cierto modo, m\u00e1s frescas de nuestros tiempos. Teniendo a musas y aliadas como las hermanas Fanning, solo habla de que en esta era <i>millennial<\/i> los \u00edconos son cada vez m\u00e1s trascendentales \u2014en unos a\u00f1os recordaremos a estas dos hermanas como personas clave de estilo.<\/p>\n<p>La actuaci\u00f3n parece ser el comienzo a una amplia carrera cinematogr\u00e1fica. Y es que ahora la dualidad con la que las estrellas de Hollywood se manejan es realmente impactante, a\u00fan m\u00e1s cuando se trata de una celebridad que vimos en crecimiento.<\/p>\n<p>En una gran alianza entre <b>Dakota Fanning<\/b>\u00a0 y Miu Miu, la actriz se vuelve directora de un corto que narra su vida cuando empez\u00f3 como ser independiente despu\u00e9s de cortar con su exnovio. Entrelazando aquellos momentos que moldean una personalidad, <i>Hello Apartment<\/i> es una expresi\u00f3n social feminista: \u00bfqu\u00e9 papel toma una mujer brillante y joven en la sociedad del siglo XXI?<\/p>\n<p><iframe loading=\"lazy\" src=\"https:\/\/www.youtube.com\/embed\/k3I2RYDeMTo\" width=\"560\" height=\"315\" frameborder=\"0\" allowfullscreen=\"allowfullscreen\"><\/iframe><\/p>\n<h5><em>*IMAGEN: Getty Images<\/em><\/h5>\n","protected":false},"author":11636,"featured_media":44132,"template":"","format":"standard","categories":[2],"acf":[],"yoast_head":"<!-- This site is optimized with the Yoast SEO Premium plugin v18.5 (Yoast SEO v20.4) - https:\/\/yoast.com\/wordpress\/plugins\/seo\/ -->\n<title>Dakota Fanning como directora del nuevo corto de Miu Miu | Grazia M\u00e9xico y Latinoam\u00e9rica<\/title>\n<meta name=\"description\" content=\"La actriz que nos flech\u00f3 desde ni\u00f1a, Dakota Fanning, hace su debut como directora con un corto para Miu Miu y este fue el maravilloso resultado.\" \/>\n<meta name=\"robots\" content=\"index, follow, max-snippet:-1, max-image-preview:large, max-video-preview:-1\" \/>\n<link rel=\"canonical\" href=\"https:\/\/graziamagazine.com\/mx\/articles\/dakota-fanning-directora-del-nuevo-corto-miu-miu\/\" \/>\n<meta property=\"og:locale\" content=\"es_MX\" \/>\n<meta property=\"og:type\" content=\"article\" \/>\n<meta property=\"og:title\" content=\"Dakota Fanning como directora del nuevo corto de Miu Miu\" \/>\n<meta property=\"og:description\" content=\"La actriz que nos flech\u00f3 desde ni\u00f1a, Dakota Fanning, hace su debut como directora con un corto para Miu Miu y este fue el maravilloso resultado.\" \/>\n<meta property=\"og:url\" content=\"https:\/\/graziamagazine.com\/mx\/articles\/dakota-fanning-directora-del-nuevo-corto-miu-miu\/\" \/>\n<meta property=\"og:site_name\" content=\"Grazia M\u00e9xico y Latinoam\u00e9rica\" \/>\n<meta property=\"article:modified_time\" content=\"2018-02-23T16:12:25+00:00\" \/>\n<meta property=\"og:image\" content=\"https:\/\/graziamagazine.com\/mx\/wp-content\/uploads\/sites\/13\/2018\/02\/dakota-fanning-directora-del-nuevo-corto-miu-miu-destacada.jpg?fit=1536%2C1152\" \/>\n\t<meta property=\"og:image:width\" content=\"1536\" \/>\n\t<meta property=\"og:image:height\" content=\"1152\" \/>\n\t<meta property=\"og:image:type\" content=\"image\/jpeg\" \/>\n<meta name=\"twitter:card\" content=\"summary_large_image\" \/>\n<meta name=\"twitter:label1\" content=\"Est. reading time\" \/>\n\t<meta name=\"twitter:data1\" content=\"1 minuto\" \/>\n<script type=\"application\/ld+json\" class=\"yoast-schema-graph\">{\"@context\":\"https:\/\/schema.org\",\"@graph\":[{\"@type\":\"WebPage\",\"@id\":\"https:\/\/graziamagazine.com\/mx\/articles\/dakota-fanning-directora-del-nuevo-corto-miu-miu\/\",\"url\":\"https:\/\/graziamagazine.com\/mx\/articles\/dakota-fanning-directora-del-nuevo-corto-miu-miu\/\",\"name\":\"Dakota Fanning como directora del nuevo corto de Miu Miu | Grazia M\u00e9xico y Latinoam\u00e9rica\",\"isPartOf\":{\"@id\":\"https:\/\/graziamagazine.com\/mx\/#website\"},\"datePublished\":\"2018-02-23T16:12:12+00:00\",\"dateModified\":\"2018-02-23T16:12:25+00:00\",\"description\":\"La actriz que nos flech\u00f3 desde ni\u00f1a, Dakota Fanning, hace su debut como directora con un corto para Miu Miu y este fue el maravilloso resultado.\",\"breadcrumb\":{\"@id\":\"https:\/\/graziamagazine.com\/mx\/articles\/dakota-fanning-directora-del-nuevo-corto-miu-miu\/#breadcrumb\"},\"inLanguage\":\"es-MX\",\"potentialAction\":[{\"@type\":\"ReadAction\",\"target\":[\"https:\/\/graziamagazine.com\/mx\/articles\/dakota-fanning-directora-del-nuevo-corto-miu-miu\/\"]}]},{\"@type\":\"BreadcrumbList\",\"@id\":\"https:\/\/graziamagazine.com\/mx\/articles\/dakota-fanning-directora-del-nuevo-corto-miu-miu\/#breadcrumb\",\"itemListElement\":[{\"@type\":\"ListItem\",\"position\":1,\"name\":\"Home\",\"item\":\"https:\/\/graziamagazine.com\/mx\/\"},{\"@type\":\"ListItem\",\"position\":2,\"name\":\"Dakota Fanning como directora del nuevo corto de Miu Miu\"}]},{\"@type\":\"WebSite\",\"@id\":\"https:\/\/graziamagazine.com\/mx\/#website\",\"url\":\"https:\/\/graziamagazine.com\/mx\/\",\"name\":\"Grazia M\u00e9xico y Latinoam\u00e9rica\",\"description\":\"Grazia es moda, belleza y noticias  de actualidad \",\"potentialAction\":[{\"@type\":\"SearchAction\",\"target\":{\"@type\":\"EntryPoint\",\"urlTemplate\":\"https:\/\/graziamagazine.com\/mx\/?s={search_term_string}\"},\"query-input\":\"required name=search_term_string\"}],\"inLanguage\":\"es-MX\"}]}<\/script>\n<!-- \/ Yoast SEO Premium plugin. -->","yoast_head_json":{"title":"Dakota Fanning como directora del nuevo corto de Miu Miu | Grazia M\u00e9xico y Latinoam\u00e9rica","description":"La actriz que nos flech\u00f3 desde ni\u00f1a, Dakota Fanning, hace su debut como directora con un corto para Miu Miu y este fue el maravilloso resultado.","robots":{"index":"index","follow":"follow","max-snippet":"max-snippet:-1","max-image-preview":"max-image-preview:large","max-video-preview":"max-video-preview:-1"},"canonical":"https:\/\/graziamagazine.com\/mx\/articles\/dakota-fanning-directora-del-nuevo-corto-miu-miu\/","og_locale":"es_MX","og_type":"article","og_title":"Dakota Fanning como directora del nuevo corto de Miu Miu","og_description":"La actriz que nos flech\u00f3 desde ni\u00f1a, Dakota Fanning, hace su debut como directora con un corto para Miu Miu y este fue el maravilloso resultado.","og_url":"https:\/\/graziamagazine.com\/mx\/articles\/dakota-fanning-directora-del-nuevo-corto-miu-miu\/","og_site_name":"Grazia M\u00e9xico y Latinoam\u00e9rica","article_modified_time":"2018-02-23T16:12:25+00:00","og_image":[{"width":1536,"height":1152,"url":"https:\/\/graziamagazine.com\/mx\/wp-content\/uploads\/sites\/13\/2018\/02\/dakota-fanning-directora-del-nuevo-corto-miu-miu-destacada.jpg?fit=1536%2C1152","type":"image\/jpeg"}],"twitter_card":"summary_large_image","twitter_misc":{"Est. reading time":"1 minuto"},"schema":{"@context":"https:\/\/schema.org","@graph":[{"@type":"WebPage","@id":"https:\/\/graziamagazine.com\/mx\/articles\/dakota-fanning-directora-del-nuevo-corto-miu-miu\/","url":"https:\/\/graziamagazine.com\/mx\/articles\/dakota-fanning-directora-del-nuevo-corto-miu-miu\/","name":"Dakota Fanning como directora del nuevo corto de Miu Miu | Grazia M\u00e9xico y Latinoam\u00e9rica","isPartOf":{"@id":"https:\/\/graziamagazine.com\/mx\/#website"},"datePublished":"2018-02-23T16:12:12+00:00","dateModified":"2018-02-23T16:12:25+00:00","description":"La actriz que nos flech\u00f3 desde ni\u00f1a, Dakota Fanning, hace su debut como directora con un corto para Miu Miu y este fue el maravilloso resultado.","breadcrumb":{"@id":"https:\/\/graziamagazine.com\/mx\/articles\/dakota-fanning-directora-del-nuevo-corto-miu-miu\/#breadcrumb"},"inLanguage":"es-MX","potentialAction":[{"@type":"ReadAction","target":["https:\/\/graziamagazine.com\/mx\/articles\/dakota-fanning-directora-del-nuevo-corto-miu-miu\/"]}]},{"@type":"BreadcrumbList","@id":"https:\/\/graziamagazine.com\/mx\/articles\/dakota-fanning-directora-del-nuevo-corto-miu-miu\/#breadcrumb","itemListElement":[{"@type":"ListItem","position":1,"name":"Home","item":"https:\/\/graziamagazine.com\/mx\/"},{"@type":"ListItem","position":2,"name":"Dakota Fanning como directora del nuevo corto de Miu Miu"}]},{"@type":"WebSite","@id":"https:\/\/graziamagazine.com\/mx\/#website","url":"https:\/\/graziamagazine.com\/mx\/","name":"Grazia M\u00e9xico y Latinoam\u00e9rica","description":"Grazia es moda, belleza y noticias  de actualidad ","potentialAction":[{"@type":"SearchAction","target":{"@type":"EntryPoint","urlTemplate":"https:\/\/graziamagazine.com\/mx\/?s={search_term_string}"},"query-input":"required name=search_term_string"}],"inLanguage":"es-MX"}]}},"jetpack_sharing_enabled":true,"distributor_meta":false,"distributor_terms":false,"distributor_media":false,"distributor_original_site_name":"Grazia M\u00e9xico y Latinoam\u00e9rica","distributor_original_site_url":"https:\/\/graziamagazine.com\/mx","push-errors":false,"_links":{"self":[{"href":"https:\/\/graziamagazine.com\/mx\/wp-json\/wp\/v2\/articles\/44131"}],"collection":[{"href":"https:\/\/graziamagazine.com\/mx\/wp-json\/wp\/v2\/articles"}],"about":[{"href":"https:\/\/graziamagazine.com\/mx\/wp-json\/wp\/v2\/types\/articles"}],"author":[{"embeddable":true,"href":"https:\/\/graziamagazine.com\/mx\/wp-json\/wp\/v2\/users\/11636"}],"wp:featuredmedia":[{"embeddable":true,"href":"https:\/\/graziamagazine.com\/mx\/wp-json\/wp\/v2\/media\/44132"}],"wp:attachment":[{"href":"https:\/\/graziamagazine.com\/mx\/wp-json\/wp\/v2\/media?parent=44131"}],"wp:term":[{"taxonomy":"category","embeddable":true,"href":"https:\/\/graziamagazine.com\/mx\/wp-json\/wp\/v2\/categories?post=44131"}],"curies":[{"name":"wp","href":"https:\/\/api.w.org\/{rel}","templated":true}]}}