{"id":43805,"date":"2018-02-22T10:15:15","date_gmt":"2018-02-22T16:15:15","guid":{"rendered":"https:\/\/graziamagazine.com\/mx\/?p=43805"},"modified":"2018-02-28T13:16:44","modified_gmt":"2018-02-28T19:16:44","slug":"como-reparar-las-puntas-maltratadas","status":"publish","type":"articles","link":"https:\/\/graziamagazine.com\/mx\/articles\/como-reparar-las-puntas-maltratadas\/","title":{"rendered":"C\u00f3mo reparar las puntas maltratadas"},"content":{"rendered":"<div class=\"content-gallery\"><div class=\"gallery-placeholder\"><div class=\"spinner\"><\/div><\/div><span class=\"gallery-pagination\"><\/span><div id=\"gallery-1\" class=\"gallery galleryid-43805 gallery-columns- gallery-size-\"><figure class=\"gallery-item grazia-gallery-show-text\"><div class=\"gallery-icon landscape\"><img loading=\"lazy\" decoding=\"async\" width=\"740\" height=\"444\" src=\"https:\/\/graziamagazine.com\/mx\/wp-content\/uploads\/sites\/13\/2018\/02\/como-reparar-las-puntas-maltratadas-1.jpg\" class=\"lazy\" alt=\"\" srcset=\"https:\/\/graziamagazine.com\/mx\/wp-content\/uploads\/sites\/13\/2018\/02\/como-reparar-las-puntas-maltratadas-1.jpg 740w, https:\/\/graziamagazine.com\/mx\/wp-content\/uploads\/sites\/13\/2018\/02\/como-reparar-las-puntas-maltratadas-1.jpg?resize=450,270 450w, https:\/\/graziamagazine.com\/mx\/wp-content\/uploads\/sites\/13\/2018\/02\/como-reparar-las-puntas-maltratadas-1.jpg?resize=155,93 155w\" sizes=\"(max-width: 740px) 100vw, 740px\" \/><\/div><div class=\"grazia-gallery-text\"><p>Cuando laves tu pelo evita lavar las puntas, aplica una caridad peque\u00f1a de shampoo de la ra\u00edz a medios y masajes por unos minutos, hazlo con suavidad y sin tallar para evitar fricci\u00f3n.<\/p>\n<\/div><\/figure><figure class=\"gallery-item grazia-gallery-show-text\"><div class=\"gallery-icon landscape\"><img loading=\"lazy\" decoding=\"async\" width=\"960\" height=\"960\" src=\"https:\/\/graziamagazine.com\/mx\/wp-content\/uploads\/sites\/13\/2018\/02\/como-reparar-las-puntas-maltratadas-11-1.jpg\" class=\"lazy\" alt=\"https:\/\/graziamagazine.com\/mx\/wp-content\/uploads\/sites\/13\/2018\/02\/como-reparar-las-puntas-maltratadas-11-1.jpg\" srcset=\"https:\/\/graziamagazine.com\/mx\/wp-content\/uploads\/sites\/13\/2018\/02\/como-reparar-las-puntas-maltratadas-11-1.jpg 960w, https:\/\/graziamagazine.com\/mx\/wp-content\/uploads\/sites\/13\/2018\/02\/como-reparar-las-puntas-maltratadas-11-1.jpg?resize=150,150 150w, https:\/\/graziamagazine.com\/mx\/wp-content\/uploads\/sites\/13\/2018\/02\/como-reparar-las-puntas-maltratadas-11-1.jpg?resize=450,450 450w, https:\/\/graziamagazine.com\/mx\/wp-content\/uploads\/sites\/13\/2018\/02\/como-reparar-las-puntas-maltratadas-11-1.jpg?resize=768,768 768w, https:\/\/graziamagazine.com\/mx\/wp-content\/uploads\/sites\/13\/2018\/02\/como-reparar-las-puntas-maltratadas-11-1.jpg?resize=155,155 155w\" sizes=\"(max-width: 960px) 100vw, 960px\" \/><\/div><div class=\"grazia-gallery-text\"><p>Invierte en un shampoo restructurante sin ingredientes da\u00f1inos para tu pelo como son los sulfatos y paralelos.<\/p>\n<p>\u00bfSab\u00edas que para que el acondicionar funcione debes dejarlo actuar por lo menos 5 minutos?<\/p>\n<p>&nbsp;<\/p>\n<p>&nbsp;<\/p>\n<p>&nbsp;<\/p>\n<\/div><\/figure><figure class=\"gallery-item grazia-gallery-show-text\"><div class=\"gallery-icon landscape\"><img loading=\"lazy\" decoding=\"async\" width=\"300\" height=\"300\" src=\"https:\/\/graziamagazine.com\/mx\/wp-content\/uploads\/sites\/13\/2018\/02\/como-reparar-las-puntas-maltratadas-7.jpg\" class=\"lazy\" alt=\"como-reparar-las-puntas-maltratadas-7.jpg\" srcset=\"https:\/\/graziamagazine.com\/mx\/wp-content\/uploads\/sites\/13\/2018\/02\/como-reparar-las-puntas-maltratadas-7.jpg 300w, https:\/\/graziamagazine.com\/mx\/wp-content\/uploads\/sites\/13\/2018\/02\/como-reparar-las-puntas-maltratadas-7.jpg?resize=150,150 150w, https:\/\/graziamagazine.com\/mx\/wp-content\/uploads\/sites\/13\/2018\/02\/como-reparar-las-puntas-maltratadas-7.jpg?resize=155,155 155w\" sizes=\"(max-width: 300px) 100vw, 300px\" \/><\/div><div class=\"grazia-gallery-text\"><p>Evita cepillar tu pelo en seco para evitar que se rompa. hazlo con un peine de dientes anchos mientras este h\u00famedo.<\/p>\n<\/div><\/figure><figure class=\"gallery-item grazia-gallery-show-text\"><div class=\"gallery-icon landscape\"><img loading=\"lazy\" decoding=\"async\" width=\"436\" height=\"1000\" src=\"https:\/\/graziamagazine.com\/mx\/wp-content\/uploads\/sites\/13\/2018\/02\/como-reparar-las-puntas-maltratadas-2.jpg\" class=\"lazy\" alt=\"como-reparar-las-puntas-maltratadas-2.jpg\" srcset=\"https:\/\/graziamagazine.com\/mx\/wp-content\/uploads\/sites\/13\/2018\/02\/como-reparar-las-puntas-maltratadas-2.jpg 436w, https:\/\/graziamagazine.com\/mx\/wp-content\/uploads\/sites\/13\/2018\/02\/como-reparar-las-puntas-maltratadas-2.jpg?resize=196,450 196w, https:\/\/graziamagazine.com\/mx\/wp-content\/uploads\/sites\/13\/2018\/02\/como-reparar-las-puntas-maltratadas-2.jpg?resize=94,215 94w\" sizes=\"(max-width: 436px) 100vw, 436px\" \/><\/div><div class=\"grazia-gallery-text\"><p>Esta CC Cream 10 en 1 con extractos de caviar y \u00e1cidos grasos le da al pelo suavidad, brillo, manejabilidad, fuerza y protecci\u00f3n al calor.<\/p>\n<\/div><\/figure><figure class=\"gallery-item grazia-gallery-show-text\"><div class=\"gallery-icon landscape\"><img loading=\"lazy\" decoding=\"async\" width=\"900\" height=\"900\" src=\"https:\/\/graziamagazine.com\/mx\/wp-content\/uploads\/sites\/13\/2018\/02\/como-reparar-las-puntas-maltratadas-9.jpg\" class=\"lazy\" alt=\"como-reparar-las-puntas-maltratadas-9.jpg\" srcset=\"https:\/\/graziamagazine.com\/mx\/wp-content\/uploads\/sites\/13\/2018\/02\/como-reparar-las-puntas-maltratadas-9.jpg 900w, https:\/\/graziamagazine.com\/mx\/wp-content\/uploads\/sites\/13\/2018\/02\/como-reparar-las-puntas-maltratadas-9.jpg?resize=150,150 150w, https:\/\/graziamagazine.com\/mx\/wp-content\/uploads\/sites\/13\/2018\/02\/como-reparar-las-puntas-maltratadas-9.jpg?resize=450,450 450w, https:\/\/graziamagazine.com\/mx\/wp-content\/uploads\/sites\/13\/2018\/02\/como-reparar-las-puntas-maltratadas-9.jpg?resize=768,768 768w, https:\/\/graziamagazine.com\/mx\/wp-content\/uploads\/sites\/13\/2018\/02\/como-reparar-las-puntas-maltratadas-9.jpg?resize=155,155 155w\" sizes=\"(max-width: 900px) 100vw, 900px\" \/><\/div><div class=\"grazia-gallery-text\"><p>Este producto funciona como un cierre regres\u00e1ndole la salud a tus puntas de inmediato, en una sola aplicaci\u00f3n notaras un 95 % de puntas selladas.<\/p>\n<p>.<\/p>\n<\/div><\/figure><figure class=\"gallery-item grazia-gallery-show-text\"><div class=\"gallery-icon landscape\"><img loading=\"lazy\" decoding=\"async\" width=\"651\" height=\"1000\" src=\"https:\/\/graziamagazine.com\/mx\/wp-content\/uploads\/sites\/13\/2018\/02\/como-reparar-las-puntas-maltratadas-3.jpg\" class=\"lazy\" alt=\"como-reparar-las-puntas-maltratadas-3.jpg\" srcset=\"https:\/\/graziamagazine.com\/mx\/wp-content\/uploads\/sites\/13\/2018\/02\/como-reparar-las-puntas-maltratadas-3.jpg 651w, https:\/\/graziamagazine.com\/mx\/wp-content\/uploads\/sites\/13\/2018\/02\/como-reparar-las-puntas-maltratadas-3.jpg?resize=293,450 293w, https:\/\/graziamagazine.com\/mx\/wp-content\/uploads\/sites\/13\/2018\/02\/como-reparar-las-puntas-maltratadas-3.jpg?resize=140,215 140w\" sizes=\"(max-width: 651px) 100vw, 651px\" \/><\/div><div class=\"grazia-gallery-text\"><p>Este producto contiene aceite de Nangai, es un tratamiento intenso que te ayudar\u00e1 a reparar tus puntas y tener un pelo m\u00e1s sano.<\/p>\n<\/div><\/figure><figure class=\"gallery-item grazia-gallery-show-text\"><div class=\"gallery-icon landscape\"><img loading=\"lazy\" decoding=\"async\" width=\"2000\" height=\"2000\" src=\"https:\/\/graziamagazine.com\/mx\/wp-content\/uploads\/sites\/13\/2018\/02\/como-reparar-las-puntas-maltratadas-4.jpg\" class=\"lazy\" alt=\"como-reparar-las-puntas-maltratadas-4.jpg\" srcset=\"https:\/\/graziamagazine.com\/mx\/wp-content\/uploads\/sites\/13\/2018\/02\/como-reparar-las-puntas-maltratadas-4.jpg 2000w, https:\/\/graziamagazine.com\/mx\/wp-content\/uploads\/sites\/13\/2018\/02\/como-reparar-las-puntas-maltratadas-4.jpg?resize=150,150 150w, https:\/\/graziamagazine.com\/mx\/wp-content\/uploads\/sites\/13\/2018\/02\/como-reparar-las-puntas-maltratadas-4.jpg?resize=450,450 450w, https:\/\/graziamagazine.com\/mx\/wp-content\/uploads\/sites\/13\/2018\/02\/como-reparar-las-puntas-maltratadas-4.jpg?resize=768,768 768w, https:\/\/graziamagazine.com\/mx\/wp-content\/uploads\/sites\/13\/2018\/02\/como-reparar-las-puntas-maltratadas-4.jpg?resize=1024,1024 1024w, https:\/\/graziamagazine.com\/mx\/wp-content\/uploads\/sites\/13\/2018\/02\/como-reparar-las-puntas-maltratadas-4.jpg?resize=1536,1536 1536w, https:\/\/graziamagazine.com\/mx\/wp-content\/uploads\/sites\/13\/2018\/02\/como-reparar-las-puntas-maltratadas-4.jpg?resize=155,155 155w\" sizes=\"(max-width: 2000px) 100vw, 2000px\" \/><\/div><div class=\"grazia-gallery-text\"><p>Estas ampolletas de Pantene ofrecen restauraci\u00f3n al pelo en 3 minutos, son muy f\u00e1ciles de aplicar y quedar\u00e1s encantada con el resultado.<\/p>\n<\/div><\/figure><figure class=\"gallery-item grazia-gallery-show-text\"><div class=\"gallery-icon landscape\"><img loading=\"lazy\" decoding=\"async\" width=\"396\" height=\"396\" src=\"https:\/\/graziamagazine.com\/mx\/wp-content\/uploads\/sites\/13\/2018\/02\/como-reparar-las-puntas-maltratadas-5.jpg\" class=\"lazy\" alt=\"como-reparar-las-puntas-maltratadas-5.jpg\" srcset=\"https:\/\/graziamagazine.com\/mx\/wp-content\/uploads\/sites\/13\/2018\/02\/como-reparar-las-puntas-maltratadas-5.jpg 396w, https:\/\/graziamagazine.com\/mx\/wp-content\/uploads\/sites\/13\/2018\/02\/como-reparar-las-puntas-maltratadas-5.jpg?resize=150,150 150w, https:\/\/graziamagazine.com\/mx\/wp-content\/uploads\/sites\/13\/2018\/02\/como-reparar-las-puntas-maltratadas-5.jpg?resize=155,155 155w\" sizes=\"(max-width: 396px) 100vw, 396px\" \/><\/div><div class=\"grazia-gallery-text\"><p>Este aceite es maravilloso, es uno de nuestros productos favoritos desde hace a\u00f1os ya que nutre e hidrata el pelo sin dejar sensaci\u00f3n grasosa. Puedes usarlo con el pelo h\u00famedo antes de secarlo, en las noches y hacer una trenza para protegerlo o durante el d\u00eda para dar brillo.<\/p>\n<\/div><\/figure><figure class=\"gallery-item grazia-gallery-show-text\"><div class=\"gallery-icon landscape\"><img loading=\"lazy\" decoding=\"async\" width=\"1476\" height=\"3071\" src=\"https:\/\/graziamagazine.com\/mx\/wp-content\/uploads\/sites\/13\/2018\/02\/como-reparar-las-puntas-maltratadas-6.png\" class=\"lazy\" alt=\"como-reparar-las-puntas-maltratadas-6.png\" srcset=\"https:\/\/graziamagazine.com\/mx\/wp-content\/uploads\/sites\/13\/2018\/02\/como-reparar-las-puntas-maltratadas-6.png 1476w, https:\/\/graziamagazine.com\/mx\/wp-content\/uploads\/sites\/13\/2018\/02\/como-reparar-las-puntas-maltratadas-6.png?resize=216,450 216w, https:\/\/graziamagazine.com\/mx\/wp-content\/uploads\/sites\/13\/2018\/02\/como-reparar-las-puntas-maltratadas-6.png?resize=768,1598 768w, https:\/\/graziamagazine.com\/mx\/wp-content\/uploads\/sites\/13\/2018\/02\/como-reparar-las-puntas-maltratadas-6.png?resize=492,1024 492w, https:\/\/graziamagazine.com\/mx\/wp-content\/uploads\/sites\/13\/2018\/02\/como-reparar-las-puntas-maltratadas-6.png?resize=738,1536 738w, https:\/\/graziamagazine.com\/mx\/wp-content\/uploads\/sites\/13\/2018\/02\/como-reparar-las-puntas-maltratadas-6.png?resize=984,2048 984w, https:\/\/graziamagazine.com\/mx\/wp-content\/uploads\/sites\/13\/2018\/02\/como-reparar-las-puntas-maltratadas-6.png?resize=103,215 103w\" sizes=\"(max-width: 1476px) 100vw, 1476px\" \/><\/div><div class=\"grazia-gallery-text\"><p>Esta crema combate la resequedad, micro-fisuras, puntas abiertas, falta de brillo y suavidad.<\/p>\n<p>Contiene cal\u00e9ndula + ceramida que ayudan a combatir 1 a\u00f1o de da\u00f1o en 1 aplicaci\u00f3n.<\/p>\n<\/div><\/figure><figure class=\"gallery-item grazia-gallery-show-text\"><div class=\"gallery-icon landscape\"><img loading=\"lazy\" decoding=\"async\" width=\"900\" height=\"900\" src=\"https:\/\/graziamagazine.com\/mx\/wp-content\/uploads\/sites\/13\/2018\/02\/como-reparar-las-puntas-maltratadas-8.jpg\" class=\"lazy\" alt=\"como-reparar-las-puntas-maltratadas-8.jpg\" srcset=\"https:\/\/graziamagazine.com\/mx\/wp-content\/uploads\/sites\/13\/2018\/02\/como-reparar-las-puntas-maltratadas-8.jpg 900w, https:\/\/graziamagazine.com\/mx\/wp-content\/uploads\/sites\/13\/2018\/02\/como-reparar-las-puntas-maltratadas-8.jpg?resize=150,150 150w, https:\/\/graziamagazine.com\/mx\/wp-content\/uploads\/sites\/13\/2018\/02\/como-reparar-las-puntas-maltratadas-8.jpg?resize=450,450 450w, https:\/\/graziamagazine.com\/mx\/wp-content\/uploads\/sites\/13\/2018\/02\/como-reparar-las-puntas-maltratadas-8.jpg?resize=768,768 768w, https:\/\/graziamagazine.com\/mx\/wp-content\/uploads\/sites\/13\/2018\/02\/como-reparar-las-puntas-maltratadas-8.jpg?resize=155,155 155w\" sizes=\"(max-width: 900px) 100vw, 900px\" \/><\/div><div class=\"grazia-gallery-text\"><p>Esta mascarilla acondiciona profundamente y restaura el pelo, sellando las puntas abiertas, mejorando el brillo, la elasticidad y la nutrici\u00f3n.<\/p>\n<\/div><\/figure><\/div><\/div>\n<p>&nbsp;<\/p>\n","protected":false},"author":11622,"featured_media":43864,"template":"","format":"gallery","categories":[3],"acf":[],"yoast_head":"<!-- This site is optimized with the Yoast SEO Premium plugin v18.5 (Yoast SEO v20.4) - https:\/\/yoast.com\/wordpress\/plugins\/seo\/ -->\n<title>C\u00f3mo reparar las puntas maltratadas | Grazia M\u00e9xico y Latinoam\u00e9rica<\/title>\n<meta name=\"description\" content=\"Conoce los productos y consejos que te ayudar\u00e1n a reparar las puntas maltratadas.\" \/>\n<meta name=\"robots\" content=\"index, follow, max-snippet:-1, max-image-preview:large, max-video-preview:-1\" \/>\n<link rel=\"canonical\" href=\"https:\/\/graziamagazine.com\/mx\/articles\/como-reparar-las-puntas-maltratadas\/\" \/>\n<meta property=\"og:locale\" content=\"es_MX\" \/>\n<meta property=\"og:type\" content=\"article\" \/>\n<meta property=\"og:title\" content=\"C\u00f3mo reparar las puntas maltratadas\" \/>\n<meta property=\"og:description\" content=\"Conoce los productos y consejos que te ayudar\u00e1n a reparar las puntas maltratadas.\" \/>\n<meta property=\"og:url\" content=\"https:\/\/graziamagazine.com\/mx\/articles\/como-reparar-las-puntas-maltratadas\/\" \/>\n<meta property=\"og:site_name\" content=\"Grazia M\u00e9xico y Latinoam\u00e9rica\" \/>\n<meta property=\"article:modified_time\" content=\"2018-02-28T19:16:44+00:00\" \/>\n<meta property=\"og:image\" content=\"https:\/\/graziamagazine.com\/mx\/wp-content\/uploads\/sites\/13\/2018\/02\/como-reparar-las-puntas-maltratadas-destacada.jpeg?fit=1380%2C630\" \/>\n\t<meta property=\"og:image:width\" content=\"1380\" \/>\n\t<meta property=\"og:image:height\" content=\"630\" \/>\n\t<meta property=\"og:image:type\" content=\"image\/jpeg\" \/>\n<meta name=\"twitter:card\" content=\"summary_large_image\" \/>\n<script type=\"application\/ld+json\" class=\"yoast-schema-graph\">{\"@context\":\"https:\/\/schema.org\",\"@graph\":[{\"@type\":\"WebPage\",\"@id\":\"https:\/\/graziamagazine.com\/mx\/articles\/como-reparar-las-puntas-maltratadas\/\",\"url\":\"https:\/\/graziamagazine.com\/mx\/articles\/como-reparar-las-puntas-maltratadas\/\",\"name\":\"C\u00f3mo reparar las puntas maltratadas | Grazia M\u00e9xico y Latinoam\u00e9rica\",\"isPartOf\":{\"@id\":\"https:\/\/graziamagazine.com\/mx\/#website\"},\"datePublished\":\"2018-02-22T16:15:15+00:00\",\"dateModified\":\"2018-02-28T19:16:44+00:00\",\"description\":\"Conoce los productos y consejos que te ayudar\u00e1n a reparar las puntas maltratadas.\",\"breadcrumb\":{\"@id\":\"https:\/\/graziamagazine.com\/mx\/articles\/como-reparar-las-puntas-maltratadas\/#breadcrumb\"},\"inLanguage\":\"es-MX\",\"potentialAction\":[{\"@type\":\"ReadAction\",\"target\":[\"https:\/\/graziamagazine.com\/mx\/articles\/como-reparar-las-puntas-maltratadas\/\"]}]},{\"@type\":\"BreadcrumbList\",\"@id\":\"https:\/\/graziamagazine.com\/mx\/articles\/como-reparar-las-puntas-maltratadas\/#breadcrumb\",\"itemListElement\":[{\"@type\":\"ListItem\",\"position\":1,\"name\":\"Home\",\"item\":\"https:\/\/graziamagazine.com\/mx\/\"},{\"@type\":\"ListItem\",\"position\":2,\"name\":\"C\u00f3mo reparar las puntas maltratadas\"}]},{\"@type\":\"WebSite\",\"@id\":\"https:\/\/graziamagazine.com\/mx\/#website\",\"url\":\"https:\/\/graziamagazine.com\/mx\/\",\"name\":\"Grazia M\u00e9xico y Latinoam\u00e9rica\",\"description\":\"Grazia es moda, belleza y noticias  de actualidad \",\"potentialAction\":[{\"@type\":\"SearchAction\",\"target\":{\"@type\":\"EntryPoint\",\"urlTemplate\":\"https:\/\/graziamagazine.com\/mx\/?s={search_term_string}\"},\"query-input\":\"required name=search_term_string\"}],\"inLanguage\":\"es-MX\"}]}<\/script>\n<!-- \/ Yoast SEO Premium plugin. -->","yoast_head_json":{"title":"C\u00f3mo reparar las puntas maltratadas | Grazia M\u00e9xico y Latinoam\u00e9rica","description":"Conoce los productos y consejos que te ayudar\u00e1n a reparar las puntas maltratadas.","robots":{"index":"index","follow":"follow","max-snippet":"max-snippet:-1","max-image-preview":"max-image-preview:large","max-video-preview":"max-video-preview:-1"},"canonical":"https:\/\/graziamagazine.com\/mx\/articles\/como-reparar-las-puntas-maltratadas\/","og_locale":"es_MX","og_type":"article","og_title":"C\u00f3mo reparar las puntas maltratadas","og_description":"Conoce los productos y consejos que te ayudar\u00e1n a reparar las puntas maltratadas.","og_url":"https:\/\/graziamagazine.com\/mx\/articles\/como-reparar-las-puntas-maltratadas\/","og_site_name":"Grazia M\u00e9xico y Latinoam\u00e9rica","article_modified_time":"2018-02-28T19:16:44+00:00","og_image":[{"width":1380,"height":630,"url":"https:\/\/graziamagazine.com\/mx\/wp-content\/uploads\/sites\/13\/2018\/02\/como-reparar-las-puntas-maltratadas-destacada.jpeg?fit=1380%2C630","type":"image\/jpeg"}],"twitter_card":"summary_large_image","schema":{"@context":"https:\/\/schema.org","@graph":[{"@type":"WebPage","@id":"https:\/\/graziamagazine.com\/mx\/articles\/como-reparar-las-puntas-maltratadas\/","url":"https:\/\/graziamagazine.com\/mx\/articles\/como-reparar-las-puntas-maltratadas\/","name":"C\u00f3mo reparar las puntas maltratadas | Grazia M\u00e9xico y Latinoam\u00e9rica","isPartOf":{"@id":"https:\/\/graziamagazine.com\/mx\/#website"},"datePublished":"2018-02-22T16:15:15+00:00","dateModified":"2018-02-28T19:16:44+00:00","description":"Conoce los productos y consejos que te ayudar\u00e1n a reparar las puntas maltratadas.","breadcrumb":{"@id":"https:\/\/graziamagazine.com\/mx\/articles\/como-reparar-las-puntas-maltratadas\/#breadcrumb"},"inLanguage":"es-MX","potentialAction":[{"@type":"ReadAction","target":["https:\/\/graziamagazine.com\/mx\/articles\/como-reparar-las-puntas-maltratadas\/"]}]},{"@type":"BreadcrumbList","@id":"https:\/\/graziamagazine.com\/mx\/articles\/como-reparar-las-puntas-maltratadas\/#breadcrumb","itemListElement":[{"@type":"ListItem","position":1,"name":"Home","item":"https:\/\/graziamagazine.com\/mx\/"},{"@type":"ListItem","position":2,"name":"C\u00f3mo reparar las puntas maltratadas"}]},{"@type":"WebSite","@id":"https:\/\/graziamagazine.com\/mx\/#website","url":"https:\/\/graziamagazine.com\/mx\/","name":"Grazia M\u00e9xico y Latinoam\u00e9rica","description":"Grazia es moda, belleza y noticias  de actualidad ","potentialAction":[{"@type":"SearchAction","target":{"@type":"EntryPoint","urlTemplate":"https:\/\/graziamagazine.com\/mx\/?s={search_term_string}"},"query-input":"required name=search_term_string"}],"inLanguage":"es-MX"}]}},"jetpack_sharing_enabled":true,"distributor_meta":false,"distributor_terms":false,"distributor_media":false,"distributor_original_site_name":"Grazia M\u00e9xico y Latinoam\u00e9rica","distributor_original_site_url":"https:\/\/graziamagazine.com\/mx","push-errors":false,"_links":{"self":[{"href":"https:\/\/graziamagazine.com\/mx\/wp-json\/wp\/v2\/articles\/43805"}],"collection":[{"href":"https:\/\/graziamagazine.com\/mx\/wp-json\/wp\/v2\/articles"}],"about":[{"href":"https:\/\/graziamagazine.com\/mx\/wp-json\/wp\/v2\/types\/articles"}],"author":[{"embeddable":true,"href":"https:\/\/graziamagazine.com\/mx\/wp-json\/wp\/v2\/users\/11622"}],"wp:featuredmedia":[{"embeddable":true,"href":"https:\/\/graziamagazine.com\/mx\/wp-json\/wp\/v2\/media\/43864"}],"wp:attachment":[{"href":"https:\/\/graziamagazine.com\/mx\/wp-json\/wp\/v2\/media?parent=43805"}],"wp:term":[{"taxonomy":"category","embeddable":true,"href":"https:\/\/graziamagazine.com\/mx\/wp-json\/wp\/v2\/categories?post=43805"}],"curies":[{"name":"wp","href":"https:\/\/api.w.org\/{rel}","templated":true}]}}