{"id":43740,"date":"2018-02-21T09:38:51","date_gmt":"2018-02-21T15:38:51","guid":{"rendered":"https:\/\/graziamagazine.com\/mx\/?p=43740"},"modified":"2018-02-21T09:39:00","modified_gmt":"2018-02-21T15:39:00","slug":"jelena-justin-bieber-selena-gomez-esta-vuelta-estas-fotos-lo-confirman","status":"publish","type":"articles","link":"https:\/\/graziamagazine.com\/mx\/articles\/jelena-justin-bieber-selena-gomez-esta-vuelta-estas-fotos-lo-confirman\/","title":{"rendered":"Jelena (Justin Bieber y Selena Gomez) est\u00e1 de vuelta y estas fotos lo confirman"},"content":{"rendered":"<p><b>Si alguien dudaba del romance entre Selena Gomez y Justin Bieber, bueno pues, aqu\u00ed est\u00e1 la prueba de que Jelena\u00a0<i>is back in business<\/i>.<\/b><!--more--><\/p>\n<p>Onda tropical \u00e0 la <b>Jelena<\/b>\u00a0porque eso nos demuestran estas fotos. Si alguien estaba con la duda de que <b>Selena Gomez<\/b> y <b>Justin Bieber<\/b> a\u00fan estaban en <i>friendzone<\/i>, no se diga m\u00e1s.<\/p>\n<p>La pareja favorita de todos viaj\u00f3 a Jamaica para asistir a la boda del pap\u00e1 de Bieber y claro que los paparazzi no dejaron pasar la oportunidad de conseguir la prueba dorada.<\/p>\n<p>Si bien, la relaci\u00f3n entre ambas celebridades es bastante bipolar. Pero con estas no cabe la menor duda de que \u201cJelena\u201d <i>is back in business<\/i> y ya queremos que hagan su <i>red carpet debut<\/i>, otra vez.<\/p>\n<p><img loading=\"lazy\" decoding=\"async\" width=\"470\" height=\"918\" class=\"alignnone size-full wp-image-43741\" src=\"https:\/\/graziamagazine.com\/mx\/wp-content\/uploads\/sites\/13\/2018\/02\/jelena-justin-bieber-selena-gomez-esta-vuelta-estas-fotos-lo-confirman-1.jpg\" alt=\"\" srcset=\"https:\/\/graziamagazine.com\/mx\/wp-content\/uploads\/sites\/13\/2018\/02\/jelena-justin-bieber-selena-gomez-esta-vuelta-estas-fotos-lo-confirman-1.jpg 470w, https:\/\/graziamagazine.com\/mx\/wp-content\/uploads\/sites\/13\/2018\/02\/jelena-justin-bieber-selena-gomez-esta-vuelta-estas-fotos-lo-confirman-1.jpg?resize=230,450 230w, https:\/\/graziamagazine.com\/mx\/wp-content\/uploads\/sites\/13\/2018\/02\/jelena-justin-bieber-selena-gomez-esta-vuelta-estas-fotos-lo-confirman-1.jpg?resize=110,215 110w\" sizes=\"(max-width: 470px) 100vw, 470px\" \/><\/p>\n<p><img loading=\"lazy\" decoding=\"async\" width=\"470\" height=\"799\" class=\"alignnone size-large wp-image-43742\" src=\"https:\/\/graziamagazine.com\/mx\/wp-content\/uploads\/sites\/13\/2018\/02\/jelena-justin-bieber-selena-gomez-esta-vuelta-estas-fotos-lo-confirman-2.jpg\" alt=\"\" srcset=\"https:\/\/graziamagazine.com\/mx\/wp-content\/uploads\/sites\/13\/2018\/02\/jelena-justin-bieber-selena-gomez-esta-vuelta-estas-fotos-lo-confirman-2.jpg 470w, https:\/\/graziamagazine.com\/mx\/wp-content\/uploads\/sites\/13\/2018\/02\/jelena-justin-bieber-selena-gomez-esta-vuelta-estas-fotos-lo-confirman-2.jpg?resize=265,450 265w, https:\/\/graziamagazine.com\/mx\/wp-content\/uploads\/sites\/13\/2018\/02\/jelena-justin-bieber-selena-gomez-esta-vuelta-estas-fotos-lo-confirman-2.jpg?resize=126,215 126w\" sizes=\"(max-width: 470px) 100vw, 470px\" \/><\/p>\n<p><img decoding=\"async\" class=\"alignnone size-large wp-image-43743\" src=\"https:\/\/graziamagazine.com\/mx\/wp-content\/uploads\/sites\/13\/2018\/02\/jelena-justin-bieber-selena-gomez-esta-vuelta-estas-fotos-lo-confirman-3-700x918.jpg\" alt=\"\" \/><\/p>\n<p><img loading=\"lazy\" decoding=\"async\" width=\"470\" height=\"723\" class=\"alignnone size-large wp-image-43744\" src=\"https:\/\/graziamagazine.com\/mx\/wp-content\/uploads\/sites\/13\/2018\/02\/jelena-justin-bieber-selena-gomez-esta-vuelta-estas-fotos-lo-confirman-4.jpg\" alt=\"\" srcset=\"https:\/\/graziamagazine.com\/mx\/wp-content\/uploads\/sites\/13\/2018\/02\/jelena-justin-bieber-selena-gomez-esta-vuelta-estas-fotos-lo-confirman-4.jpg 470w, https:\/\/graziamagazine.com\/mx\/wp-content\/uploads\/sites\/13\/2018\/02\/jelena-justin-bieber-selena-gomez-esta-vuelta-estas-fotos-lo-confirman-4.jpg?resize=293,450 293w, https:\/\/graziamagazine.com\/mx\/wp-content\/uploads\/sites\/13\/2018\/02\/jelena-justin-bieber-selena-gomez-esta-vuelta-estas-fotos-lo-confirman-4.jpg?resize=140,215 140w\" sizes=\"(max-width: 470px) 100vw, 470px\" \/><\/p>\n<p><img decoding=\"async\" class=\"alignnone size-large wp-image-43745\" src=\"https:\/\/graziamagazine.com\/mx\/wp-content\/uploads\/sites\/13\/2018\/02\/jelena-justin-bieber-selena-gomez-esta-vuelta-estas-fotos-lo-confirman-5-700x840.jpg\" alt=\"\" \/><\/p>\n<h5><em>*IM\u00c1GENES: Backgrid y WireImage<\/em><\/h5>\n","protected":false},"author":11636,"featured_media":43746,"template":"","format":"standard","categories":[2],"acf":[],"yoast_head":"<!-- This site is optimized with the Yoast SEO Premium plugin v18.5 (Yoast SEO v20.4) - https:\/\/yoast.com\/wordpress\/plugins\/seo\/ -->\n<title>Jelena (Justin Bieber y Selena Gomez) est\u00e1 de vuelta y estas fotos lo confirman | Grazia M\u00e9xico y Latinoam\u00e9rica<\/title>\n<meta name=\"description\" content=\"Si alguien dudaba del romance entre Selena Gomez y Justin Bieber, bueno pues, aqu\u00ed est\u00e1 la prueba de que \u201cJelena\u201d is back in business.\" \/>\n<meta name=\"robots\" content=\"index, follow, max-snippet:-1, max-image-preview:large, max-video-preview:-1\" \/>\n<link rel=\"canonical\" href=\"https:\/\/graziamagazine.com\/mx\/articles\/jelena-justin-bieber-selena-gomez-esta-vuelta-estas-fotos-lo-confirman\/\" \/>\n<meta property=\"og:locale\" content=\"es_MX\" \/>\n<meta property=\"og:type\" content=\"article\" \/>\n<meta property=\"og:title\" content=\"Jelena (Justin Bieber y Selena Gomez) est\u00e1 de vuelta y estas fotos lo confirman\" \/>\n<meta property=\"og:description\" content=\"Si alguien dudaba del romance entre Selena Gomez y Justin Bieber, bueno pues, aqu\u00ed est\u00e1 la prueba de que \u201cJelena\u201d is back in business.\" \/>\n<meta property=\"og:url\" content=\"https:\/\/graziamagazine.com\/mx\/articles\/jelena-justin-bieber-selena-gomez-esta-vuelta-estas-fotos-lo-confirman\/\" \/>\n<meta property=\"og:site_name\" content=\"Grazia M\u00e9xico y Latinoam\u00e9rica\" \/>\n<meta property=\"article:modified_time\" content=\"2018-02-21T15:39:00+00:00\" \/>\n<meta property=\"og:image\" content=\"https:\/\/graziamagazine.com\/mx\/wp-content\/uploads\/sites\/13\/2018\/02\/jelena-justin-bieber-selena-gomez-esta-vuelta-estas-fotos-lo-confirman-destacada.jpg?fit=1419%2C834\" \/>\n\t<meta property=\"og:image:width\" content=\"1419\" \/>\n\t<meta property=\"og:image:height\" content=\"834\" \/>\n\t<meta property=\"og:image:type\" content=\"image\/jpeg\" \/>\n<meta name=\"twitter:card\" content=\"summary_large_image\" \/>\n<meta name=\"twitter:label1\" content=\"Est. reading time\" \/>\n\t<meta name=\"twitter:data1\" content=\"1 minuto\" \/>\n<script type=\"application\/ld+json\" class=\"yoast-schema-graph\">{\"@context\":\"https:\/\/schema.org\",\"@graph\":[{\"@type\":\"WebPage\",\"@id\":\"https:\/\/graziamagazine.com\/mx\/articles\/jelena-justin-bieber-selena-gomez-esta-vuelta-estas-fotos-lo-confirman\/\",\"url\":\"https:\/\/graziamagazine.com\/mx\/articles\/jelena-justin-bieber-selena-gomez-esta-vuelta-estas-fotos-lo-confirman\/\",\"name\":\"Jelena (Justin Bieber y Selena Gomez) est\u00e1 de vuelta y estas fotos lo confirman | Grazia M\u00e9xico y Latinoam\u00e9rica\",\"isPartOf\":{\"@id\":\"https:\/\/graziamagazine.com\/mx\/#website\"},\"datePublished\":\"2018-02-21T15:38:51+00:00\",\"dateModified\":\"2018-02-21T15:39:00+00:00\",\"description\":\"Si alguien dudaba del romance entre Selena Gomez y Justin Bieber, bueno pues, aqu\u00ed est\u00e1 la prueba de que \u201cJelena\u201d is back in business.\",\"breadcrumb\":{\"@id\":\"https:\/\/graziamagazine.com\/mx\/articles\/jelena-justin-bieber-selena-gomez-esta-vuelta-estas-fotos-lo-confirman\/#breadcrumb\"},\"inLanguage\":\"es-MX\",\"potentialAction\":[{\"@type\":\"ReadAction\",\"target\":[\"https:\/\/graziamagazine.com\/mx\/articles\/jelena-justin-bieber-selena-gomez-esta-vuelta-estas-fotos-lo-confirman\/\"]}]},{\"@type\":\"BreadcrumbList\",\"@id\":\"https:\/\/graziamagazine.com\/mx\/articles\/jelena-justin-bieber-selena-gomez-esta-vuelta-estas-fotos-lo-confirman\/#breadcrumb\",\"itemListElement\":[{\"@type\":\"ListItem\",\"position\":1,\"name\":\"Home\",\"item\":\"https:\/\/graziamagazine.com\/mx\/\"},{\"@type\":\"ListItem\",\"position\":2,\"name\":\"Jelena (Justin Bieber y Selena Gomez) est\u00e1 de vuelta y estas fotos lo confirman\"}]},{\"@type\":\"WebSite\",\"@id\":\"https:\/\/graziamagazine.com\/mx\/#website\",\"url\":\"https:\/\/graziamagazine.com\/mx\/\",\"name\":\"Grazia M\u00e9xico y Latinoam\u00e9rica\",\"description\":\"Grazia es moda, belleza y noticias  de actualidad \",\"potentialAction\":[{\"@type\":\"SearchAction\",\"target\":{\"@type\":\"EntryPoint\",\"urlTemplate\":\"https:\/\/graziamagazine.com\/mx\/?s={search_term_string}\"},\"query-input\":\"required name=search_term_string\"}],\"inLanguage\":\"es-MX\"}]}<\/script>\n<!-- \/ Yoast SEO Premium plugin. -->","yoast_head_json":{"title":"Jelena (Justin Bieber y Selena Gomez) est\u00e1 de vuelta y estas fotos lo confirman | Grazia M\u00e9xico y Latinoam\u00e9rica","description":"Si alguien dudaba del romance entre Selena Gomez y Justin Bieber, bueno pues, aqu\u00ed est\u00e1 la prueba de que \u201cJelena\u201d is back in business.","robots":{"index":"index","follow":"follow","max-snippet":"max-snippet:-1","max-image-preview":"max-image-preview:large","max-video-preview":"max-video-preview:-1"},"canonical":"https:\/\/graziamagazine.com\/mx\/articles\/jelena-justin-bieber-selena-gomez-esta-vuelta-estas-fotos-lo-confirman\/","og_locale":"es_MX","og_type":"article","og_title":"Jelena (Justin Bieber y Selena Gomez) est\u00e1 de vuelta y estas fotos lo confirman","og_description":"Si alguien dudaba del romance entre Selena Gomez y Justin Bieber, bueno pues, aqu\u00ed est\u00e1 la prueba de que \u201cJelena\u201d is back in business.","og_url":"https:\/\/graziamagazine.com\/mx\/articles\/jelena-justin-bieber-selena-gomez-esta-vuelta-estas-fotos-lo-confirman\/","og_site_name":"Grazia M\u00e9xico y Latinoam\u00e9rica","article_modified_time":"2018-02-21T15:39:00+00:00","og_image":[{"width":1419,"height":834,"url":"https:\/\/graziamagazine.com\/mx\/wp-content\/uploads\/sites\/13\/2018\/02\/jelena-justin-bieber-selena-gomez-esta-vuelta-estas-fotos-lo-confirman-destacada.jpg?fit=1419%2C834","type":"image\/jpeg"}],"twitter_card":"summary_large_image","twitter_misc":{"Est. reading time":"1 minuto"},"schema":{"@context":"https:\/\/schema.org","@graph":[{"@type":"WebPage","@id":"https:\/\/graziamagazine.com\/mx\/articles\/jelena-justin-bieber-selena-gomez-esta-vuelta-estas-fotos-lo-confirman\/","url":"https:\/\/graziamagazine.com\/mx\/articles\/jelena-justin-bieber-selena-gomez-esta-vuelta-estas-fotos-lo-confirman\/","name":"Jelena (Justin Bieber y Selena Gomez) est\u00e1 de vuelta y estas fotos lo confirman | Grazia M\u00e9xico y Latinoam\u00e9rica","isPartOf":{"@id":"https:\/\/graziamagazine.com\/mx\/#website"},"datePublished":"2018-02-21T15:38:51+00:00","dateModified":"2018-02-21T15:39:00+00:00","description":"Si alguien dudaba del romance entre Selena Gomez y Justin Bieber, bueno pues, aqu\u00ed est\u00e1 la prueba de que \u201cJelena\u201d is back in business.","breadcrumb":{"@id":"https:\/\/graziamagazine.com\/mx\/articles\/jelena-justin-bieber-selena-gomez-esta-vuelta-estas-fotos-lo-confirman\/#breadcrumb"},"inLanguage":"es-MX","potentialAction":[{"@type":"ReadAction","target":["https:\/\/graziamagazine.com\/mx\/articles\/jelena-justin-bieber-selena-gomez-esta-vuelta-estas-fotos-lo-confirman\/"]}]},{"@type":"BreadcrumbList","@id":"https:\/\/graziamagazine.com\/mx\/articles\/jelena-justin-bieber-selena-gomez-esta-vuelta-estas-fotos-lo-confirman\/#breadcrumb","itemListElement":[{"@type":"ListItem","position":1,"name":"Home","item":"https:\/\/graziamagazine.com\/mx\/"},{"@type":"ListItem","position":2,"name":"Jelena (Justin Bieber y Selena Gomez) est\u00e1 de vuelta y estas fotos lo confirman"}]},{"@type":"WebSite","@id":"https:\/\/graziamagazine.com\/mx\/#website","url":"https:\/\/graziamagazine.com\/mx\/","name":"Grazia M\u00e9xico y Latinoam\u00e9rica","description":"Grazia es moda, belleza y noticias  de actualidad ","potentialAction":[{"@type":"SearchAction","target":{"@type":"EntryPoint","urlTemplate":"https:\/\/graziamagazine.com\/mx\/?s={search_term_string}"},"query-input":"required name=search_term_string"}],"inLanguage":"es-MX"}]}},"jetpack_sharing_enabled":true,"distributor_meta":false,"distributor_terms":false,"distributor_media":false,"distributor_original_site_name":"Grazia M\u00e9xico y Latinoam\u00e9rica","distributor_original_site_url":"https:\/\/graziamagazine.com\/mx","push-errors":false,"_links":{"self":[{"href":"https:\/\/graziamagazine.com\/mx\/wp-json\/wp\/v2\/articles\/43740"}],"collection":[{"href":"https:\/\/graziamagazine.com\/mx\/wp-json\/wp\/v2\/articles"}],"about":[{"href":"https:\/\/graziamagazine.com\/mx\/wp-json\/wp\/v2\/types\/articles"}],"author":[{"embeddable":true,"href":"https:\/\/graziamagazine.com\/mx\/wp-json\/wp\/v2\/users\/11636"}],"wp:featuredmedia":[{"embeddable":true,"href":"https:\/\/graziamagazine.com\/mx\/wp-json\/wp\/v2\/media\/43746"}],"wp:attachment":[{"href":"https:\/\/graziamagazine.com\/mx\/wp-json\/wp\/v2\/media?parent=43740"}],"wp:term":[{"taxonomy":"category","embeddable":true,"href":"https:\/\/graziamagazine.com\/mx\/wp-json\/wp\/v2\/categories?post=43740"}],"curies":[{"name":"wp","href":"https:\/\/api.w.org\/{rel}","templated":true}]}}