{"id":42153,"date":"2018-02-12T12:50:35","date_gmt":"2018-02-12T18:50:35","guid":{"rendered":"https:\/\/graziamagazine.com\/mx\/?p=42153"},"modified":"2018-02-12T12:53:40","modified_gmt":"2018-02-12T18:53:40","slug":"alexander-wang-disputa-entre-matrix-ceo-para-otono-invierno-2018","status":"publish","type":"articles","link":"https:\/\/graziamagazine.com\/mx\/articles\/alexander-wang-disputa-entre-matrix-ceo-para-otono-invierno-2018\/","title":{"rendered":"Alexander Wang y su disputa entre Matrix y una CEO para oto\u00f1o-invierno 2018"},"content":{"rendered":"<p><b>Alexander Wang convierte a su mujer en toda una <i>businesswoman<\/i> capaz de desafiar a Matrix. Pero, \u00bfacaso esta es una m\u00e1s de sus fiestas?<\/b><!--more--><\/p>\n<p>La fiesta qued\u00f3 atr\u00e1s y la mujer de <b>Alexander Wang<\/b> se regenera, o bueno, algo as\u00ed fue el mensaje que el dise\u00f1ador nativo de San Francisco, California, mostr\u00f3. Los invitados fueron citados en 4 Times Square (ya sabes a que edificio nos referimos) y recibidos en un <i>set<\/i> corporativo con cub\u00edculos, alfombra y todo el mobiliario que una oficina incluye.<\/p>\n<p>Matrix y una verdadera <i>boss lady<\/i>, como se refiere <a href=\"https:\/\/www.businessoffashion.com\/articles\/fashion-show-review\/alexander-wangs-ceo-shitkickers\" target=\"_blank\" rel=\"noopener\" target=\"_blank\">Tim Blanks<\/a>, caminaron por los confinados pasillos entre cub\u00edculo y cub\u00edculo y d\u00e1ndonos un <i>insight<\/i> a las actividades que esta mujer hace durante un d\u00eda rutinario.<\/p>\n<p>Aunque el punto de referencia sea diferente a aquel expuesto en sus \u00faltimas entregas, las prendas no fueron tan distintas \u2014\u00bfrecuerdas esas medias que ten\u00edan grabadas la palabra \u201cgirls\u201d? o quiz\u00e1 las siluetas te parezcan familiar. La realidad del asunto es que el 2018 seguramente se perfilar\u00e1 (\u00a1por fin!) como el m\u00e1s empoderador para la mujer. Y para ser parte de la conversaci\u00f3n, los dise\u00f1adores est\u00e1n abocando sus esfuerzos en cumplir con la misi\u00f3n establecida.<\/p>\n<p>En el caso de Wang, esta mujer viste con una cierta nostalgia \u2014el aclamado <i>le smoking<\/i> idealizado por Yves Saint Laurent fue deconstruido, y el uniforme corporativo, nos referimos a camisas y <i>windbreakers<\/i>, fue tratado con peque\u00f1os cristales, o bien, el logo de esta corporaci\u00f3n estampado. Los trajes sastre, con los cortes y las costuras resaltados en <i>zippers<\/i>, se complementaron por las gafas al estilo Matrix.<\/p>\n<p>Nicole Phelps cuestiona si en verdad Wang sali\u00f3 de su fiesta. \u00bfAlg\u00fan d\u00eda lo har\u00e1?<\/p>\n<p>&nbsp;<\/p>\n<h5><em>*IM\u00c1GENES: Mondadori Photo<\/em><\/h5>\n","protected":false},"author":11641,"featured_media":42171,"template":"","format":"standard","categories":[4],"acf":[],"yoast_head":"<!-- This site is optimized with the Yoast SEO Premium plugin v18.5 (Yoast SEO v20.4) - https:\/\/yoast.com\/wordpress\/plugins\/seo\/ -->\n<title>Alexander Wang y su disputa entre Matrix y una CEO para oto\u00f1o-invierno 2018 | Grazia M\u00e9xico y Latinoam\u00e9rica<\/title>\n<meta name=\"description\" content=\"Alexander Wang convierte a su mujer en toda una businesswoman capaz de desafiar a Matrix. Pero, \u00bfacaso esta es una m\u00e1s de sus fiestas?\" \/>\n<meta name=\"robots\" content=\"index, follow, max-snippet:-1, max-image-preview:large, max-video-preview:-1\" \/>\n<link rel=\"canonical\" href=\"https:\/\/graziamagazine.com\/mx\/articles\/alexander-wang-disputa-entre-matrix-ceo-para-otono-invierno-2018\/\" \/>\n<meta property=\"og:locale\" content=\"es_MX\" \/>\n<meta property=\"og:type\" content=\"article\" \/>\n<meta property=\"og:title\" content=\"Alexander Wang y su disputa entre Matrix y una CEO para oto\u00f1o-invierno 2018\" \/>\n<meta property=\"og:description\" content=\"Alexander Wang convierte a su mujer en toda una businesswoman capaz de desafiar a Matrix. Pero, \u00bfacaso esta es una m\u00e1s de sus fiestas?\" \/>\n<meta property=\"og:url\" content=\"https:\/\/graziamagazine.com\/mx\/articles\/alexander-wang-disputa-entre-matrix-ceo-para-otono-invierno-2018\/\" \/>\n<meta property=\"og:site_name\" content=\"Grazia M\u00e9xico y Latinoam\u00e9rica\" \/>\n<meta property=\"article:modified_time\" content=\"2018-02-12T18:53:40+00:00\" \/>\n<meta property=\"og:image\" content=\"https:\/\/graziamagazine.com\/mx\/wp-content\/uploads\/sites\/13\/2018\/02\/alexander-wang-disputa-entre-matrix-ceo-para-otono-invierno-2018-destacada.jpeg?fit=1380%2C630\" \/>\n\t<meta property=\"og:image:width\" content=\"1380\" \/>\n\t<meta property=\"og:image:height\" content=\"630\" \/>\n\t<meta property=\"og:image:type\" content=\"image\/jpeg\" \/>\n<meta name=\"twitter:card\" content=\"summary_large_image\" \/>\n<meta name=\"twitter:label1\" content=\"Est. reading time\" \/>\n\t<meta name=\"twitter:data1\" content=\"1 minuto\" \/>\n<script type=\"application\/ld+json\" class=\"yoast-schema-graph\">{\"@context\":\"https:\/\/schema.org\",\"@graph\":[{\"@type\":\"WebPage\",\"@id\":\"https:\/\/graziamagazine.com\/mx\/articles\/alexander-wang-disputa-entre-matrix-ceo-para-otono-invierno-2018\/\",\"url\":\"https:\/\/graziamagazine.com\/mx\/articles\/alexander-wang-disputa-entre-matrix-ceo-para-otono-invierno-2018\/\",\"name\":\"Alexander Wang y su disputa entre Matrix y una CEO para oto\u00f1o-invierno 2018 | Grazia M\u00e9xico y Latinoam\u00e9rica\",\"isPartOf\":{\"@id\":\"https:\/\/graziamagazine.com\/mx\/#website\"},\"datePublished\":\"2018-02-12T18:50:35+00:00\",\"dateModified\":\"2018-02-12T18:53:40+00:00\",\"description\":\"Alexander Wang convierte a su mujer en toda una businesswoman capaz de desafiar a Matrix. Pero, \u00bfacaso esta es una m\u00e1s de sus fiestas?\",\"breadcrumb\":{\"@id\":\"https:\/\/graziamagazine.com\/mx\/articles\/alexander-wang-disputa-entre-matrix-ceo-para-otono-invierno-2018\/#breadcrumb\"},\"inLanguage\":\"es-MX\",\"potentialAction\":[{\"@type\":\"ReadAction\",\"target\":[\"https:\/\/graziamagazine.com\/mx\/articles\/alexander-wang-disputa-entre-matrix-ceo-para-otono-invierno-2018\/\"]}]},{\"@type\":\"BreadcrumbList\",\"@id\":\"https:\/\/graziamagazine.com\/mx\/articles\/alexander-wang-disputa-entre-matrix-ceo-para-otono-invierno-2018\/#breadcrumb\",\"itemListElement\":[{\"@type\":\"ListItem\",\"position\":1,\"name\":\"Home\",\"item\":\"https:\/\/graziamagazine.com\/mx\/\"},{\"@type\":\"ListItem\",\"position\":2,\"name\":\"Alexander Wang y su disputa entre Matrix y una CEO para oto\u00f1o-invierno 2018\"}]},{\"@type\":\"WebSite\",\"@id\":\"https:\/\/graziamagazine.com\/mx\/#website\",\"url\":\"https:\/\/graziamagazine.com\/mx\/\",\"name\":\"Grazia M\u00e9xico y Latinoam\u00e9rica\",\"description\":\"Grazia es moda, belleza y noticias  de actualidad \",\"potentialAction\":[{\"@type\":\"SearchAction\",\"target\":{\"@type\":\"EntryPoint\",\"urlTemplate\":\"https:\/\/graziamagazine.com\/mx\/?s={search_term_string}\"},\"query-input\":\"required name=search_term_string\"}],\"inLanguage\":\"es-MX\"}]}<\/script>\n<!-- \/ Yoast SEO Premium plugin. -->","yoast_head_json":{"title":"Alexander Wang y su disputa entre Matrix y una CEO para oto\u00f1o-invierno 2018 | Grazia M\u00e9xico y Latinoam\u00e9rica","description":"Alexander Wang convierte a su mujer en toda una businesswoman capaz de desafiar a Matrix. Pero, \u00bfacaso esta es una m\u00e1s de sus fiestas?","robots":{"index":"index","follow":"follow","max-snippet":"max-snippet:-1","max-image-preview":"max-image-preview:large","max-video-preview":"max-video-preview:-1"},"canonical":"https:\/\/graziamagazine.com\/mx\/articles\/alexander-wang-disputa-entre-matrix-ceo-para-otono-invierno-2018\/","og_locale":"es_MX","og_type":"article","og_title":"Alexander Wang y su disputa entre Matrix y una CEO para oto\u00f1o-invierno 2018","og_description":"Alexander Wang convierte a su mujer en toda una businesswoman capaz de desafiar a Matrix. Pero, \u00bfacaso esta es una m\u00e1s de sus fiestas?","og_url":"https:\/\/graziamagazine.com\/mx\/articles\/alexander-wang-disputa-entre-matrix-ceo-para-otono-invierno-2018\/","og_site_name":"Grazia M\u00e9xico y Latinoam\u00e9rica","article_modified_time":"2018-02-12T18:53:40+00:00","og_image":[{"width":1380,"height":630,"url":"https:\/\/graziamagazine.com\/mx\/wp-content\/uploads\/sites\/13\/2018\/02\/alexander-wang-disputa-entre-matrix-ceo-para-otono-invierno-2018-destacada.jpeg?fit=1380%2C630","type":"image\/jpeg"}],"twitter_card":"summary_large_image","twitter_misc":{"Est. reading time":"1 minuto"},"schema":{"@context":"https:\/\/schema.org","@graph":[{"@type":"WebPage","@id":"https:\/\/graziamagazine.com\/mx\/articles\/alexander-wang-disputa-entre-matrix-ceo-para-otono-invierno-2018\/","url":"https:\/\/graziamagazine.com\/mx\/articles\/alexander-wang-disputa-entre-matrix-ceo-para-otono-invierno-2018\/","name":"Alexander Wang y su disputa entre Matrix y una CEO para oto\u00f1o-invierno 2018 | Grazia M\u00e9xico y Latinoam\u00e9rica","isPartOf":{"@id":"https:\/\/graziamagazine.com\/mx\/#website"},"datePublished":"2018-02-12T18:50:35+00:00","dateModified":"2018-02-12T18:53:40+00:00","description":"Alexander Wang convierte a su mujer en toda una businesswoman capaz de desafiar a Matrix. Pero, \u00bfacaso esta es una m\u00e1s de sus fiestas?","breadcrumb":{"@id":"https:\/\/graziamagazine.com\/mx\/articles\/alexander-wang-disputa-entre-matrix-ceo-para-otono-invierno-2018\/#breadcrumb"},"inLanguage":"es-MX","potentialAction":[{"@type":"ReadAction","target":["https:\/\/graziamagazine.com\/mx\/articles\/alexander-wang-disputa-entre-matrix-ceo-para-otono-invierno-2018\/"]}]},{"@type":"BreadcrumbList","@id":"https:\/\/graziamagazine.com\/mx\/articles\/alexander-wang-disputa-entre-matrix-ceo-para-otono-invierno-2018\/#breadcrumb","itemListElement":[{"@type":"ListItem","position":1,"name":"Home","item":"https:\/\/graziamagazine.com\/mx\/"},{"@type":"ListItem","position":2,"name":"Alexander Wang y su disputa entre Matrix y una CEO para oto\u00f1o-invierno 2018"}]},{"@type":"WebSite","@id":"https:\/\/graziamagazine.com\/mx\/#website","url":"https:\/\/graziamagazine.com\/mx\/","name":"Grazia M\u00e9xico y Latinoam\u00e9rica","description":"Grazia es moda, belleza y noticias  de actualidad ","potentialAction":[{"@type":"SearchAction","target":{"@type":"EntryPoint","urlTemplate":"https:\/\/graziamagazine.com\/mx\/?s={search_term_string}"},"query-input":"required name=search_term_string"}],"inLanguage":"es-MX"}]}},"jetpack_sharing_enabled":true,"distributor_meta":false,"distributor_terms":false,"distributor_media":false,"distributor_original_site_name":"Grazia M\u00e9xico y Latinoam\u00e9rica","distributor_original_site_url":"https:\/\/graziamagazine.com\/mx","push-errors":false,"_links":{"self":[{"href":"https:\/\/graziamagazine.com\/mx\/wp-json\/wp\/v2\/articles\/42153"}],"collection":[{"href":"https:\/\/graziamagazine.com\/mx\/wp-json\/wp\/v2\/articles"}],"about":[{"href":"https:\/\/graziamagazine.com\/mx\/wp-json\/wp\/v2\/types\/articles"}],"author":[{"embeddable":true,"href":"https:\/\/graziamagazine.com\/mx\/wp-json\/wp\/v2\/users\/11641"}],"wp:featuredmedia":[{"embeddable":true,"href":"https:\/\/graziamagazine.com\/mx\/wp-json\/wp\/v2\/media\/42171"}],"wp:attachment":[{"href":"https:\/\/graziamagazine.com\/mx\/wp-json\/wp\/v2\/media?parent=42153"}],"wp:term":[{"taxonomy":"category","embeddable":true,"href":"https:\/\/graziamagazine.com\/mx\/wp-json\/wp\/v2\/categories?post=42153"}],"curies":[{"name":"wp","href":"https:\/\/api.w.org\/{rel}","templated":true}]}}