{"id":4120,"date":"2016-08-08T21:51:01","date_gmt":"2016-08-09T03:51:01","guid":{"rendered":"https:\/\/graziamagazine.com\/mx\/?p=4120"},"modified":"2016-08-08T21:51:41","modified_gmt":"2016-08-09T03:51:41","slug":"snoop-dogg-martha-stewart-cocina","status":"publish","type":"articles","link":"https:\/\/graziamagazine.com\/mx\/articles\/snoop-dogg-martha-stewart-cocina\/","title":{"rendered":"SNOOP DOGG Y MARTHA STEWART TE ENSE\u00d1AN A COCINAR POR TELEVISI\u00d3N"},"content":{"rendered":"<p><b>Esta peculiar mancuerna lleva mucho m\u00e1s tiempo en la cocina de lo que te imaginas\u2026<\/b><!--more--><\/p>\n<p><span style=\"font-weight: 400;\">En <\/span><b>2009<\/b><span style=\"font-weight: 400;\"> ambos hicieron noticia cuando para su programa especial navide\u00f1o, la anfitriona por <\/span><span style=\"font-weight: 400;\">excelencia present\u00f3<\/span><b> \u201cChristmas Cookie Day with Renee Fleming and Snoop Dogg\u201d<\/b><span style=\"font-weight: 400;\">. Un programa en donde el par se reuni\u00f3 (literalmente) para<\/span><b> cocinar brownies<\/b><span style=\"font-weight: 400;\">.<\/span><\/p>\n<p><span style=\"font-weight: 400;\">Con todo y la connotaci\u00f3n <\/span><b>psicotr\u00f3pica<\/b><span style=\"font-weight: 400;\"> que eso implica y en donde adem\u00e1s, el rapero improvis\u00f3 algunos versos respecto a la divertida coincidencia, esta fue la primer ocasi\u00f3n en que el extra\u00f1o d\u00fao entablo un tipo de relaci\u00f3n que hoy los llevar\u00e1 a la pantalla de <\/span><b>VH1<\/b><span style=\"font-weight: 400;\"> con su propio <\/span><b>programa de cocina<\/b><span style=\"font-weight: 400;\">.<\/span><\/p>\n<p><span style=\"font-weight: 400;\">Le\u00edste bien, este oto\u00f1o arrancar\u00e1 <\/span><b><i>Martha &amp; Snoop&#8217;s Dinner Party <\/i><\/b><span style=\"font-weight: 400;\">en donde durante diez semanas, ambos ser\u00e1n conductores de un <\/span><b><i>talk show<\/i><\/b><span style=\"font-weight: 400;\"> en donde invitar\u00e1n a otras <\/span><b>celebridades<\/b><span style=\"font-weight: 400;\"> a cocinar con ellos. La tem\u00e1tica se desenvolver\u00e1 como <\/span><b><i>\u201cuna velada a medio cocinar de cocktails, cocina, charla y diversi\u00f3n en donde nada est\u00e1 prohibido\u201d <\/i><\/b><span style=\"font-weight: 400;\">asegur\u00f3 un comunicado oficial.<\/span><\/p>\n<p><span style=\"font-weight: 400;\">La pol\u00e9mica reside en la peculiaridad de este par conformado por uno de los <\/span><b>fundadores<\/b><span style=\"font-weight: 400;\"> del clan <\/span><b>East Cost<\/b><span style=\"font-weight: 400;\"> \u2013y amigo cercano del extinto <\/span><b>Tupac Shakur<\/b><span style=\"font-weight: 400;\">\u2013 y la famosa conductora que lleg\u00f3 a estar<\/span><b> tras las rejas <\/b><span style=\"font-weight: 400;\">durante cinco meses por <\/span><b>evasi\u00f3n de impuestos<\/b><span style=\"font-weight: 400;\">.<\/span><\/p>\n<p>&nbsp;<\/p>\n<p><img loading=\"lazy\" decoding=\"async\" class=\"alignnone size-full wp-image-4123\" src=\"https:\/\/graziamagazine.com\/mx\/wp-content\/uploads\/sites\/13\/2016\/08\/martha-stewart-snoop-dogg.jpg\" alt=\"martha-stewart-snoop-dogg\" width=\"1440\" height=\"960\" srcset=\"https:\/\/graziamagazine.com\/mx\/wp-content\/uploads\/sites\/13\/2016\/08\/martha-stewart-snoop-dogg.jpg 1440w, https:\/\/graziamagazine.com\/mx\/wp-content\/uploads\/sites\/13\/2016\/08\/martha-stewart-snoop-dogg.jpg?resize=450,300 450w, https:\/\/graziamagazine.com\/mx\/wp-content\/uploads\/sites\/13\/2016\/08\/martha-stewart-snoop-dogg.jpg?resize=768,512 768w, https:\/\/graziamagazine.com\/mx\/wp-content\/uploads\/sites\/13\/2016\/08\/martha-stewart-snoop-dogg.jpg?resize=1024,683 1024w, https:\/\/graziamagazine.com\/mx\/wp-content\/uploads\/sites\/13\/2016\/08\/martha-stewart-snoop-dogg.jpg?resize=155,103 155w\" sizes=\"(max-width: 1440px) 100vw, 1440px\" \/><\/p>\n<p>&nbsp;<\/p>\n<p><span style=\"font-weight: 400;\">Definitivamente, algo<strong> muy interesante<\/strong> de ver en la barra de contenidos del canal por cable. \u00bfQu\u00e9 <strong>alocadas recetas<\/strong> crees que nos ense\u00f1ar\u00e1n?<\/span><\/p>\n<p>&nbsp;<\/p>\n","protected":false},"author":11636,"featured_media":4121,"template":"","format":"standard","categories":[2],"acf":[],"yoast_head":"<!-- This site is optimized with the Yoast SEO Premium plugin v18.5 (Yoast SEO v20.4) - https:\/\/yoast.com\/wordpress\/plugins\/seo\/ -->\n<title>SNOOP DOGG Y MARTHA STEWART TE ENSE\u00d1AN A COCINAR POR TELEVISI\u00d3N | Grazia M\u00e9xico y Latinoam\u00e9rica<\/title>\n<meta name=\"description\" content=\"Esta peculiar mancuerna lleva mucho m\u00e1s tiempo en la cocina de lo que te imaginas\u2026 En 2009 ambos hicieron noticia cuando para su programa especial\" \/>\n<meta name=\"robots\" content=\"index, follow, max-snippet:-1, max-image-preview:large, max-video-preview:-1\" \/>\n<link rel=\"canonical\" href=\"https:\/\/graziamagazine.com\/mx\/articles\/snoop-dogg-martha-stewart-cocina\/\" \/>\n<meta property=\"og:locale\" content=\"es_MX\" \/>\n<meta property=\"og:type\" content=\"article\" \/>\n<meta property=\"og:title\" content=\"SNOOP DOGG Y MARTHA STEWART TE ENSE\u00d1AN A COCINAR POR TELEVISI\u00d3N\" \/>\n<meta property=\"og:description\" content=\"Esta peculiar mancuerna lleva mucho m\u00e1s tiempo en la cocina de lo que te imaginas\u2026 En 2009 ambos hicieron noticia cuando para su programa especial\" \/>\n<meta property=\"og:url\" content=\"https:\/\/graziamagazine.com\/mx\/articles\/snoop-dogg-martha-stewart-cocina\/\" \/>\n<meta property=\"og:site_name\" content=\"Grazia M\u00e9xico y Latinoam\u00e9rica\" \/>\n<meta property=\"article:modified_time\" content=\"2016-08-09T03:51:41+00:00\" \/>\n<meta property=\"og:image\" content=\"https:\/\/graziamagazine.com\/mx\/wp-content\/uploads\/sites\/13\/2016\/08\/snoopmarthacov.jpg?fit=835%2C341\" \/>\n\t<meta property=\"og:image:width\" content=\"835\" \/>\n\t<meta property=\"og:image:height\" content=\"341\" \/>\n\t<meta property=\"og:image:type\" content=\"image\/jpeg\" \/>\n<meta name=\"twitter:card\" content=\"summary_large_image\" \/>\n<meta name=\"twitter:label1\" content=\"Est. reading time\" \/>\n\t<meta name=\"twitter:data1\" content=\"1 minuto\" \/>\n<script type=\"application\/ld+json\" class=\"yoast-schema-graph\">{\"@context\":\"https:\/\/schema.org\",\"@graph\":[{\"@type\":\"WebPage\",\"@id\":\"https:\/\/graziamagazine.com\/mx\/articles\/snoop-dogg-martha-stewart-cocina\/\",\"url\":\"https:\/\/graziamagazine.com\/mx\/articles\/snoop-dogg-martha-stewart-cocina\/\",\"name\":\"SNOOP DOGG Y MARTHA STEWART TE ENSE\u00d1AN A COCINAR POR TELEVISI\u00d3N | Grazia M\u00e9xico y Latinoam\u00e9rica\",\"isPartOf\":{\"@id\":\"https:\/\/graziamagazine.com\/mx\/#website\"},\"datePublished\":\"2016-08-09T03:51:01+00:00\",\"dateModified\":\"2016-08-09T03:51:41+00:00\",\"description\":\"Esta peculiar mancuerna lleva mucho m\u00e1s tiempo en la cocina de lo que te imaginas\u2026 En 2009 ambos hicieron noticia cuando para su programa especial\",\"breadcrumb\":{\"@id\":\"https:\/\/graziamagazine.com\/mx\/articles\/snoop-dogg-martha-stewart-cocina\/#breadcrumb\"},\"inLanguage\":\"es-MX\",\"potentialAction\":[{\"@type\":\"ReadAction\",\"target\":[\"https:\/\/graziamagazine.com\/mx\/articles\/snoop-dogg-martha-stewart-cocina\/\"]}]},{\"@type\":\"BreadcrumbList\",\"@id\":\"https:\/\/graziamagazine.com\/mx\/articles\/snoop-dogg-martha-stewart-cocina\/#breadcrumb\",\"itemListElement\":[{\"@type\":\"ListItem\",\"position\":1,\"name\":\"Home\",\"item\":\"https:\/\/graziamagazine.com\/mx\/\"},{\"@type\":\"ListItem\",\"position\":2,\"name\":\"SNOOP DOGG Y MARTHA STEWART TE ENSE\u00d1AN A COCINAR POR TELEVISI\u00d3N\"}]},{\"@type\":\"WebSite\",\"@id\":\"https:\/\/graziamagazine.com\/mx\/#website\",\"url\":\"https:\/\/graziamagazine.com\/mx\/\",\"name\":\"Grazia M\u00e9xico y Latinoam\u00e9rica\",\"description\":\"Grazia es moda, belleza y noticias  de actualidad \",\"potentialAction\":[{\"@type\":\"SearchAction\",\"target\":{\"@type\":\"EntryPoint\",\"urlTemplate\":\"https:\/\/graziamagazine.com\/mx\/?s={search_term_string}\"},\"query-input\":\"required name=search_term_string\"}],\"inLanguage\":\"es-MX\"}]}<\/script>\n<!-- \/ Yoast SEO Premium plugin. -->","yoast_head_json":{"title":"SNOOP DOGG Y MARTHA STEWART TE ENSE\u00d1AN A COCINAR POR TELEVISI\u00d3N | Grazia M\u00e9xico y Latinoam\u00e9rica","description":"Esta peculiar mancuerna lleva mucho m\u00e1s tiempo en la cocina de lo que te imaginas\u2026 En 2009 ambos hicieron noticia cuando para su programa especial","robots":{"index":"index","follow":"follow","max-snippet":"max-snippet:-1","max-image-preview":"max-image-preview:large","max-video-preview":"max-video-preview:-1"},"canonical":"https:\/\/graziamagazine.com\/mx\/articles\/snoop-dogg-martha-stewart-cocina\/","og_locale":"es_MX","og_type":"article","og_title":"SNOOP DOGG Y MARTHA STEWART TE ENSE\u00d1AN A COCINAR POR TELEVISI\u00d3N","og_description":"Esta peculiar mancuerna lleva mucho m\u00e1s tiempo en la cocina de lo que te imaginas\u2026 En 2009 ambos hicieron noticia cuando para su programa especial","og_url":"https:\/\/graziamagazine.com\/mx\/articles\/snoop-dogg-martha-stewart-cocina\/","og_site_name":"Grazia M\u00e9xico y Latinoam\u00e9rica","article_modified_time":"2016-08-09T03:51:41+00:00","og_image":[{"width":835,"height":341,"url":"https:\/\/graziamagazine.com\/mx\/wp-content\/uploads\/sites\/13\/2016\/08\/snoopmarthacov.jpg?fit=835%2C341","type":"image\/jpeg"}],"twitter_card":"summary_large_image","twitter_misc":{"Est. reading time":"1 minuto"},"schema":{"@context":"https:\/\/schema.org","@graph":[{"@type":"WebPage","@id":"https:\/\/graziamagazine.com\/mx\/articles\/snoop-dogg-martha-stewart-cocina\/","url":"https:\/\/graziamagazine.com\/mx\/articles\/snoop-dogg-martha-stewart-cocina\/","name":"SNOOP DOGG Y MARTHA STEWART TE ENSE\u00d1AN A COCINAR POR TELEVISI\u00d3N | Grazia M\u00e9xico y Latinoam\u00e9rica","isPartOf":{"@id":"https:\/\/graziamagazine.com\/mx\/#website"},"datePublished":"2016-08-09T03:51:01+00:00","dateModified":"2016-08-09T03:51:41+00:00","description":"Esta peculiar mancuerna lleva mucho m\u00e1s tiempo en la cocina de lo que te imaginas\u2026 En 2009 ambos hicieron noticia cuando para su programa especial","breadcrumb":{"@id":"https:\/\/graziamagazine.com\/mx\/articles\/snoop-dogg-martha-stewart-cocina\/#breadcrumb"},"inLanguage":"es-MX","potentialAction":[{"@type":"ReadAction","target":["https:\/\/graziamagazine.com\/mx\/articles\/snoop-dogg-martha-stewart-cocina\/"]}]},{"@type":"BreadcrumbList","@id":"https:\/\/graziamagazine.com\/mx\/articles\/snoop-dogg-martha-stewart-cocina\/#breadcrumb","itemListElement":[{"@type":"ListItem","position":1,"name":"Home","item":"https:\/\/graziamagazine.com\/mx\/"},{"@type":"ListItem","position":2,"name":"SNOOP DOGG Y MARTHA STEWART TE ENSE\u00d1AN A COCINAR POR TELEVISI\u00d3N"}]},{"@type":"WebSite","@id":"https:\/\/graziamagazine.com\/mx\/#website","url":"https:\/\/graziamagazine.com\/mx\/","name":"Grazia M\u00e9xico y Latinoam\u00e9rica","description":"Grazia es moda, belleza y noticias  de actualidad ","potentialAction":[{"@type":"SearchAction","target":{"@type":"EntryPoint","urlTemplate":"https:\/\/graziamagazine.com\/mx\/?s={search_term_string}"},"query-input":"required name=search_term_string"}],"inLanguage":"es-MX"}]}},"jetpack_sharing_enabled":true,"distributor_meta":false,"distributor_terms":false,"distributor_media":false,"distributor_original_site_name":"Grazia M\u00e9xico y Latinoam\u00e9rica","distributor_original_site_url":"https:\/\/graziamagazine.com\/mx","push-errors":false,"_links":{"self":[{"href":"https:\/\/graziamagazine.com\/mx\/wp-json\/wp\/v2\/articles\/4120"}],"collection":[{"href":"https:\/\/graziamagazine.com\/mx\/wp-json\/wp\/v2\/articles"}],"about":[{"href":"https:\/\/graziamagazine.com\/mx\/wp-json\/wp\/v2\/types\/articles"}],"author":[{"embeddable":true,"href":"https:\/\/graziamagazine.com\/mx\/wp-json\/wp\/v2\/users\/11636"}],"wp:featuredmedia":[{"embeddable":true,"href":"https:\/\/graziamagazine.com\/mx\/wp-json\/wp\/v2\/media\/4121"}],"wp:attachment":[{"href":"https:\/\/graziamagazine.com\/mx\/wp-json\/wp\/v2\/media?parent=4120"}],"wp:term":[{"taxonomy":"category","embeddable":true,"href":"https:\/\/graziamagazine.com\/mx\/wp-json\/wp\/v2\/categories?post=4120"}],"curies":[{"name":"wp","href":"https:\/\/api.w.org\/{rel}","templated":true}]}}