{"id":40470,"date":"2018-01-22T16:02:37","date_gmt":"2018-01-22T22:02:37","guid":{"rendered":"https:\/\/graziamagazine.com\/mx\/?p=40470"},"modified":"2018-01-22T16:02:37","modified_gmt":"2018-01-22T22:02:37","slug":"mercado-pulgas-vetements-otono-invierno-2018-martin-margiela","status":"publish","type":"articles","link":"https:\/\/graziamagazine.com\/mx\/articles\/mercado-pulgas-vetements-otono-invierno-2018-martin-margiela\/","title":{"rendered":"El mercado de pulgas de Vetements para oto\u00f1o-invierno 2018 inspirado en Martin Margiela"},"content":{"rendered":"<p><b>Vetements regresa a la pasarela con un mercado de pulgas inspirado en uno de los maestros de Demna Gvasalia, Martin Margiela.<\/b><!--more--><\/p>\n<p><b>Demna Gvasalia<\/b> y su colectivo de culto regresan a la pasarela luego de presentar su colecci\u00f3n SS18 a trav\u00e9s de un peculiar <i>lookbook<\/i> capturado en la ciudad de Zurich, donde <b>Vetements<\/b> est\u00e1 ahora basada.<\/p>\n<p>Un mercado de pulgas como el creativo declar\u00f3, pero inspirado en <strong>Martin Margiela<\/strong>. El dise\u00f1ador que llev\u00f3 las colaboraciones al siguiente nivel, present\u00f3 una peculiar colecci\u00f3n repleta de estampados y extra\u00f1os cortes que lograron encajar en un contexto profundo.<\/p>\n<p>Para entender Vetements es necesario comprender la cultura urbana y el rechazo de las tendencias. Como colectivo que busca desafiar y cuestionar el <i>allure<\/i>, una oda a Martin Margiela suena coherente. El dise\u00f1ador belga que fue el \u00faltimo agregado de los <i>Antwerp Six<\/i> crey\u00f3 en la deconstrucci\u00f3n de las prendas como sin\u00f3nimo de innovaci\u00f3n, algo que Gvasalia ejemplifica bien.<\/p>\n<p>El viaje cultural comenz\u00f3 con un conjunto que mezclaba texturas, colores y estampados con un sentido muy espec\u00edfico. Luego vinieron las prendas m\u00e1s euf\u00f3ricas: pantalones rasgados, vaqueros maximizados; y para complementar, tenis gigantescos. Y por supuesto no faltaron las flores insignia de la firma, mismas que vinieron para el cl\u00edmax de la pasarela.<\/p>\n<p><img decoding=\"async\" class=\"alignnone size-large wp-image-40474\" src=\"https:\/\/graziamagazine.com\/mx\/wp-content\/uploads\/sites\/13\/2018\/01\/mercado-pulgas-vetements-otono-invierno-2018-martin-margiela-1-700x1050.jpg\" alt=\"\" \/><\/p>\n<p><img decoding=\"async\" class=\"alignnone size-large wp-image-40477\" src=\"https:\/\/graziamagazine.com\/mx\/wp-content\/uploads\/sites\/13\/2018\/01\/mercado-pulgas-vetements-otono-invierno-2018-martin-margiela-2-700x1049.jpg\" alt=\"\" \/><\/p>\n<p><img decoding=\"async\" class=\"alignnone size-large wp-image-40478\" src=\"https:\/\/graziamagazine.com\/mx\/wp-content\/uploads\/sites\/13\/2018\/01\/mercado-pulgas-vetements-otono-invierno-2018-martin-margiela-3-700x1050.jpg\" alt=\"\" \/><\/p>\n<p><img decoding=\"async\" class=\"alignnone size-large wp-image-40480\" src=\"https:\/\/graziamagazine.com\/mx\/wp-content\/uploads\/sites\/13\/2018\/01\/mercado-pulgas-vetements-otono-invierno-2018-martin-margiela-4-700x1050.jpg\" alt=\"\" \/><\/p>\n<p><img decoding=\"async\" class=\"alignnone size-large wp-image-40482\" src=\"https:\/\/graziamagazine.com\/mx\/wp-content\/uploads\/sites\/13\/2018\/01\/mercado-pulgas-vetements-otono-invierno-2018-martin-margiela-sneakers-700x1052.jpg\" alt=\"\" \/><\/p>\n<p>Parte del tributo a Margiela fue la reinterpretaci\u00f3n de los zapatos m\u00e1s ic\u00f3nicos del belga, Tibi. Y aunque Diet Prada ya los expuso a trav\u00e9s de su cuenta, para aquellos que conocen la historia del georgiano comprender\u00e1n que Margiela es la <i>raison d\u2019\u00eatre<\/i> detr\u00e1s del colectivo.<\/p>\n<p>Sin dejar de lado la visi\u00f3n andr\u00f3gina que Gvasalia incorpora en cada una de sus entregas, esta en particular se cataloga por la diversidad urbana y un tanto <i>queer<\/i>. As\u00ed que el regreso del colectivo m\u00e1s <i>mainstream<\/i> en la industria fue una declaraci\u00f3n nost\u00e1lgica y <i>cool<\/i>: la oda perfecta para el gran mentor.<\/p>\n<p>&nbsp;<\/p>\n<h5><em>*IM\u00c1GENES: Mondadori Photo<\/em><\/h5>\n","protected":false},"author":11641,"featured_media":40471,"template":"","format":"standard","categories":[4],"acf":[],"yoast_head":"<!-- This site is optimized with the Yoast SEO Premium plugin v18.5 (Yoast SEO v20.4) - https:\/\/yoast.com\/wordpress\/plugins\/seo\/ -->\n<title>El mercado de pulgas de Vetements para oto\u00f1o-invierno 2018 inspirado en Martin Margiela | Grazia M\u00e9xico y Latinoam\u00e9rica<\/title>\n<meta name=\"description\" content=\"Vetements regresa a la pasarela con un mercado de pulgas inspirado en uno de los maestros de Demna Gvasalia, Martin Margiela.\" \/>\n<meta name=\"robots\" content=\"index, follow, max-snippet:-1, max-image-preview:large, max-video-preview:-1\" \/>\n<link rel=\"canonical\" href=\"https:\/\/graziamagazine.com\/mx\/articles\/mercado-pulgas-vetements-otono-invierno-2018-martin-margiela\/\" \/>\n<meta property=\"og:locale\" content=\"es_MX\" \/>\n<meta property=\"og:type\" content=\"article\" \/>\n<meta property=\"og:title\" content=\"El mercado de pulgas de Vetements para oto\u00f1o-invierno 2018 inspirado en Martin Margiela\" \/>\n<meta property=\"og:description\" content=\"Vetements regresa a la pasarela con un mercado de pulgas inspirado en uno de los maestros de Demna Gvasalia, Martin Margiela.\" \/>\n<meta property=\"og:url\" content=\"https:\/\/graziamagazine.com\/mx\/articles\/mercado-pulgas-vetements-otono-invierno-2018-martin-margiela\/\" \/>\n<meta property=\"og:site_name\" content=\"Grazia M\u00e9xico y Latinoam\u00e9rica\" \/>\n<meta property=\"og:image\" content=\"https:\/\/graziamagazine.com\/mx\/wp-content\/uploads\/sites\/13\/2018\/01\/mercado-pulgas-vetements-otono-invierno-2018-martin-margiela-destacada.jpg?fit=2835%2C1677\" \/>\n\t<meta property=\"og:image:width\" content=\"2835\" \/>\n\t<meta property=\"og:image:height\" content=\"1677\" \/>\n\t<meta property=\"og:image:type\" content=\"image\/jpeg\" \/>\n<meta name=\"twitter:card\" content=\"summary_large_image\" \/>\n<meta name=\"twitter:label1\" content=\"Est. reading time\" \/>\n\t<meta name=\"twitter:data1\" content=\"2 minutos\" \/>\n<script type=\"application\/ld+json\" class=\"yoast-schema-graph\">{\"@context\":\"https:\/\/schema.org\",\"@graph\":[{\"@type\":\"WebPage\",\"@id\":\"https:\/\/graziamagazine.com\/mx\/articles\/mercado-pulgas-vetements-otono-invierno-2018-martin-margiela\/\",\"url\":\"https:\/\/graziamagazine.com\/mx\/articles\/mercado-pulgas-vetements-otono-invierno-2018-martin-margiela\/\",\"name\":\"El mercado de pulgas de Vetements para oto\u00f1o-invierno 2018 inspirado en Martin Margiela | Grazia M\u00e9xico y Latinoam\u00e9rica\",\"isPartOf\":{\"@id\":\"https:\/\/graziamagazine.com\/mx\/#website\"},\"datePublished\":\"2018-01-22T22:02:37+00:00\",\"dateModified\":\"2018-01-22T22:02:37+00:00\",\"description\":\"Vetements regresa a la pasarela con un mercado de pulgas inspirado en uno de los maestros de Demna Gvasalia, Martin Margiela.\",\"breadcrumb\":{\"@id\":\"https:\/\/graziamagazine.com\/mx\/articles\/mercado-pulgas-vetements-otono-invierno-2018-martin-margiela\/#breadcrumb\"},\"inLanguage\":\"es-MX\",\"potentialAction\":[{\"@type\":\"ReadAction\",\"target\":[\"https:\/\/graziamagazine.com\/mx\/articles\/mercado-pulgas-vetements-otono-invierno-2018-martin-margiela\/\"]}]},{\"@type\":\"BreadcrumbList\",\"@id\":\"https:\/\/graziamagazine.com\/mx\/articles\/mercado-pulgas-vetements-otono-invierno-2018-martin-margiela\/#breadcrumb\",\"itemListElement\":[{\"@type\":\"ListItem\",\"position\":1,\"name\":\"Home\",\"item\":\"https:\/\/graziamagazine.com\/mx\/\"},{\"@type\":\"ListItem\",\"position\":2,\"name\":\"El mercado de pulgas de Vetements para oto\u00f1o-invierno 2018 inspirado en Martin Margiela\"}]},{\"@type\":\"WebSite\",\"@id\":\"https:\/\/graziamagazine.com\/mx\/#website\",\"url\":\"https:\/\/graziamagazine.com\/mx\/\",\"name\":\"Grazia M\u00e9xico y Latinoam\u00e9rica\",\"description\":\"Grazia es moda, belleza y noticias  de actualidad \",\"potentialAction\":[{\"@type\":\"SearchAction\",\"target\":{\"@type\":\"EntryPoint\",\"urlTemplate\":\"https:\/\/graziamagazine.com\/mx\/?s={search_term_string}\"},\"query-input\":\"required name=search_term_string\"}],\"inLanguage\":\"es-MX\"}]}<\/script>\n<!-- \/ Yoast SEO Premium plugin. -->","yoast_head_json":{"title":"El mercado de pulgas de Vetements para oto\u00f1o-invierno 2018 inspirado en Martin Margiela | Grazia M\u00e9xico y Latinoam\u00e9rica","description":"Vetements regresa a la pasarela con un mercado de pulgas inspirado en uno de los maestros de Demna Gvasalia, Martin Margiela.","robots":{"index":"index","follow":"follow","max-snippet":"max-snippet:-1","max-image-preview":"max-image-preview:large","max-video-preview":"max-video-preview:-1"},"canonical":"https:\/\/graziamagazine.com\/mx\/articles\/mercado-pulgas-vetements-otono-invierno-2018-martin-margiela\/","og_locale":"es_MX","og_type":"article","og_title":"El mercado de pulgas de Vetements para oto\u00f1o-invierno 2018 inspirado en Martin Margiela","og_description":"Vetements regresa a la pasarela con un mercado de pulgas inspirado en uno de los maestros de Demna Gvasalia, Martin Margiela.","og_url":"https:\/\/graziamagazine.com\/mx\/articles\/mercado-pulgas-vetements-otono-invierno-2018-martin-margiela\/","og_site_name":"Grazia M\u00e9xico y Latinoam\u00e9rica","og_image":[{"width":2835,"height":1677,"url":"https:\/\/graziamagazine.com\/mx\/wp-content\/uploads\/sites\/13\/2018\/01\/mercado-pulgas-vetements-otono-invierno-2018-martin-margiela-destacada.jpg?fit=2835%2C1677","type":"image\/jpeg"}],"twitter_card":"summary_large_image","twitter_misc":{"Est. reading time":"2 minutos"},"schema":{"@context":"https:\/\/schema.org","@graph":[{"@type":"WebPage","@id":"https:\/\/graziamagazine.com\/mx\/articles\/mercado-pulgas-vetements-otono-invierno-2018-martin-margiela\/","url":"https:\/\/graziamagazine.com\/mx\/articles\/mercado-pulgas-vetements-otono-invierno-2018-martin-margiela\/","name":"El mercado de pulgas de Vetements para oto\u00f1o-invierno 2018 inspirado en Martin Margiela | Grazia M\u00e9xico y Latinoam\u00e9rica","isPartOf":{"@id":"https:\/\/graziamagazine.com\/mx\/#website"},"datePublished":"2018-01-22T22:02:37+00:00","dateModified":"2018-01-22T22:02:37+00:00","description":"Vetements regresa a la pasarela con un mercado de pulgas inspirado en uno de los maestros de Demna Gvasalia, Martin Margiela.","breadcrumb":{"@id":"https:\/\/graziamagazine.com\/mx\/articles\/mercado-pulgas-vetements-otono-invierno-2018-martin-margiela\/#breadcrumb"},"inLanguage":"es-MX","potentialAction":[{"@type":"ReadAction","target":["https:\/\/graziamagazine.com\/mx\/articles\/mercado-pulgas-vetements-otono-invierno-2018-martin-margiela\/"]}]},{"@type":"BreadcrumbList","@id":"https:\/\/graziamagazine.com\/mx\/articles\/mercado-pulgas-vetements-otono-invierno-2018-martin-margiela\/#breadcrumb","itemListElement":[{"@type":"ListItem","position":1,"name":"Home","item":"https:\/\/graziamagazine.com\/mx\/"},{"@type":"ListItem","position":2,"name":"El mercado de pulgas de Vetements para oto\u00f1o-invierno 2018 inspirado en Martin Margiela"}]},{"@type":"WebSite","@id":"https:\/\/graziamagazine.com\/mx\/#website","url":"https:\/\/graziamagazine.com\/mx\/","name":"Grazia M\u00e9xico y Latinoam\u00e9rica","description":"Grazia es moda, belleza y noticias  de actualidad ","potentialAction":[{"@type":"SearchAction","target":{"@type":"EntryPoint","urlTemplate":"https:\/\/graziamagazine.com\/mx\/?s={search_term_string}"},"query-input":"required name=search_term_string"}],"inLanguage":"es-MX"}]}},"jetpack_sharing_enabled":true,"distributor_meta":false,"distributor_terms":false,"distributor_media":false,"distributor_original_site_name":"Grazia M\u00e9xico y Latinoam\u00e9rica","distributor_original_site_url":"https:\/\/graziamagazine.com\/mx","push-errors":false,"_links":{"self":[{"href":"https:\/\/graziamagazine.com\/mx\/wp-json\/wp\/v2\/articles\/40470"}],"collection":[{"href":"https:\/\/graziamagazine.com\/mx\/wp-json\/wp\/v2\/articles"}],"about":[{"href":"https:\/\/graziamagazine.com\/mx\/wp-json\/wp\/v2\/types\/articles"}],"author":[{"embeddable":true,"href":"https:\/\/graziamagazine.com\/mx\/wp-json\/wp\/v2\/users\/11641"}],"wp:featuredmedia":[{"embeddable":true,"href":"https:\/\/graziamagazine.com\/mx\/wp-json\/wp\/v2\/media\/40471"}],"wp:attachment":[{"href":"https:\/\/graziamagazine.com\/mx\/wp-json\/wp\/v2\/media?parent=40470"}],"wp:term":[{"taxonomy":"category","embeddable":true,"href":"https:\/\/graziamagazine.com\/mx\/wp-json\/wp\/v2\/categories?post=40470"}],"curies":[{"name":"wp","href":"https:\/\/api.w.org\/{rel}","templated":true}]}}