{"id":40297,"date":"2018-01-19T00:49:11","date_gmt":"2018-01-19T06:49:11","guid":{"rendered":"https:\/\/graziamagazine.com\/mx\/?p=40297"},"modified":"2018-01-19T13:23:16","modified_gmt":"2018-01-19T19:23:16","slug":"que-paso-the-assassination-of-gianni-versace-american-crime-story","status":"publish","type":"articles","link":"https:\/\/graziamagazine.com\/mx\/articles\/que-paso-the-assassination-of-gianni-versace-american-crime-story\/","title":{"rendered":"Spoiler Alert: \u00bfQu\u00e9 pas\u00f3 con \u201cThe Assassination of Gianni Versace: American Crime Story\u201d?"},"content":{"rendered":"<p><b>La serie que narra uno de los cr\u00edmenes m\u00e1s impactantes en Estados Unidos se estren\u00f3 hoy y quiz\u00e1 no es lo que esper\u00e1bamos.<\/b><!--more-->Una de las series m\u00e1s anticipadas se estren\u00f3 hoy. Pero, \u00bfqu\u00e9 fue lo que paso? La historia empieza con el momento impactante: <strong>Andrew Phillip Cunanan<\/strong> dispara dos balas al famoso dise\u00f1ador italiano, <a href=\"https:\/\/graziamagazine.com\/mx\/20-gianni-versace-nos-hace-suspirar\/\" target=\"_blank\" rel=\"noopener\"><strong>Gianni Versace<\/strong><\/a>, afuera de su mansi\u00f3n en Miami Beach.<\/p>\n<p>Para los fan\u00e1ticos de la moda este quiz\u00e1 no haya sido el mejor comienzo a la historia detr\u00e1s del misterio. Y es que aunque la emblem\u00e1tica medusa aparece en gran parte del episodio \u2014en la mansi\u00f3n, estampada en la <i>T-shirt<\/i> del dise\u00f1ador\u2014, la trama no parece llevarnos a ninguna conclusi\u00f3n, m\u00e1s que a lo que ya conocemos. \u00bfEn d\u00f3nde qued\u00f3 la nueva historia?<\/p>\n<p>El episodio est\u00e1 conformado por distintos\u00a0<i>flashbacks<\/i> que intentan atar cabos en torno al asesinato y persecuci\u00f3n del criminal. Sin embargo estas remembranzas resultan en una confusi\u00f3n donde el espectador pierde la emoci\u00f3n y el inter\u00e9s en pocos minutos.<\/p>\n<p>Sin drama que contagiar, los papeles de <strong>Ricky Martin<\/strong> y <strong>Darren Criss<\/strong> son superficiales. Criss no inspira coraje ni deseo y Martin es simplemente mon\u00f3tono.<\/p>\n<p>\u00bfLo rescatable? La breve aparici\u00f3n de <strong>Pen\u00e9lope Cruz<\/strong> como <strong>Donatella Versace<\/strong> es simplemente excepcional. Y no dejemos de lado la direcci\u00f3n de arte, misma que nos transporta y hace sentir en la d\u00e9cada de los noventa.<\/p>\n<h5><em>*IMAGEN: Cortes\u00eda de FX<\/em><\/h5>\n","protected":false},"author":11641,"featured_media":40299,"template":"","format":"standard","categories":[2],"acf":[],"yoast_head":"<!-- This site is optimized with the Yoast SEO Premium plugin v18.5 (Yoast SEO v20.4) - https:\/\/yoast.com\/wordpress\/plugins\/seo\/ -->\n<title>Spoiler Alert: \u00bfQu\u00e9 pas\u00f3 con \u201cThe Assassination of Gianni Versace: American Crime Story\u201d? | Grazia M\u00e9xico y Latinoam\u00e9rica<\/title>\n<meta name=\"description\" content=\"La serie que narra uno de los cr\u00edmenes m\u00e1s impactantes en Estados Unidos se estren\u00f3 hoy y quiz\u00e1 no es lo que esper\u00e1bamos.\" \/>\n<meta name=\"robots\" content=\"index, follow, max-snippet:-1, max-image-preview:large, max-video-preview:-1\" \/>\n<link rel=\"canonical\" href=\"https:\/\/graziamagazine.com\/mx\/articles\/que-paso-the-assassination-of-gianni-versace-american-crime-story\/\" \/>\n<meta property=\"og:locale\" content=\"es_MX\" \/>\n<meta property=\"og:type\" content=\"article\" \/>\n<meta property=\"og:title\" content=\"Spoiler Alert: \u00bfQu\u00e9 pas\u00f3 con \u201cThe Assassination of Gianni Versace: American Crime Story\u201d?\" \/>\n<meta property=\"og:description\" content=\"La serie que narra uno de los cr\u00edmenes m\u00e1s impactantes en Estados Unidos se estren\u00f3 hoy y quiz\u00e1 no es lo que esper\u00e1bamos.\" \/>\n<meta property=\"og:url\" content=\"https:\/\/graziamagazine.com\/mx\/articles\/que-paso-the-assassination-of-gianni-versace-american-crime-story\/\" \/>\n<meta property=\"og:site_name\" content=\"Grazia M\u00e9xico y Latinoam\u00e9rica\" \/>\n<meta property=\"article:modified_time\" content=\"2018-01-19T19:23:16+00:00\" \/>\n<meta property=\"og:image\" content=\"https:\/\/graziamagazine.com\/mx\/wp-content\/uploads\/sites\/13\/2018\/01\/img_9800.jpg?fit=3543%2C2362\" \/>\n\t<meta property=\"og:image:width\" content=\"3543\" \/>\n\t<meta property=\"og:image:height\" content=\"2362\" \/>\n\t<meta property=\"og:image:type\" content=\"image\/jpeg\" \/>\n<meta name=\"twitter:card\" content=\"summary_large_image\" \/>\n<meta name=\"twitter:label1\" content=\"Est. reading time\" \/>\n\t<meta name=\"twitter:data1\" content=\"1 minuto\" \/>\n<script type=\"application\/ld+json\" class=\"yoast-schema-graph\">{\"@context\":\"https:\/\/schema.org\",\"@graph\":[{\"@type\":\"WebPage\",\"@id\":\"https:\/\/graziamagazine.com\/mx\/articles\/que-paso-the-assassination-of-gianni-versace-american-crime-story\/\",\"url\":\"https:\/\/graziamagazine.com\/mx\/articles\/que-paso-the-assassination-of-gianni-versace-american-crime-story\/\",\"name\":\"Spoiler Alert: \u00bfQu\u00e9 pas\u00f3 con \u201cThe Assassination of Gianni Versace: American Crime Story\u201d? | Grazia M\u00e9xico y Latinoam\u00e9rica\",\"isPartOf\":{\"@id\":\"https:\/\/graziamagazine.com\/mx\/#website\"},\"datePublished\":\"2018-01-19T06:49:11+00:00\",\"dateModified\":\"2018-01-19T19:23:16+00:00\",\"description\":\"La serie que narra uno de los cr\u00edmenes m\u00e1s impactantes en Estados Unidos se estren\u00f3 hoy y quiz\u00e1 no es lo que esper\u00e1bamos.\",\"breadcrumb\":{\"@id\":\"https:\/\/graziamagazine.com\/mx\/articles\/que-paso-the-assassination-of-gianni-versace-american-crime-story\/#breadcrumb\"},\"inLanguage\":\"es-MX\",\"potentialAction\":[{\"@type\":\"ReadAction\",\"target\":[\"https:\/\/graziamagazine.com\/mx\/articles\/que-paso-the-assassination-of-gianni-versace-american-crime-story\/\"]}]},{\"@type\":\"BreadcrumbList\",\"@id\":\"https:\/\/graziamagazine.com\/mx\/articles\/que-paso-the-assassination-of-gianni-versace-american-crime-story\/#breadcrumb\",\"itemListElement\":[{\"@type\":\"ListItem\",\"position\":1,\"name\":\"Home\",\"item\":\"https:\/\/graziamagazine.com\/mx\/\"},{\"@type\":\"ListItem\",\"position\":2,\"name\":\"Spoiler Alert: \u00bfQu\u00e9 pas\u00f3 con \u201cThe Assassination of Gianni Versace: American Crime Story\u201d?\"}]},{\"@type\":\"WebSite\",\"@id\":\"https:\/\/graziamagazine.com\/mx\/#website\",\"url\":\"https:\/\/graziamagazine.com\/mx\/\",\"name\":\"Grazia M\u00e9xico y Latinoam\u00e9rica\",\"description\":\"Grazia es moda, belleza y noticias  de actualidad \",\"potentialAction\":[{\"@type\":\"SearchAction\",\"target\":{\"@type\":\"EntryPoint\",\"urlTemplate\":\"https:\/\/graziamagazine.com\/mx\/?s={search_term_string}\"},\"query-input\":\"required name=search_term_string\"}],\"inLanguage\":\"es-MX\"}]}<\/script>\n<!-- \/ Yoast SEO Premium plugin. -->","yoast_head_json":{"title":"Spoiler Alert: \u00bfQu\u00e9 pas\u00f3 con \u201cThe Assassination of Gianni Versace: American Crime Story\u201d? | Grazia M\u00e9xico y Latinoam\u00e9rica","description":"La serie que narra uno de los cr\u00edmenes m\u00e1s impactantes en Estados Unidos se estren\u00f3 hoy y quiz\u00e1 no es lo que esper\u00e1bamos.","robots":{"index":"index","follow":"follow","max-snippet":"max-snippet:-1","max-image-preview":"max-image-preview:large","max-video-preview":"max-video-preview:-1"},"canonical":"https:\/\/graziamagazine.com\/mx\/articles\/que-paso-the-assassination-of-gianni-versace-american-crime-story\/","og_locale":"es_MX","og_type":"article","og_title":"Spoiler Alert: \u00bfQu\u00e9 pas\u00f3 con \u201cThe Assassination of Gianni Versace: American Crime Story\u201d?","og_description":"La serie que narra uno de los cr\u00edmenes m\u00e1s impactantes en Estados Unidos se estren\u00f3 hoy y quiz\u00e1 no es lo que esper\u00e1bamos.","og_url":"https:\/\/graziamagazine.com\/mx\/articles\/que-paso-the-assassination-of-gianni-versace-american-crime-story\/","og_site_name":"Grazia M\u00e9xico y Latinoam\u00e9rica","article_modified_time":"2018-01-19T19:23:16+00:00","og_image":[{"width":3543,"height":2362,"url":"https:\/\/graziamagazine.com\/mx\/wp-content\/uploads\/sites\/13\/2018\/01\/img_9800.jpg?fit=3543%2C2362","type":"image\/jpeg"}],"twitter_card":"summary_large_image","twitter_misc":{"Est. reading time":"1 minuto"},"schema":{"@context":"https:\/\/schema.org","@graph":[{"@type":"WebPage","@id":"https:\/\/graziamagazine.com\/mx\/articles\/que-paso-the-assassination-of-gianni-versace-american-crime-story\/","url":"https:\/\/graziamagazine.com\/mx\/articles\/que-paso-the-assassination-of-gianni-versace-american-crime-story\/","name":"Spoiler Alert: \u00bfQu\u00e9 pas\u00f3 con \u201cThe Assassination of Gianni Versace: American Crime Story\u201d? | Grazia M\u00e9xico y Latinoam\u00e9rica","isPartOf":{"@id":"https:\/\/graziamagazine.com\/mx\/#website"},"datePublished":"2018-01-19T06:49:11+00:00","dateModified":"2018-01-19T19:23:16+00:00","description":"La serie que narra uno de los cr\u00edmenes m\u00e1s impactantes en Estados Unidos se estren\u00f3 hoy y quiz\u00e1 no es lo que esper\u00e1bamos.","breadcrumb":{"@id":"https:\/\/graziamagazine.com\/mx\/articles\/que-paso-the-assassination-of-gianni-versace-american-crime-story\/#breadcrumb"},"inLanguage":"es-MX","potentialAction":[{"@type":"ReadAction","target":["https:\/\/graziamagazine.com\/mx\/articles\/que-paso-the-assassination-of-gianni-versace-american-crime-story\/"]}]},{"@type":"BreadcrumbList","@id":"https:\/\/graziamagazine.com\/mx\/articles\/que-paso-the-assassination-of-gianni-versace-american-crime-story\/#breadcrumb","itemListElement":[{"@type":"ListItem","position":1,"name":"Home","item":"https:\/\/graziamagazine.com\/mx\/"},{"@type":"ListItem","position":2,"name":"Spoiler Alert: \u00bfQu\u00e9 pas\u00f3 con \u201cThe Assassination of Gianni Versace: American Crime Story\u201d?"}]},{"@type":"WebSite","@id":"https:\/\/graziamagazine.com\/mx\/#website","url":"https:\/\/graziamagazine.com\/mx\/","name":"Grazia M\u00e9xico y Latinoam\u00e9rica","description":"Grazia es moda, belleza y noticias  de actualidad ","potentialAction":[{"@type":"SearchAction","target":{"@type":"EntryPoint","urlTemplate":"https:\/\/graziamagazine.com\/mx\/?s={search_term_string}"},"query-input":"required name=search_term_string"}],"inLanguage":"es-MX"}]}},"jetpack_sharing_enabled":true,"distributor_meta":false,"distributor_terms":false,"distributor_media":false,"distributor_original_site_name":"Grazia M\u00e9xico y Latinoam\u00e9rica","distributor_original_site_url":"https:\/\/graziamagazine.com\/mx","push-errors":false,"_links":{"self":[{"href":"https:\/\/graziamagazine.com\/mx\/wp-json\/wp\/v2\/articles\/40297"}],"collection":[{"href":"https:\/\/graziamagazine.com\/mx\/wp-json\/wp\/v2\/articles"}],"about":[{"href":"https:\/\/graziamagazine.com\/mx\/wp-json\/wp\/v2\/types\/articles"}],"author":[{"embeddable":true,"href":"https:\/\/graziamagazine.com\/mx\/wp-json\/wp\/v2\/users\/11641"}],"wp:featuredmedia":[{"embeddable":true,"href":"https:\/\/graziamagazine.com\/mx\/wp-json\/wp\/v2\/media\/40299"}],"wp:attachment":[{"href":"https:\/\/graziamagazine.com\/mx\/wp-json\/wp\/v2\/media?parent=40297"}],"wp:term":[{"taxonomy":"category","embeddable":true,"href":"https:\/\/graziamagazine.com\/mx\/wp-json\/wp\/v2\/categories?post=40297"}],"curies":[{"name":"wp","href":"https:\/\/api.w.org\/{rel}","templated":true}]}}