{"id":40192,"date":"2018-01-17T16:40:02","date_gmt":"2018-01-17T22:40:02","guid":{"rendered":"https:\/\/graziamagazine.com\/mx\/?p=40192"},"modified":"2018-01-17T16:40:58","modified_gmt":"2018-01-17T22:40:58","slug":"laura-kim-fernando-garcia-dos-multitud-en-oscar-la-renta","status":"publish","type":"articles","link":"https:\/\/graziamagazine.com\/mx\/articles\/laura-kim-fernando-garcia-dos-multitud-en-oscar-la-renta\/","title":{"rendered":"Laura Kim y Fernando Garcia: Dos no son multitud en Oscar de la Renta"},"content":{"rendered":"<p><strong>Se trata de Fernando Garc\u00eda y Laura Kim, quienes han tomado la direcci\u00f3n creativa de la casa, agregando juventud y experiencia al imperio que el dise\u00f1ador dominicano fund\u00f3. Platicaron en exclusiva para Grazia sobre esta responsabilidad, la moda y su propia marca.<\/strong><!--more--><strong>Fernando Garc\u00eda<\/strong> pas\u00f3 su vida viajando entre Rep\u00fablica Dominicana y Espa\u00f1a. Su amor por el dibujo lo llev\u00f3 a estudiar arquitectura en Notre Dame, pero sus intereses en arte y moda lo hicieron revirar el rumbo hacia un destino diferente: la moda. Tuvo la oportunidad de conocer a Oscar de la Renta y mostrarle su trabajo, esto entusiasm\u00f3 al dise\u00f1ador quien lo anim\u00f3 a tomar un internado en su atelier en Nueva York. Fernando ya no dej\u00f3 la ciudad.<\/p>\n<p><strong>Laura Kim<\/strong> creci\u00f3 en Corea del Sur donde aprendi\u00f3 a coser, hacer patrones, bocetar y a no dejar pasar el m\u00e1s m\u00ednimo detalle en la manufactura, cosa que dicen, le aprendi\u00f3 a su abuela quien hab\u00eda trabajado en la industria textil. Su talento fue reconocido de inmediato mientras estudiaba en el Pratt Institute en Nueva York, obteniendo becas del CFDA (Council of Fashion Designers). Trabaj\u00f3 como becaria para TSE Cashmere, Donna Karan y Oscar de la Renta. Este \u00faltimo qued\u00f3 tan impactado con su trabajo que de inmediato le ofreci\u00f3 un lugar en su empresa. Laura era directora de dise\u00f1o lo que significaba supervisar toda la colecci\u00f3n y sus accesorios.<\/p>\n<p><strong>Grazia<\/strong>: \u00bfCu\u00e1l ha sido la parte favorita de trabajar con Oscar de la Renta ahora que est\u00e1n a la cabeza<br \/>\nde la firma?<br \/>\n<strong>Laura<\/strong>: Para ser honesta, siento que nunca me he ido. Fernando: Siento que vuelvo a casa, a un lugar donde aprendimos todo lo que sabemos, y ahora es nuestra oportunidad de regresar un poco de lo que ellos (Oscar de la Renta) nos han dado y hecho por nosotros cuando comenzamos a movernos en esta ciudad (Nueva York).<\/p>\n<p><strong>G<\/strong>: La marca es un cl\u00e1sico, \u00bfc\u00f3mo incorporan su visi\u00f3n o\u00a0siguen el legado del Sr. De la Renta?<br \/>\n<strong>Laura<\/strong>: Me acuerdo que Oscar siempre quer\u00eda saber\u00a0las novedades, lo \u00faltimo. Creo que quer\u00eda que nos movi\u00e9ramos hacia adelante pero siempre manteniendo los dise\u00f1os muy Oscar. \u00c9l era quien nos empujaba\u00a0a conocer los materiales m\u00e1s novedosos, las ideas\u00a0m\u00e1s frescas.<\/p>\n<p><strong>G<\/strong>: \u00bfQu\u00e9 tan complicado ha sido mantener su marca Monse \u2014la que recientemente gan\u00f3 el premio Swarovski para el talento emergente\u2014 y la de Oscar de la Renta?<br \/>\n<strong>Laura<\/strong>: Conocemos muy bien a nuestros clientes en ambas marcas. En alg\u00fan momento se superponen:\u00a0vienen a Monse para comprar algunas cosas y a Oscar para otras. Por suerte tenemos muy bien definido el ADN de ambas.<\/p>\n<p><strong>G<\/strong>: Los ojos de la industria est\u00e1n puestos en los nuevos dise\u00f1adores, a quienes las grandes casas dejan su tradici\u00f3n y su direcci\u00f3n. Cu\u00e9ntenos un poco sobre este proceso, si tienen una idea la presentan al consejo, la aprueban f\u00e1cilmente, c\u00f3mo manejan esta presi\u00f3n.<br \/>\n<strong>Fernando<\/strong>: Conocemos el deseo de Oscar de llevar a la firma hacia el futuro, siempre adelante, pero no puedes lograrlo en una temporada. No puedes hacer sentir extra\u00f1o al cliente \u2014que por cierto son much\u00edsimos\u2014, quien lleva a\u00f1os si\u00e9ndole fiel a su marca. Creo que se trata de \u201cretocar\u201d.<\/p>\n<p><strong>G<\/strong>: Refrescar grandes cl\u00e1sicos como Dior con Maria Grazia Chiuri o Ferragamo con Paul Andrew, no es f\u00e1cil. Qu\u00e9 pasos siguieron para hacer un camino en la tradici\u00f3n pero conservando sus valores, innovar sobre ella.<br \/>\n<strong>Fernando<\/strong>: Lo que hagas tiene que ser relevante para\u00a0la \u00e9poca. Los c\u00f3digos de la casa de Oscar de la Renta son fuertes, pero si no los actualiz\u00e1ramos hacia lo que las mujeres quieren ponerse hoy, permanecer\u00edan en lastiendas. Ese es nuestro foco primario para Oscar, venimos de dos a\u00f1os de (experiencia) de desarrollar prendas en Monse.<\/p>\n<p><strong>G<\/strong>: Tres piezas que no debemos perdernos de la colecci\u00f3n de Oscar de la Renta para esta temporada.<br \/>\n<strong>Laura<\/strong>: Me encantan los trajes y el jumpsuit.<br \/>\n<strong>Fernando<\/strong>: Las piezas individuales para la noche creo que son una categor\u00eda que la marca puede explotar m\u00e1s. Se trata de combinar un top incre\u00edble con unos pantalones, creo que es algo que hacen mucho las mujeres hoy en d\u00eda. As\u00ed que el (look del) top carm\u00edn fajado con unos pantalones fue un primer gui\u00f1o que nos llev\u00f3 a esta idea y por lo tanto se convirti\u00f3 en una pieza importante de la colecci\u00f3n.<\/p>\n<p><strong>G<\/strong>: Los dos conocieron al Sr. De la Renta, \u00bfnos podr\u00edan compartir su mejor recuerdo?<br \/>\n<strong>Fernando<\/strong>: Su personalidad hac\u00eda que todos quisi\u00e9ramos trabajar m\u00e1s duro no solo por el respeto que le ten\u00eda a su trabajo, sino tambi\u00e9n porque te hac\u00eda re\u00edr al final del d\u00eda, todos los d\u00edas.<br \/>\n<strong>Laura<\/strong>: Oscar fue mi \u00faltimo internado antes de graduarme, adoro la atm\u00f3sfera que aqu\u00ed se respira. Me encantaba c\u00f3mo trataba a la gente y el hecho de que este fuera un negocio familiar.<\/p>\n<p><strong>G<\/strong>: Hay planes para crear alguna l\u00ednea un poco m\u00e1s casual de Oscar de la Renta. Hace a\u00f1os los jeans eran un hit.<br \/>\n<strong>Fernando<\/strong>: Laura y yo creemos que actualmente las mujeres necesitan sentirse c\u00f3modas. Parte de lo que le estamos aportando a la marca es la versatilidad, piezas sueltas para la noche, trajes y hasta mezclilla para hacer sentir a la firma una m\u00e1s cercana a las mujeres hoy en d\u00eda.<\/p>\n<p>Hoy Laura y Fernando no solo son pareja a nivel sentimental, laboralmente forman una de las duplas m\u00e1s reconocidas de la industria y a quienes no hay que dejar de seguir.<\/p>\n<h5><\/h5>\n<h5><em>*IMAGEN: Getty Images<\/em><\/h5>\n","protected":false},"author":11655,"featured_media":40193,"template":"","format":"standard","categories":[4],"acf":[],"yoast_head":"<!-- This site is optimized with the Yoast SEO Premium plugin v18.5 (Yoast SEO v20.4) - https:\/\/yoast.com\/wordpress\/plugins\/seo\/ -->\n<title>Laura Kim y Fernando Garcia: Dos no son multitud en Oscar de la Renta | Grazia M\u00e9xico y Latinoam\u00e9rica<\/title>\n<meta name=\"description\" content=\"Fernando Garc\u00eda y Laura Kim, quienes tomaron la direcci\u00f3n creativa de la casa, agregando juventud y experiencia al imperio que Oscar de la Renta fund\u00f3.\" \/>\n<meta name=\"robots\" content=\"index, follow, max-snippet:-1, max-image-preview:large, max-video-preview:-1\" \/>\n<link rel=\"canonical\" href=\"https:\/\/graziamagazine.com\/mx\/articles\/laura-kim-fernando-garcia-dos-multitud-en-oscar-la-renta\/\" \/>\n<meta property=\"og:locale\" content=\"es_MX\" \/>\n<meta property=\"og:type\" content=\"article\" \/>\n<meta property=\"og:title\" content=\"Laura Kim y Fernando Garcia: Dos no son multitud en Oscar de la Renta\" \/>\n<meta property=\"og:description\" content=\"Fernando Garc\u00eda y Laura Kim, quienes tomaron la direcci\u00f3n creativa de la casa, agregando juventud y experiencia al imperio que Oscar de la Renta fund\u00f3.\" \/>\n<meta property=\"og:url\" content=\"https:\/\/graziamagazine.com\/mx\/articles\/laura-kim-fernando-garcia-dos-multitud-en-oscar-la-renta\/\" \/>\n<meta property=\"og:site_name\" content=\"Grazia M\u00e9xico y Latinoam\u00e9rica\" \/>\n<meta property=\"article:modified_time\" content=\"2018-01-17T22:40:58+00:00\" \/>\n<meta property=\"og:image\" content=\"https:\/\/graziamagazine.com\/mx\/wp-content\/uploads\/sites\/13\/2018\/01\/laura-kim-fernando-garcia-dos-multitud-en-oscar-la-renta-destacada.jpg?fit=2540%2C1694\" \/>\n\t<meta property=\"og:image:width\" content=\"2540\" \/>\n\t<meta property=\"og:image:height\" content=\"1694\" \/>\n\t<meta property=\"og:image:type\" content=\"image\/jpeg\" \/>\n<meta name=\"twitter:card\" content=\"summary_large_image\" \/>\n<meta name=\"twitter:label1\" content=\"Est. reading time\" \/>\n\t<meta name=\"twitter:data1\" content=\"5 minutos\" \/>\n<script type=\"application\/ld+json\" class=\"yoast-schema-graph\">{\"@context\":\"https:\/\/schema.org\",\"@graph\":[{\"@type\":\"WebPage\",\"@id\":\"https:\/\/graziamagazine.com\/mx\/articles\/laura-kim-fernando-garcia-dos-multitud-en-oscar-la-renta\/\",\"url\":\"https:\/\/graziamagazine.com\/mx\/articles\/laura-kim-fernando-garcia-dos-multitud-en-oscar-la-renta\/\",\"name\":\"Laura Kim y Fernando Garcia: Dos no son multitud en Oscar de la Renta | Grazia M\u00e9xico y Latinoam\u00e9rica\",\"isPartOf\":{\"@id\":\"https:\/\/graziamagazine.com\/mx\/#website\"},\"datePublished\":\"2018-01-17T22:40:02+00:00\",\"dateModified\":\"2018-01-17T22:40:58+00:00\",\"description\":\"Fernando Garc\u00eda y Laura Kim, quienes tomaron la direcci\u00f3n creativa de la casa, agregando juventud y experiencia al imperio que Oscar de la Renta fund\u00f3.\",\"breadcrumb\":{\"@id\":\"https:\/\/graziamagazine.com\/mx\/articles\/laura-kim-fernando-garcia-dos-multitud-en-oscar-la-renta\/#breadcrumb\"},\"inLanguage\":\"es-MX\",\"potentialAction\":[{\"@type\":\"ReadAction\",\"target\":[\"https:\/\/graziamagazine.com\/mx\/articles\/laura-kim-fernando-garcia-dos-multitud-en-oscar-la-renta\/\"]}]},{\"@type\":\"BreadcrumbList\",\"@id\":\"https:\/\/graziamagazine.com\/mx\/articles\/laura-kim-fernando-garcia-dos-multitud-en-oscar-la-renta\/#breadcrumb\",\"itemListElement\":[{\"@type\":\"ListItem\",\"position\":1,\"name\":\"Home\",\"item\":\"https:\/\/graziamagazine.com\/mx\/\"},{\"@type\":\"ListItem\",\"position\":2,\"name\":\"Laura Kim y Fernando Garcia: Dos no son multitud en Oscar de la Renta\"}]},{\"@type\":\"WebSite\",\"@id\":\"https:\/\/graziamagazine.com\/mx\/#website\",\"url\":\"https:\/\/graziamagazine.com\/mx\/\",\"name\":\"Grazia M\u00e9xico y Latinoam\u00e9rica\",\"description\":\"Grazia es moda, belleza y noticias  de actualidad \",\"potentialAction\":[{\"@type\":\"SearchAction\",\"target\":{\"@type\":\"EntryPoint\",\"urlTemplate\":\"https:\/\/graziamagazine.com\/mx\/?s={search_term_string}\"},\"query-input\":\"required name=search_term_string\"}],\"inLanguage\":\"es-MX\"}]}<\/script>\n<!-- \/ Yoast SEO Premium plugin. -->","yoast_head_json":{"title":"Laura Kim y Fernando Garcia: Dos no son multitud en Oscar de la Renta | Grazia M\u00e9xico y Latinoam\u00e9rica","description":"Fernando Garc\u00eda y Laura Kim, quienes tomaron la direcci\u00f3n creativa de la casa, agregando juventud y experiencia al imperio que Oscar de la Renta fund\u00f3.","robots":{"index":"index","follow":"follow","max-snippet":"max-snippet:-1","max-image-preview":"max-image-preview:large","max-video-preview":"max-video-preview:-1"},"canonical":"https:\/\/graziamagazine.com\/mx\/articles\/laura-kim-fernando-garcia-dos-multitud-en-oscar-la-renta\/","og_locale":"es_MX","og_type":"article","og_title":"Laura Kim y Fernando Garcia: Dos no son multitud en Oscar de la Renta","og_description":"Fernando Garc\u00eda y Laura Kim, quienes tomaron la direcci\u00f3n creativa de la casa, agregando juventud y experiencia al imperio que Oscar de la Renta fund\u00f3.","og_url":"https:\/\/graziamagazine.com\/mx\/articles\/laura-kim-fernando-garcia-dos-multitud-en-oscar-la-renta\/","og_site_name":"Grazia M\u00e9xico y Latinoam\u00e9rica","article_modified_time":"2018-01-17T22:40:58+00:00","og_image":[{"width":2540,"height":1694,"url":"https:\/\/graziamagazine.com\/mx\/wp-content\/uploads\/sites\/13\/2018\/01\/laura-kim-fernando-garcia-dos-multitud-en-oscar-la-renta-destacada.jpg?fit=2540%2C1694","type":"image\/jpeg"}],"twitter_card":"summary_large_image","twitter_misc":{"Est. reading time":"5 minutos"},"schema":{"@context":"https:\/\/schema.org","@graph":[{"@type":"WebPage","@id":"https:\/\/graziamagazine.com\/mx\/articles\/laura-kim-fernando-garcia-dos-multitud-en-oscar-la-renta\/","url":"https:\/\/graziamagazine.com\/mx\/articles\/laura-kim-fernando-garcia-dos-multitud-en-oscar-la-renta\/","name":"Laura Kim y Fernando Garcia: Dos no son multitud en Oscar de la Renta | Grazia M\u00e9xico y Latinoam\u00e9rica","isPartOf":{"@id":"https:\/\/graziamagazine.com\/mx\/#website"},"datePublished":"2018-01-17T22:40:02+00:00","dateModified":"2018-01-17T22:40:58+00:00","description":"Fernando Garc\u00eda y Laura Kim, quienes tomaron la direcci\u00f3n creativa de la casa, agregando juventud y experiencia al imperio que Oscar de la Renta fund\u00f3.","breadcrumb":{"@id":"https:\/\/graziamagazine.com\/mx\/articles\/laura-kim-fernando-garcia-dos-multitud-en-oscar-la-renta\/#breadcrumb"},"inLanguage":"es-MX","potentialAction":[{"@type":"ReadAction","target":["https:\/\/graziamagazine.com\/mx\/articles\/laura-kim-fernando-garcia-dos-multitud-en-oscar-la-renta\/"]}]},{"@type":"BreadcrumbList","@id":"https:\/\/graziamagazine.com\/mx\/articles\/laura-kim-fernando-garcia-dos-multitud-en-oscar-la-renta\/#breadcrumb","itemListElement":[{"@type":"ListItem","position":1,"name":"Home","item":"https:\/\/graziamagazine.com\/mx\/"},{"@type":"ListItem","position":2,"name":"Laura Kim y Fernando Garcia: Dos no son multitud en Oscar de la Renta"}]},{"@type":"WebSite","@id":"https:\/\/graziamagazine.com\/mx\/#website","url":"https:\/\/graziamagazine.com\/mx\/","name":"Grazia M\u00e9xico y Latinoam\u00e9rica","description":"Grazia es moda, belleza y noticias  de actualidad ","potentialAction":[{"@type":"SearchAction","target":{"@type":"EntryPoint","urlTemplate":"https:\/\/graziamagazine.com\/mx\/?s={search_term_string}"},"query-input":"required name=search_term_string"}],"inLanguage":"es-MX"}]}},"jetpack_sharing_enabled":true,"distributor_meta":false,"distributor_terms":false,"distributor_media":false,"distributor_original_site_name":"Grazia M\u00e9xico y Latinoam\u00e9rica","distributor_original_site_url":"https:\/\/graziamagazine.com\/mx","push-errors":false,"_links":{"self":[{"href":"https:\/\/graziamagazine.com\/mx\/wp-json\/wp\/v2\/articles\/40192"}],"collection":[{"href":"https:\/\/graziamagazine.com\/mx\/wp-json\/wp\/v2\/articles"}],"about":[{"href":"https:\/\/graziamagazine.com\/mx\/wp-json\/wp\/v2\/types\/articles"}],"author":[{"embeddable":true,"href":"https:\/\/graziamagazine.com\/mx\/wp-json\/wp\/v2\/users\/11655"}],"wp:featuredmedia":[{"embeddable":true,"href":"https:\/\/graziamagazine.com\/mx\/wp-json\/wp\/v2\/media\/40193"}],"wp:attachment":[{"href":"https:\/\/graziamagazine.com\/mx\/wp-json\/wp\/v2\/media?parent=40192"}],"wp:term":[{"taxonomy":"category","embeddable":true,"href":"https:\/\/graziamagazine.com\/mx\/wp-json\/wp\/v2\/categories?post=40192"}],"curies":[{"name":"wp","href":"https:\/\/api.w.org\/{rel}","templated":true}]}}