{"id":39797,"date":"2018-01-10T18:33:03","date_gmt":"2018-01-11T00:33:03","guid":{"rendered":"https:\/\/graziamagazine.com\/mx\/?p=39797"},"modified":"2018-01-10T18:33:14","modified_gmt":"2018-01-11T00:33:14","slug":"los-black-eyed-peas-regresan-impactante-sencillo-sin-fergie","status":"publish","type":"articles","link":"https:\/\/graziamagazine.com\/mx\/articles\/los-black-eyed-peas-regresan-impactante-sencillo-sin-fergie\/","title":{"rendered":"Los Black Eyed Peas regresan con un impactante sencillo y sin Fergie"},"content":{"rendered":"<p><b>El regreso de Black Eyed Peas est\u00e1 acompa\u00f1ado de una protesta social que busca despertar a las nuevas generaciones en vista a una sociedad m\u00e1s consciente.<\/b><!--more--><\/p>\n<p>El grupo que nos cautiv\u00f3 durante la primera d\u00e9cada del 2000, regresa a sus ra\u00edces. Similar a como consiguieron el \u00e9xito en ese tiempo con la canci\u00f3n \u201cWhere Is The Love?\u201d, el ahora tr\u00edo conformado por <strong>will.i.am<\/strong>, <strong>apl.de.ap<\/strong> y <strong>Taboo<\/strong>, expresan su descontento social con un nuevo \u00e1lbum.<\/p>\n<p>El sencillo \u201c<strong>Street Livin<\/strong>\u201d, mismo con el que se estrenan en esta nueva etapa, habla sobre la inmigraci\u00f3n, el abuso de poder de la polic\u00eda, el terrorismo y el control de armas.<\/p>\n<p>Para el grupo musical, expresar su punto de vista a trav\u00e9s de l\u00edneas inspiradores y con ritmo, es importante, m\u00e1s ahora que vivimos en una sociedad completamente desalentadora. Utilizando su poder e influencia, Black Eyed Peas busca crear conciencia sobre los hechos y abrir un canal de di\u00e1logo para las nuevas generaciones.<\/p>\n<p>Aqu\u00ed te dejamos el video de la canci\u00f3n.<\/p>\n<p><iframe loading=\"lazy\" src=\"https:\/\/www.youtube.com\/embed\/1EC8lBwroOc\" width=\"560\" height=\"315\" frameborder=\"0\" allowfullscreen=\"allowfullscreen\"><\/iframe><\/p>\n","protected":false},"author":11636,"featured_media":39798,"template":"","format":"standard","categories":[2],"acf":[],"yoast_head":"<!-- This site is optimized with the Yoast SEO Premium plugin v18.5 (Yoast SEO v20.4) - https:\/\/yoast.com\/wordpress\/plugins\/seo\/ -->\n<title>Los Black Eyed Peas regresan con un impactante sencillo y sin Fergie | Grazia M\u00e9xico y Latinoam\u00e9rica<\/title>\n<meta name=\"description\" content=\"El regreso de Black Eyed Peas est\u00e1 acompa\u00f1ado de una protesta social que busca despertar a las nuevas generaciones en vista a una sociedad m\u00e1s consciente.\" \/>\n<meta name=\"robots\" content=\"index, follow, max-snippet:-1, max-image-preview:large, max-video-preview:-1\" \/>\n<link rel=\"canonical\" href=\"https:\/\/graziamagazine.com\/mx\/articles\/los-black-eyed-peas-regresan-impactante-sencillo-sin-fergie\/\" \/>\n<meta property=\"og:locale\" content=\"es_MX\" \/>\n<meta property=\"og:type\" content=\"article\" \/>\n<meta property=\"og:title\" content=\"Los Black Eyed Peas regresan con un impactante sencillo y sin Fergie\" \/>\n<meta property=\"og:description\" content=\"El regreso de Black Eyed Peas est\u00e1 acompa\u00f1ado de una protesta social que busca despertar a las nuevas generaciones en vista a una sociedad m\u00e1s consciente.\" \/>\n<meta property=\"og:url\" content=\"https:\/\/graziamagazine.com\/mx\/articles\/los-black-eyed-peas-regresan-impactante-sencillo-sin-fergie\/\" \/>\n<meta property=\"og:site_name\" content=\"Grazia M\u00e9xico y Latinoam\u00e9rica\" \/>\n<meta property=\"article:modified_time\" content=\"2018-01-11T00:33:14+00:00\" \/>\n<meta property=\"og:image\" content=\"https:\/\/graziamagazine.com\/mx\/wp-content\/uploads\/sites\/13\/2018\/01\/los-black-eyed-peas-regresan-impactante-sencillo-sin-fergie-destacada.jpg?fit=1024%2C687\" \/>\n\t<meta property=\"og:image:width\" content=\"1024\" \/>\n\t<meta property=\"og:image:height\" content=\"687\" \/>\n\t<meta property=\"og:image:type\" content=\"image\/jpeg\" \/>\n<meta name=\"twitter:card\" content=\"summary_large_image\" \/>\n<meta name=\"twitter:label1\" content=\"Est. reading time\" \/>\n\t<meta name=\"twitter:data1\" content=\"1 minuto\" \/>\n<script type=\"application\/ld+json\" class=\"yoast-schema-graph\">{\"@context\":\"https:\/\/schema.org\",\"@graph\":[{\"@type\":\"WebPage\",\"@id\":\"https:\/\/graziamagazine.com\/mx\/articles\/los-black-eyed-peas-regresan-impactante-sencillo-sin-fergie\/\",\"url\":\"https:\/\/graziamagazine.com\/mx\/articles\/los-black-eyed-peas-regresan-impactante-sencillo-sin-fergie\/\",\"name\":\"Los Black Eyed Peas regresan con un impactante sencillo y sin Fergie | Grazia M\u00e9xico y Latinoam\u00e9rica\",\"isPartOf\":{\"@id\":\"https:\/\/graziamagazine.com\/mx\/#website\"},\"datePublished\":\"2018-01-11T00:33:03+00:00\",\"dateModified\":\"2018-01-11T00:33:14+00:00\",\"description\":\"El regreso de Black Eyed Peas est\u00e1 acompa\u00f1ado de una protesta social que busca despertar a las nuevas generaciones en vista a una sociedad m\u00e1s consciente.\",\"breadcrumb\":{\"@id\":\"https:\/\/graziamagazine.com\/mx\/articles\/los-black-eyed-peas-regresan-impactante-sencillo-sin-fergie\/#breadcrumb\"},\"inLanguage\":\"es-MX\",\"potentialAction\":[{\"@type\":\"ReadAction\",\"target\":[\"https:\/\/graziamagazine.com\/mx\/articles\/los-black-eyed-peas-regresan-impactante-sencillo-sin-fergie\/\"]}]},{\"@type\":\"BreadcrumbList\",\"@id\":\"https:\/\/graziamagazine.com\/mx\/articles\/los-black-eyed-peas-regresan-impactante-sencillo-sin-fergie\/#breadcrumb\",\"itemListElement\":[{\"@type\":\"ListItem\",\"position\":1,\"name\":\"Home\",\"item\":\"https:\/\/graziamagazine.com\/mx\/\"},{\"@type\":\"ListItem\",\"position\":2,\"name\":\"Los Black Eyed Peas regresan con un impactante sencillo y sin Fergie\"}]},{\"@type\":\"WebSite\",\"@id\":\"https:\/\/graziamagazine.com\/mx\/#website\",\"url\":\"https:\/\/graziamagazine.com\/mx\/\",\"name\":\"Grazia M\u00e9xico y Latinoam\u00e9rica\",\"description\":\"Grazia es moda, belleza y noticias  de actualidad \",\"potentialAction\":[{\"@type\":\"SearchAction\",\"target\":{\"@type\":\"EntryPoint\",\"urlTemplate\":\"https:\/\/graziamagazine.com\/mx\/?s={search_term_string}\"},\"query-input\":\"required name=search_term_string\"}],\"inLanguage\":\"es-MX\"}]}<\/script>\n<!-- \/ Yoast SEO Premium plugin. -->","yoast_head_json":{"title":"Los Black Eyed Peas regresan con un impactante sencillo y sin Fergie | Grazia M\u00e9xico y Latinoam\u00e9rica","description":"El regreso de Black Eyed Peas est\u00e1 acompa\u00f1ado de una protesta social que busca despertar a las nuevas generaciones en vista a una sociedad m\u00e1s consciente.","robots":{"index":"index","follow":"follow","max-snippet":"max-snippet:-1","max-image-preview":"max-image-preview:large","max-video-preview":"max-video-preview:-1"},"canonical":"https:\/\/graziamagazine.com\/mx\/articles\/los-black-eyed-peas-regresan-impactante-sencillo-sin-fergie\/","og_locale":"es_MX","og_type":"article","og_title":"Los Black Eyed Peas regresan con un impactante sencillo y sin Fergie","og_description":"El regreso de Black Eyed Peas est\u00e1 acompa\u00f1ado de una protesta social que busca despertar a las nuevas generaciones en vista a una sociedad m\u00e1s consciente.","og_url":"https:\/\/graziamagazine.com\/mx\/articles\/los-black-eyed-peas-regresan-impactante-sencillo-sin-fergie\/","og_site_name":"Grazia M\u00e9xico y Latinoam\u00e9rica","article_modified_time":"2018-01-11T00:33:14+00:00","og_image":[{"width":1024,"height":687,"url":"https:\/\/graziamagazine.com\/mx\/wp-content\/uploads\/sites\/13\/2018\/01\/los-black-eyed-peas-regresan-impactante-sencillo-sin-fergie-destacada.jpg?fit=1024%2C687","type":"image\/jpeg"}],"twitter_card":"summary_large_image","twitter_misc":{"Est. reading time":"1 minuto"},"schema":{"@context":"https:\/\/schema.org","@graph":[{"@type":"WebPage","@id":"https:\/\/graziamagazine.com\/mx\/articles\/los-black-eyed-peas-regresan-impactante-sencillo-sin-fergie\/","url":"https:\/\/graziamagazine.com\/mx\/articles\/los-black-eyed-peas-regresan-impactante-sencillo-sin-fergie\/","name":"Los Black Eyed Peas regresan con un impactante sencillo y sin Fergie | Grazia M\u00e9xico y Latinoam\u00e9rica","isPartOf":{"@id":"https:\/\/graziamagazine.com\/mx\/#website"},"datePublished":"2018-01-11T00:33:03+00:00","dateModified":"2018-01-11T00:33:14+00:00","description":"El regreso de Black Eyed Peas est\u00e1 acompa\u00f1ado de una protesta social que busca despertar a las nuevas generaciones en vista a una sociedad m\u00e1s consciente.","breadcrumb":{"@id":"https:\/\/graziamagazine.com\/mx\/articles\/los-black-eyed-peas-regresan-impactante-sencillo-sin-fergie\/#breadcrumb"},"inLanguage":"es-MX","potentialAction":[{"@type":"ReadAction","target":["https:\/\/graziamagazine.com\/mx\/articles\/los-black-eyed-peas-regresan-impactante-sencillo-sin-fergie\/"]}]},{"@type":"BreadcrumbList","@id":"https:\/\/graziamagazine.com\/mx\/articles\/los-black-eyed-peas-regresan-impactante-sencillo-sin-fergie\/#breadcrumb","itemListElement":[{"@type":"ListItem","position":1,"name":"Home","item":"https:\/\/graziamagazine.com\/mx\/"},{"@type":"ListItem","position":2,"name":"Los Black Eyed Peas regresan con un impactante sencillo y sin Fergie"}]},{"@type":"WebSite","@id":"https:\/\/graziamagazine.com\/mx\/#website","url":"https:\/\/graziamagazine.com\/mx\/","name":"Grazia M\u00e9xico y Latinoam\u00e9rica","description":"Grazia es moda, belleza y noticias  de actualidad ","potentialAction":[{"@type":"SearchAction","target":{"@type":"EntryPoint","urlTemplate":"https:\/\/graziamagazine.com\/mx\/?s={search_term_string}"},"query-input":"required name=search_term_string"}],"inLanguage":"es-MX"}]}},"jetpack_sharing_enabled":true,"distributor_meta":false,"distributor_terms":false,"distributor_media":false,"distributor_original_site_name":"Grazia M\u00e9xico y Latinoam\u00e9rica","distributor_original_site_url":"https:\/\/graziamagazine.com\/mx","push-errors":false,"_links":{"self":[{"href":"https:\/\/graziamagazine.com\/mx\/wp-json\/wp\/v2\/articles\/39797"}],"collection":[{"href":"https:\/\/graziamagazine.com\/mx\/wp-json\/wp\/v2\/articles"}],"about":[{"href":"https:\/\/graziamagazine.com\/mx\/wp-json\/wp\/v2\/types\/articles"}],"author":[{"embeddable":true,"href":"https:\/\/graziamagazine.com\/mx\/wp-json\/wp\/v2\/users\/11636"}],"wp:featuredmedia":[{"embeddable":true,"href":"https:\/\/graziamagazine.com\/mx\/wp-json\/wp\/v2\/media\/39798"}],"wp:attachment":[{"href":"https:\/\/graziamagazine.com\/mx\/wp-json\/wp\/v2\/media?parent=39797"}],"wp:term":[{"taxonomy":"category","embeddable":true,"href":"https:\/\/graziamagazine.com\/mx\/wp-json\/wp\/v2\/categories?post=39797"}],"curies":[{"name":"wp","href":"https:\/\/api.w.org\/{rel}","templated":true}]}}