{"id":39584,"date":"2018-01-08T15:36:02","date_gmt":"2018-01-08T21:36:02","guid":{"rendered":"https:\/\/graziamagazine.com\/mx\/?p=39584"},"modified":"2020-01-14T12:04:10","modified_gmt":"2020-01-14T17:04:10","slug":"donde-quedo-marchesa-golden-globes-2018","status":"publish","type":"articles","link":"https:\/\/graziamagazine.com\/mx\/articles\/donde-quedo-marchesa-golden-globes-2018\/","title":{"rendered":"Y, \u00bfd\u00f3nde qued\u00f3 Marchesa en la alfombra roja de los Golden Globes 2018?"},"content":{"rendered":"<p><b>Sin ser del todo una sorpresa, Marchesa estuvo ausente de la alfombra roja de los Golden Globes 2018. Te contamos la raz\u00f3n aqu\u00ed.<\/b><!--more--><\/p>\n<p><b>Harvey Weinstein<\/b>, el monstruo para muchas y el esposo de una. La relaci\u00f3n de Weinstein con la industria de la moda es amplia. Y es que como socio de una de las firmas m\u00e1s exitosas en la escena estadounidense, autom\u00e1ticamente la convierten en el \u201cpatito feo\u201d del mont\u00f3n.<\/p>\n<p>Si bien, <strong>Marchesa<\/strong> es una de las favoritas cuando se trata de <i>red carpets<\/i>. Y es que sus rom\u00e1nticos dise\u00f1os edifican la feminidad y la opulencia por igual. Sin embargo la codiciada firma, favorita de <i>a-listers<\/i> como <strong>Heidi Klum<\/strong>, <strong>Chrissy Teigen<\/strong>, <strong>Lily James<\/strong>, <strong>Blake Lively<\/strong>, <strong>Eva Longoria<\/strong>, <strong>J.Lo<\/strong> y <strong>Sandra Bullock\u00a0<\/strong>\u2014algunas de ellas desfilaron sobre la alfombra roja de los <em><a href=\"https:\/\/graziamagazine.com\/mx\/alfombra-roja-golden-globes-2018\/\" target=\"_blank\" rel=\"noopener\">Golden Globe Awards<\/a><\/em> 2018 en <em>all-black looks<\/em>\u2014\u00a0fall\u00f3 este a\u00f1o, o m\u00e1s bien, se vio ausente.<\/p>\n<p><img loading=\"lazy\" decoding=\"async\" class=\"alignnone wp-image-39586 size-large\" title=\"Sandra Bullock Golden Globes 2018\" src=\"https:\/\/graziamagazine.com\/mx\/wp-content\/uploads\/sites\/13\/2018\/01\/donde-quedo-marchesa-golden-globes-2018-sandra-bullock-700x1110.jpg\" alt=\"Sandra Bullock Golden Globes 2018\" width=\"646\" height=\"1024\" \/><\/p>\n<p><img loading=\"lazy\" decoding=\"async\" class=\"alignnone wp-image-39587 size-large\" title=\"Y, \u00bfd\u00f3nde qued\u00f3 Marchesa en la alfombra roja de los Golden Globes 2018?\" src=\"https:\/\/graziamagazine.com\/mx\/wp-content\/uploads\/sites\/13\/2018\/01\/donde-quedo-marchesa-golden-globes-2018-lily-james-700x1054.jpg\" alt=\"Y, \u00bfd\u00f3nde qued\u00f3 Marchesa en la alfombra roja de los Golden Globes 2018?\" width=\"680\" height=\"1024\" \/><\/p>\n<p><img loading=\"lazy\" decoding=\"async\" class=\"alignnone wp-image-39588 size-large\" title=\"Y, \u00bfd\u00f3nde qued\u00f3 Marchesa en la alfombra roja de los Golden Globes 2018?\" src=\"https:\/\/graziamagazine.com\/mx\/wp-content\/uploads\/sites\/13\/2018\/01\/donde-quedo-marchesa-golden-globes-2018-chrissy-teigen-700x1053.jpg\" alt=\"Y, \u00bfd\u00f3nde qued\u00f3 Marchesa en la alfombra roja de los Golden Globes 2018?\" width=\"681\" height=\"1024\" \/><\/p>\n<p><img loading=\"lazy\" decoding=\"async\" class=\"alignnone wp-image-39589 size-thumbnail\" title=\"Y, \u00bfd\u00f3nde qued\u00f3 Marchesa en la alfombra roja de los Golden Globes 2018?\" src=\"https:\/\/graziamagazine.com\/mx\/wp-content\/uploads\/sites\/13\/2018\/01\/donde-quedo-marchesa-golden-globes-2018-heidi-klum-150x150.jpg\" alt=\"Y, \u00bfd\u00f3nde qued\u00f3 Marchesa en la alfombra roja de los Golden Globes 2018?\" width=\"150\" height=\"150\" \/><\/p>\n<p>La ausencia marcada por el esc\u00e1ndalo del esposo de <strong>Georgina Chapman<\/strong>, la co-dise\u00f1adora de la firma, puede prescindir durante esta <i>award season<\/i>, o quiz\u00e1, por siempre. Es inevitable pensar que Chapman no tuviera ning\u00fan conocimiento sobre el esc\u00e1ndalo en torno a su esposo luego de que este fuera un secreto a voces.<\/p>\n<p>Este a\u00f1o, Marchesa ten\u00eda dise\u00f1os en negro que dar y aportar a la protesta. Pero, seg\u00fan <i>The Hollywood Reporter<\/i>, la mente maestra y la conexi\u00f3n directa entre la firma y las celebridades era Harvey Weinstein, naturalmente.<\/p>\n<p>El futuro de la lujosa y codiciada firma, es incierto. Un boicot completo y con ello, \u00bfla reestructuraci\u00f3n y el cambio de valores de una marca que fue ganadora de diversos <i>best dressed<\/i>?<\/p>\n<p>Por ahora, es posible que Marchesa est\u00e9 ausente de la alfombra roja durante esta temporada. El rayo de luz al final del camino podr\u00eda ser que alguna celebridad se solidarice con las dise\u00f1adoras, en especial con Chapman, para resurgir. Un <i>statement<\/i> que sin duda marcar\u00eda.<\/p>\n<h5><em>*IM\u00c1GENES: Getty Images<\/em><\/h5>\n","protected":false},"author":11641,"featured_media":39591,"template":"","format":"standard","categories":[4],"acf":[],"yoast_head":"<!-- This site is optimized with the Yoast SEO Premium plugin v18.5 (Yoast SEO v20.4) - https:\/\/yoast.com\/wordpress\/plugins\/seo\/ -->\n<title>Y, \u00bfd\u00f3nde qued\u00f3 Marchesa en la alfombra roja de los Golden Globes 2018? | Grazia M\u00e9xico y Latinoam\u00e9rica<\/title>\n<meta name=\"description\" content=\"Sin ser del todo una sorpresa, Marchesa estuvo ausente de la alfombra roja de los Golden Globes 2018. Te contamos la raz\u00f3n aqu\u00ed.\" \/>\n<meta name=\"robots\" content=\"index, follow, max-snippet:-1, max-image-preview:large, max-video-preview:-1\" \/>\n<link rel=\"canonical\" href=\"https:\/\/graziamagazine.com\/mx\/articles\/donde-quedo-marchesa-golden-globes-2018\/\" \/>\n<meta property=\"og:locale\" content=\"es_MX\" \/>\n<meta property=\"og:type\" content=\"article\" \/>\n<meta property=\"og:title\" content=\"Y, \u00bfd\u00f3nde qued\u00f3 Marchesa en la alfombra roja de los Golden Globes 2018?\" \/>\n<meta property=\"og:description\" content=\"Sin ser del todo una sorpresa, Marchesa estuvo ausente de la alfombra roja de los Golden Globes 2018. Te contamos la raz\u00f3n aqu\u00ed.\" \/>\n<meta property=\"og:url\" content=\"https:\/\/graziamagazine.com\/mx\/articles\/donde-quedo-marchesa-golden-globes-2018\/\" \/>\n<meta property=\"og:site_name\" content=\"Grazia M\u00e9xico y Latinoam\u00e9rica\" \/>\n<meta property=\"article:modified_time\" content=\"2020-01-14T17:04:10+00:00\" \/>\n<meta property=\"og:image\" content=\"https:\/\/graziamagazine.com\/mx\/wp-content\/uploads\/sites\/13\/2018\/01\/donde-quedo-marchesa-golden-globes-2018-destacada.jpg?fit=1280%2C720\" \/>\n\t<meta property=\"og:image:width\" content=\"1280\" \/>\n\t<meta property=\"og:image:height\" content=\"720\" \/>\n\t<meta property=\"og:image:type\" content=\"image\/jpeg\" \/>\n<meta name=\"twitter:card\" content=\"summary_large_image\" \/>\n<meta name=\"twitter:label1\" content=\"Est. reading time\" \/>\n\t<meta name=\"twitter:data1\" content=\"2 minutos\" \/>\n<script type=\"application\/ld+json\" class=\"yoast-schema-graph\">{\"@context\":\"https:\/\/schema.org\",\"@graph\":[{\"@type\":\"WebPage\",\"@id\":\"https:\/\/graziamagazine.com\/mx\/articles\/donde-quedo-marchesa-golden-globes-2018\/\",\"url\":\"https:\/\/graziamagazine.com\/mx\/articles\/donde-quedo-marchesa-golden-globes-2018\/\",\"name\":\"Y, \u00bfd\u00f3nde qued\u00f3 Marchesa en la alfombra roja de los Golden Globes 2018? | Grazia M\u00e9xico y Latinoam\u00e9rica\",\"isPartOf\":{\"@id\":\"https:\/\/graziamagazine.com\/mx\/#website\"},\"datePublished\":\"2018-01-08T21:36:02+00:00\",\"dateModified\":\"2020-01-14T17:04:10+00:00\",\"description\":\"Sin ser del todo una sorpresa, Marchesa estuvo ausente de la alfombra roja de los Golden Globes 2018. Te contamos la raz\u00f3n aqu\u00ed.\",\"breadcrumb\":{\"@id\":\"https:\/\/graziamagazine.com\/mx\/articles\/donde-quedo-marchesa-golden-globes-2018\/#breadcrumb\"},\"inLanguage\":\"es-MX\",\"potentialAction\":[{\"@type\":\"ReadAction\",\"target\":[\"https:\/\/graziamagazine.com\/mx\/articles\/donde-quedo-marchesa-golden-globes-2018\/\"]}]},{\"@type\":\"BreadcrumbList\",\"@id\":\"https:\/\/graziamagazine.com\/mx\/articles\/donde-quedo-marchesa-golden-globes-2018\/#breadcrumb\",\"itemListElement\":[{\"@type\":\"ListItem\",\"position\":1,\"name\":\"Home\",\"item\":\"https:\/\/graziamagazine.com\/mx\/\"},{\"@type\":\"ListItem\",\"position\":2,\"name\":\"Y, \u00bfd\u00f3nde qued\u00f3 Marchesa en la alfombra roja de los Golden Globes 2018?\"}]},{\"@type\":\"WebSite\",\"@id\":\"https:\/\/graziamagazine.com\/mx\/#website\",\"url\":\"https:\/\/graziamagazine.com\/mx\/\",\"name\":\"Grazia M\u00e9xico y Latinoam\u00e9rica\",\"description\":\"Grazia es moda, belleza y noticias  de actualidad \",\"potentialAction\":[{\"@type\":\"SearchAction\",\"target\":{\"@type\":\"EntryPoint\",\"urlTemplate\":\"https:\/\/graziamagazine.com\/mx\/?s={search_term_string}\"},\"query-input\":\"required name=search_term_string\"}],\"inLanguage\":\"es-MX\"}]}<\/script>\n<!-- \/ Yoast SEO Premium plugin. -->","yoast_head_json":{"title":"Y, \u00bfd\u00f3nde qued\u00f3 Marchesa en la alfombra roja de los Golden Globes 2018? | Grazia M\u00e9xico y Latinoam\u00e9rica","description":"Sin ser del todo una sorpresa, Marchesa estuvo ausente de la alfombra roja de los Golden Globes 2018. Te contamos la raz\u00f3n aqu\u00ed.","robots":{"index":"index","follow":"follow","max-snippet":"max-snippet:-1","max-image-preview":"max-image-preview:large","max-video-preview":"max-video-preview:-1"},"canonical":"https:\/\/graziamagazine.com\/mx\/articles\/donde-quedo-marchesa-golden-globes-2018\/","og_locale":"es_MX","og_type":"article","og_title":"Y, \u00bfd\u00f3nde qued\u00f3 Marchesa en la alfombra roja de los Golden Globes 2018?","og_description":"Sin ser del todo una sorpresa, Marchesa estuvo ausente de la alfombra roja de los Golden Globes 2018. Te contamos la raz\u00f3n aqu\u00ed.","og_url":"https:\/\/graziamagazine.com\/mx\/articles\/donde-quedo-marchesa-golden-globes-2018\/","og_site_name":"Grazia M\u00e9xico y Latinoam\u00e9rica","article_modified_time":"2020-01-14T17:04:10+00:00","og_image":[{"width":1280,"height":720,"url":"https:\/\/graziamagazine.com\/mx\/wp-content\/uploads\/sites\/13\/2018\/01\/donde-quedo-marchesa-golden-globes-2018-destacada.jpg?fit=1280%2C720","type":"image\/jpeg"}],"twitter_card":"summary_large_image","twitter_misc":{"Est. reading time":"2 minutos"},"schema":{"@context":"https:\/\/schema.org","@graph":[{"@type":"WebPage","@id":"https:\/\/graziamagazine.com\/mx\/articles\/donde-quedo-marchesa-golden-globes-2018\/","url":"https:\/\/graziamagazine.com\/mx\/articles\/donde-quedo-marchesa-golden-globes-2018\/","name":"Y, \u00bfd\u00f3nde qued\u00f3 Marchesa en la alfombra roja de los Golden Globes 2018? | Grazia M\u00e9xico y Latinoam\u00e9rica","isPartOf":{"@id":"https:\/\/graziamagazine.com\/mx\/#website"},"datePublished":"2018-01-08T21:36:02+00:00","dateModified":"2020-01-14T17:04:10+00:00","description":"Sin ser del todo una sorpresa, Marchesa estuvo ausente de la alfombra roja de los Golden Globes 2018. Te contamos la raz\u00f3n aqu\u00ed.","breadcrumb":{"@id":"https:\/\/graziamagazine.com\/mx\/articles\/donde-quedo-marchesa-golden-globes-2018\/#breadcrumb"},"inLanguage":"es-MX","potentialAction":[{"@type":"ReadAction","target":["https:\/\/graziamagazine.com\/mx\/articles\/donde-quedo-marchesa-golden-globes-2018\/"]}]},{"@type":"BreadcrumbList","@id":"https:\/\/graziamagazine.com\/mx\/articles\/donde-quedo-marchesa-golden-globes-2018\/#breadcrumb","itemListElement":[{"@type":"ListItem","position":1,"name":"Home","item":"https:\/\/graziamagazine.com\/mx\/"},{"@type":"ListItem","position":2,"name":"Y, \u00bfd\u00f3nde qued\u00f3 Marchesa en la alfombra roja de los Golden Globes 2018?"}]},{"@type":"WebSite","@id":"https:\/\/graziamagazine.com\/mx\/#website","url":"https:\/\/graziamagazine.com\/mx\/","name":"Grazia M\u00e9xico y Latinoam\u00e9rica","description":"Grazia es moda, belleza y noticias  de actualidad ","potentialAction":[{"@type":"SearchAction","target":{"@type":"EntryPoint","urlTemplate":"https:\/\/graziamagazine.com\/mx\/?s={search_term_string}"},"query-input":"required name=search_term_string"}],"inLanguage":"es-MX"}]}},"jetpack_sharing_enabled":true,"distributor_meta":false,"distributor_terms":false,"distributor_media":false,"distributor_original_site_name":"Grazia M\u00e9xico y Latinoam\u00e9rica","distributor_original_site_url":"https:\/\/graziamagazine.com\/mx","push-errors":false,"_links":{"self":[{"href":"https:\/\/graziamagazine.com\/mx\/wp-json\/wp\/v2\/articles\/39584"}],"collection":[{"href":"https:\/\/graziamagazine.com\/mx\/wp-json\/wp\/v2\/articles"}],"about":[{"href":"https:\/\/graziamagazine.com\/mx\/wp-json\/wp\/v2\/types\/articles"}],"author":[{"embeddable":true,"href":"https:\/\/graziamagazine.com\/mx\/wp-json\/wp\/v2\/users\/11641"}],"wp:featuredmedia":[{"embeddable":true,"href":"https:\/\/graziamagazine.com\/mx\/wp-json\/wp\/v2\/media\/39591"}],"wp:attachment":[{"href":"https:\/\/graziamagazine.com\/mx\/wp-json\/wp\/v2\/media?parent=39584"}],"wp:term":[{"taxonomy":"category","embeddable":true,"href":"https:\/\/graziamagazine.com\/mx\/wp-json\/wp\/v2\/categories?post=39584"}],"curies":[{"name":"wp","href":"https:\/\/api.w.org\/{rel}","templated":true}]}}