{"id":3923,"date":"2016-08-02T16:09:24","date_gmt":"2016-08-02T22:09:24","guid":{"rendered":"https:\/\/graziamagazine.com\/mx\/?p=3923"},"modified":"2016-08-02T16:11:49","modified_gmt":"2016-08-02T22:11:49","slug":"rory-duffy-sastre-gran-manzana","status":"publish","type":"articles","link":"https:\/\/graziamagazine.com\/mx\/articles\/rory-duffy-sastre-gran-manzana\/","title":{"rendered":"RORY DUFFY: EL SASTRE M\u00c1S EXCLUSIVO Y PEOR PAGADO DE LA GRAN MANZANA"},"content":{"rendered":"<p><b>Una pieza con\u00a0su firma es sin\u00f3nimo de lujo, sin embargo, el propio dise\u00f1ador se enfrenta a la desvalorizaci\u00f3n del arte de la confecci\u00f3n a medida.<\/b><!--more--><\/p>\n<p><span style=\"font-weight: 400;\">El concepto de las <strong>prendas a medida<\/strong> viene acompa\u00f1ado de muchos ceros. Este es el caso de <strong>Rory Duffy<\/strong>, cuyas creaciones oscilan entre los <strong>$5,000 y $6,000 por traje<\/strong> y que hoy, peligran con extinguirse.<\/span><\/p>\n<p><span style=\"font-weight: 400;\">Con <strong>33 a\u00f1os de edad<\/strong> y parte de un linaje de sastres con <strong>cinco generaciones<\/strong> detr\u00e1s suyo, el irland\u00e9s es propietario de <strong>Against Nature<\/strong>, un atelier ubicado en <strong>Manhattan\u2019s Lower East Side<\/strong>. <strong><em>\u201cTengo muchos clientes\u201d<\/em> <\/strong>asegur\u00f3 a <strong>The Daily Beast<\/strong>, <strong>\u201cpero no suficientes para mantener un negocio\u201d<\/strong> declar\u00f3.<\/span><\/p>\n<blockquote class=\"instagram-media\" data-instgrm-captioned data-instgrm-version=\"7\" style=\" background:#FFF; border:0; border-radius:3px; box-shadow:0 0 1px 0 rgba(0,0,0,0.5),0 1px 10px 0 rgba(0,0,0,0.15); margin: 1px; max-width:500px; padding:0; width:99.375%; width:-webkit-calc(100% - 2px); width:calc(100% - 2px);\">\n<div style=\"padding:8px;\">\n<div style=\" background:#F8F8F8; line-height:0; margin-top:40px; padding:50% 0; text-align:center; width:100%;\">\n<div style=\" background:url(data:image\/png;base64,iVBORw0KGgoAAAANSUhEUgAAACwAAAAsCAMAAAApWqozAAAABGdBTUEAALGPC\/xhBQAAAAFzUkdCAK7OHOkAAAAMUExURczMzPf399fX1+bm5mzY9AMAAADiSURBVDjLvZXbEsMgCES5\/P8\/t9FuRVCRmU73JWlzosgSIIZURCjo\/ad+EQJJB4Hv8BFt+IDpQoCx1wjOSBFhh2XssxEIYn3ulI\/6MNReE07UIWJEv8UEOWDS88LY97kqyTliJKKtuYBbruAyVh5wOHiXmpi5we58Ek028czwyuQdLKPG1Bkb4NnM+VeAnfHqn1k4+GPT6uGQcvu2h2OVuIf\/gWUFyy8OWEpdyZSa3aVCqpVoVvzZZ2VTnn2wU8qzVjDDetO90GSy9mVLqtgYSy231MxrY6I2gGqjrTY0L8fxCxfCBbhWrsYYAAAAAElFTkSuQmCC); display:block; height:44px; margin:0 auto -44px; position:relative; top:-22px; width:44px;\"><\/div>\n<\/div>\n<p style=\" margin:8px 0 0 0; padding:0 4px;\"> <a href=\"https:\/\/www.instagram.com\/p\/sCypDQvcNl\/\" style=\" color:#000; font-family:Arial,sans-serif; font-size:14px; font-style:normal; font-weight:normal; line-height:17px; text-decoration:none; word-wrap:break-word;\" target=\"_blank\" target=\"_blank\">Ready&#8230;are you? The statue behind me of the couple fighting surely aren&#39;t!<\/a><\/p>\n<p style=\" color:#c9c8cd; font-family:Arial,sans-serif; font-size:14px; line-height:17px; margin-bottom:0; margin-top:8px; overflow:hidden; padding:8px 0 7px; text-align:center; text-overflow:ellipsis; white-space:nowrap;\">A photo posted by Rory Duffy (@roryduffyhandcrafttailor) on <time style=\" font-family:Arial,sans-serif; font-size:14px; line-height:17px;\" datetime=\"2014-08-23T14:09:21+00:00\">Aug 23, 2014 at 7:09am PDT<\/time><\/p>\n<\/div>\n<\/blockquote>\n<p><script async defer src=\"\/\/platform.instagram.com\/en_US\/embeds.js\"><\/script><\/p>\n<p>&nbsp;<\/p>\n<p><span style=\"font-weight: 400;\">Utilizando una t\u00e9cnica de corte hecho seg\u00fan las proporciones del cuerpo de sus clientes, <strong>Rory<\/strong> se convirti\u00f3 (extra\u00f1amente) en <strong>pionero<\/strong> del arte de los trajes a medida en la ciudad de <strong>Nueva York<\/strong> en <strong>2011<\/strong>. <strong><em>\u201cNo importa que tan en tendencia estuviera, yo era el \u00fanico maestro sastre en la ciudad\u201d<\/em> <\/strong>revel\u00f3 adem\u00e1s de asegurar de que dicho concepto, ha sido <strong>malinterpretado<\/strong> en t\u00e9rminos de moda.<\/span><\/p>\n<p><span style=\"font-weight: 400;\"><em><strong>\u201cEl bespoke<\/strong> [como se le conoce comunmente] <strong>lo hace un s\u00f3lo sastre y el made-to-measure una f\u00e1brica\u201d<\/strong><\/em> recalc\u00f3. <strong><em>\u201cNadie quiere decir que hace made-to-measure, pero lo est\u00e1n haciendo. Yo era el \u00fanico que realmente hac\u00eda bespoke\u201d<\/em> <\/strong>asegur\u00f3.<\/span><\/p>\n<p><span style=\"font-weight: 400;\">Sin embargo, lo exclusivo de sus confecciones <strong>no<\/strong> le garantiz\u00f3 un negocio solvente. <strong><em>\u201cEl bespoke no se puede realizar a gran escala y desde que Brooks Brothers introdujo en Ready-To-Wear [en 1850] ya no queda tal cosa como la tradici\u00f3n\u201d<\/em><\/strong>.<\/span><\/p>\n<p><span style=\"font-weight: 400;\">Si bien, es consciente de que \u2013lamentablemente\u2013 lo suyo est\u00e1 en <strong>peligro de extinci\u00f3n<\/strong>, gracias a la baja audiencia amante de lo hecho a medida, en la <strong>gran manzana<\/strong>, s\u00ed se muestra convencido de la calidad de sus entregas. <strong><em>\u201cLos hombres que vienen conmigo no pueden usar un traje regular\u201d<\/em><\/strong> finaliz\u00f3.<\/span><\/p>\n<p><iframe loading=\"lazy\" src=\"https:\/\/player.vimeo.com\/video\/95009126\" width=\"500\" height=\"281\" frameborder=\"0\" title=\"The Making of a Coat #22 - Sewing on Patch Pockets\" webkitallowfullscreen mozallowfullscreen allowfullscreen><\/iframe><\/p>\n<p>&nbsp;<\/p>\n<p><span style=\"font-weight: 400;\">Tener prendas hechas al talle es un lujo que pocos pueden darse. Pero \u00bfqu\u00e9 hay de los <strong>fashionistas neoyorquinos<\/strong>\u00a0y su renuencia a lo exclusivo? Tal y como lo declara <strong>Duffy<\/strong>, el furor por las prendas aterrizadas a lo comercial \u2013y un creciente boom por el look sporty\u2013 podr\u00edan ser los culpables.\u00a0<\/span>Al menos, en el mercado estadounidense.<\/p>\n","protected":false},"author":11636,"featured_media":3924,"template":"","format":"standard","categories":[4,10],"acf":[],"yoast_head":"<!-- This site is optimized with the Yoast SEO Premium plugin v18.5 (Yoast SEO v20.4) - https:\/\/yoast.com\/wordpress\/plugins\/seo\/ -->\n<title>RORY DUFFY: EL SASTRE M\u00c1S EXCLUSIVO Y PEOR PAGADO DE LA GRAN MANZANA | Grazia M\u00e9xico y Latinoam\u00e9rica<\/title>\n<meta name=\"description\" content=\"Una pieza con\u00a0su firma es sin\u00f3nimo de lujo, sin embargo, el propio dise\u00f1ador se enfrenta a la desvalorizaci\u00f3n del arte de la confecci\u00f3n a medida. El\" \/>\n<meta name=\"robots\" content=\"index, follow, max-snippet:-1, max-image-preview:large, max-video-preview:-1\" \/>\n<link rel=\"canonical\" href=\"https:\/\/graziamagazine.com\/mx\/articles\/rory-duffy-sastre-gran-manzana\/\" \/>\n<meta property=\"og:locale\" content=\"es_MX\" \/>\n<meta property=\"og:type\" content=\"article\" \/>\n<meta property=\"og:title\" content=\"RORY DUFFY: EL SASTRE M\u00c1S EXCLUSIVO Y PEOR PAGADO DE LA GRAN MANZANA\" \/>\n<meta property=\"og:description\" content=\"Una pieza con\u00a0su firma es sin\u00f3nimo de lujo, sin embargo, el propio dise\u00f1ador se enfrenta a la desvalorizaci\u00f3n del arte de la confecci\u00f3n a medida. El\" \/>\n<meta property=\"og:url\" content=\"https:\/\/graziamagazine.com\/mx\/articles\/rory-duffy-sastre-gran-manzana\/\" \/>\n<meta property=\"og:site_name\" content=\"Grazia M\u00e9xico y Latinoam\u00e9rica\" \/>\n<meta property=\"article:modified_time\" content=\"2016-08-02T22:11:49+00:00\" \/>\n<meta property=\"og:image\" content=\"https:\/\/graziamagazine.com\/mx\/wp-content\/uploads\/sites\/13\/2016\/08\/roruduffycov.jpg?fit=970%2C600\" \/>\n\t<meta property=\"og:image:width\" content=\"970\" \/>\n\t<meta property=\"og:image:height\" content=\"600\" \/>\n\t<meta property=\"og:image:type\" content=\"image\/jpeg\" \/>\n<meta name=\"twitter:card\" content=\"summary_large_image\" \/>\n<meta name=\"twitter:label1\" content=\"Est. reading time\" \/>\n\t<meta name=\"twitter:data1\" content=\"2 minutos\" \/>\n<script type=\"application\/ld+json\" class=\"yoast-schema-graph\">{\"@context\":\"https:\/\/schema.org\",\"@graph\":[{\"@type\":\"WebPage\",\"@id\":\"https:\/\/graziamagazine.com\/mx\/articles\/rory-duffy-sastre-gran-manzana\/\",\"url\":\"https:\/\/graziamagazine.com\/mx\/articles\/rory-duffy-sastre-gran-manzana\/\",\"name\":\"RORY DUFFY: EL SASTRE M\u00c1S EXCLUSIVO Y PEOR PAGADO DE LA GRAN MANZANA | Grazia M\u00e9xico y Latinoam\u00e9rica\",\"isPartOf\":{\"@id\":\"https:\/\/graziamagazine.com\/mx\/#website\"},\"datePublished\":\"2016-08-02T22:09:24+00:00\",\"dateModified\":\"2016-08-02T22:11:49+00:00\",\"description\":\"Una pieza con\u00a0su firma es sin\u00f3nimo de lujo, sin embargo, el propio dise\u00f1ador se enfrenta a la desvalorizaci\u00f3n del arte de la confecci\u00f3n a medida. El\",\"breadcrumb\":{\"@id\":\"https:\/\/graziamagazine.com\/mx\/articles\/rory-duffy-sastre-gran-manzana\/#breadcrumb\"},\"inLanguage\":\"es-MX\",\"potentialAction\":[{\"@type\":\"ReadAction\",\"target\":[\"https:\/\/graziamagazine.com\/mx\/articles\/rory-duffy-sastre-gran-manzana\/\"]}]},{\"@type\":\"BreadcrumbList\",\"@id\":\"https:\/\/graziamagazine.com\/mx\/articles\/rory-duffy-sastre-gran-manzana\/#breadcrumb\",\"itemListElement\":[{\"@type\":\"ListItem\",\"position\":1,\"name\":\"Home\",\"item\":\"https:\/\/graziamagazine.com\/mx\/\"},{\"@type\":\"ListItem\",\"position\":2,\"name\":\"RORY DUFFY: EL SASTRE M\u00c1S EXCLUSIVO Y PEOR PAGADO DE LA GRAN MANZANA\"}]},{\"@type\":\"WebSite\",\"@id\":\"https:\/\/graziamagazine.com\/mx\/#website\",\"url\":\"https:\/\/graziamagazine.com\/mx\/\",\"name\":\"Grazia M\u00e9xico y Latinoam\u00e9rica\",\"description\":\"Grazia es moda, belleza y noticias  de actualidad \",\"potentialAction\":[{\"@type\":\"SearchAction\",\"target\":{\"@type\":\"EntryPoint\",\"urlTemplate\":\"https:\/\/graziamagazine.com\/mx\/?s={search_term_string}\"},\"query-input\":\"required name=search_term_string\"}],\"inLanguage\":\"es-MX\"}]}<\/script>\n<!-- \/ Yoast SEO Premium plugin. -->","yoast_head_json":{"title":"RORY DUFFY: EL SASTRE M\u00c1S EXCLUSIVO Y PEOR PAGADO DE LA GRAN MANZANA | Grazia M\u00e9xico y Latinoam\u00e9rica","description":"Una pieza con\u00a0su firma es sin\u00f3nimo de lujo, sin embargo, el propio dise\u00f1ador se enfrenta a la desvalorizaci\u00f3n del arte de la confecci\u00f3n a medida. El","robots":{"index":"index","follow":"follow","max-snippet":"max-snippet:-1","max-image-preview":"max-image-preview:large","max-video-preview":"max-video-preview:-1"},"canonical":"https:\/\/graziamagazine.com\/mx\/articles\/rory-duffy-sastre-gran-manzana\/","og_locale":"es_MX","og_type":"article","og_title":"RORY DUFFY: EL SASTRE M\u00c1S EXCLUSIVO Y PEOR PAGADO DE LA GRAN MANZANA","og_description":"Una pieza con\u00a0su firma es sin\u00f3nimo de lujo, sin embargo, el propio dise\u00f1ador se enfrenta a la desvalorizaci\u00f3n del arte de la confecci\u00f3n a medida. El","og_url":"https:\/\/graziamagazine.com\/mx\/articles\/rory-duffy-sastre-gran-manzana\/","og_site_name":"Grazia M\u00e9xico y Latinoam\u00e9rica","article_modified_time":"2016-08-02T22:11:49+00:00","og_image":[{"width":970,"height":600,"url":"https:\/\/graziamagazine.com\/mx\/wp-content\/uploads\/sites\/13\/2016\/08\/roruduffycov.jpg?fit=970%2C600","type":"image\/jpeg"}],"twitter_card":"summary_large_image","twitter_misc":{"Est. reading time":"2 minutos"},"schema":{"@context":"https:\/\/schema.org","@graph":[{"@type":"WebPage","@id":"https:\/\/graziamagazine.com\/mx\/articles\/rory-duffy-sastre-gran-manzana\/","url":"https:\/\/graziamagazine.com\/mx\/articles\/rory-duffy-sastre-gran-manzana\/","name":"RORY DUFFY: EL SASTRE M\u00c1S EXCLUSIVO Y PEOR PAGADO DE LA GRAN MANZANA | Grazia M\u00e9xico y Latinoam\u00e9rica","isPartOf":{"@id":"https:\/\/graziamagazine.com\/mx\/#website"},"datePublished":"2016-08-02T22:09:24+00:00","dateModified":"2016-08-02T22:11:49+00:00","description":"Una pieza con\u00a0su firma es sin\u00f3nimo de lujo, sin embargo, el propio dise\u00f1ador se enfrenta a la desvalorizaci\u00f3n del arte de la confecci\u00f3n a medida. El","breadcrumb":{"@id":"https:\/\/graziamagazine.com\/mx\/articles\/rory-duffy-sastre-gran-manzana\/#breadcrumb"},"inLanguage":"es-MX","potentialAction":[{"@type":"ReadAction","target":["https:\/\/graziamagazine.com\/mx\/articles\/rory-duffy-sastre-gran-manzana\/"]}]},{"@type":"BreadcrumbList","@id":"https:\/\/graziamagazine.com\/mx\/articles\/rory-duffy-sastre-gran-manzana\/#breadcrumb","itemListElement":[{"@type":"ListItem","position":1,"name":"Home","item":"https:\/\/graziamagazine.com\/mx\/"},{"@type":"ListItem","position":2,"name":"RORY DUFFY: EL SASTRE M\u00c1S EXCLUSIVO Y PEOR PAGADO DE LA GRAN MANZANA"}]},{"@type":"WebSite","@id":"https:\/\/graziamagazine.com\/mx\/#website","url":"https:\/\/graziamagazine.com\/mx\/","name":"Grazia M\u00e9xico y Latinoam\u00e9rica","description":"Grazia es moda, belleza y noticias  de actualidad ","potentialAction":[{"@type":"SearchAction","target":{"@type":"EntryPoint","urlTemplate":"https:\/\/graziamagazine.com\/mx\/?s={search_term_string}"},"query-input":"required name=search_term_string"}],"inLanguage":"es-MX"}]}},"jetpack_sharing_enabled":true,"distributor_meta":false,"distributor_terms":false,"distributor_media":false,"distributor_original_site_name":"Grazia M\u00e9xico y Latinoam\u00e9rica","distributor_original_site_url":"https:\/\/graziamagazine.com\/mx","push-errors":false,"_links":{"self":[{"href":"https:\/\/graziamagazine.com\/mx\/wp-json\/wp\/v2\/articles\/3923"}],"collection":[{"href":"https:\/\/graziamagazine.com\/mx\/wp-json\/wp\/v2\/articles"}],"about":[{"href":"https:\/\/graziamagazine.com\/mx\/wp-json\/wp\/v2\/types\/articles"}],"author":[{"embeddable":true,"href":"https:\/\/graziamagazine.com\/mx\/wp-json\/wp\/v2\/users\/11636"}],"wp:featuredmedia":[{"embeddable":true,"href":"https:\/\/graziamagazine.com\/mx\/wp-json\/wp\/v2\/media\/3924"}],"wp:attachment":[{"href":"https:\/\/graziamagazine.com\/mx\/wp-json\/wp\/v2\/media?parent=3923"}],"wp:term":[{"taxonomy":"category","embeddable":true,"href":"https:\/\/graziamagazine.com\/mx\/wp-json\/wp\/v2\/categories?post=3923"}],"curies":[{"name":"wp","href":"https:\/\/api.w.org\/{rel}","templated":true}]}}