{"id":38528,"date":"2017-12-18T18:04:29","date_gmt":"2017-12-19T00:04:29","guid":{"rendered":"https:\/\/graziamagazine.com\/mx\/?p=38528"},"modified":"2019-08-22T17:20:44","modified_gmt":"2019-08-22T22:20:44","slug":"los-diez-looks-favoritos-fashion-jury-2017","status":"publish","type":"articles","link":"https:\/\/graziamagazine.com\/mx\/articles\/los-diez-looks-favoritos-fashion-jury-2017\/","title":{"rendered":"Los diez looks favoritos de Fashion Jury en 2017"},"content":{"rendered":"<div class=\"content-gallery\"><div class=\"gallery-placeholder\"><div class=\"spinner\"><\/div><\/div><span class=\"gallery-pagination\"><\/span><div id=\"gallery-1\" class=\"gallery galleryid-38528 gallery-columns- gallery-size-\"><figure class=\"gallery-item grazia-gallery-show-text\"><div class=\"gallery-icon landscape\"><img loading=\"lazy\" decoding=\"async\" width=\"2206\" height=\"3000\" src=\"https:\/\/graziamagazine.com\/mx\/wp-content\/uploads\/sites\/13\/2017\/12\/los-diez-looks-favoritos-fashion-jury-rosie-huntington.jpg\" class=\"lazy\" alt=\"Los diez looks favoritos de Fashion Jury en 2017\" srcset=\"https:\/\/graziamagazine.com\/mx\/wp-content\/uploads\/sites\/13\/2017\/12\/los-diez-looks-favoritos-fashion-jury-rosie-huntington.jpg 2206w, https:\/\/graziamagazine.com\/mx\/wp-content\/uploads\/sites\/13\/2017\/12\/los-diez-looks-favoritos-fashion-jury-rosie-huntington.jpg?resize=331,450 331w, https:\/\/graziamagazine.com\/mx\/wp-content\/uploads\/sites\/13\/2017\/12\/los-diez-looks-favoritos-fashion-jury-rosie-huntington.jpg?resize=768,1044 768w, https:\/\/graziamagazine.com\/mx\/wp-content\/uploads\/sites\/13\/2017\/12\/los-diez-looks-favoritos-fashion-jury-rosie-huntington.jpg?resize=753,1024 753w, https:\/\/graziamagazine.com\/mx\/wp-content\/uploads\/sites\/13\/2017\/12\/los-diez-looks-favoritos-fashion-jury-rosie-huntington.jpg?resize=1129,1536 1129w, https:\/\/graziamagazine.com\/mx\/wp-content\/uploads\/sites\/13\/2017\/12\/los-diez-looks-favoritos-fashion-jury-rosie-huntington.jpg?resize=1506,2048 1506w, https:\/\/graziamagazine.com\/mx\/wp-content\/uploads\/sites\/13\/2017\/12\/los-diez-looks-favoritos-fashion-jury-rosie-huntington.jpg?resize=155,211 155w\" sizes=\"(max-width: 2206px) 100vw, 2206px\" \/><\/div><div class=\"grazia-gallery-text\"><p class=\"Cuerpo\"><b>Rosie Huntington<\/b><\/p>\n<p class=\"Cuerpo\">La modelo, ex-angel de Victoria\u2019s Secret, actriz y reciente mam\u00e1 se llev\u00f3 el mejor look de nuestra edici\u00f3n de febrero en Grazia M\u00e9xico, luciendo como siempre \u00a1guap\u00edsima!<\/p>\n<\/div><figcaption class=\"wp-caption-text gallery-caption\" id=\"gallery-1-38538\">LOS ANGELES, CA - OCTOBER 30:  Rosie Huntington-Whiteley attends the 2016 LACMA Art + Film gala at LACMA on October 29, 2016 in Los Angeles, California.  (Photo by Jason LaVeris\/FilmMagic)<\/figcaption><\/figure><figure class=\"gallery-item grazia-gallery-show-text\"><div class=\"gallery-icon landscape\"><img loading=\"lazy\" decoding=\"async\" width=\"3025\" height=\"4665\" src=\"https:\/\/graziamagazine.com\/mx\/wp-content\/uploads\/sites\/13\/2017\/12\/los-diez-looks-favoritos-fashion-jury-emma-stone.jpg\" class=\"lazy\" alt=\"Los diez looks favoritos de Fashion Jury en 2017\" srcset=\"https:\/\/graziamagazine.com\/mx\/wp-content\/uploads\/sites\/13\/2017\/12\/los-diez-looks-favoritos-fashion-jury-emma-stone.jpg 3025w, https:\/\/graziamagazine.com\/mx\/wp-content\/uploads\/sites\/13\/2017\/12\/los-diez-looks-favoritos-fashion-jury-emma-stone.jpg?resize=292,450 292w, https:\/\/graziamagazine.com\/mx\/wp-content\/uploads\/sites\/13\/2017\/12\/los-diez-looks-favoritos-fashion-jury-emma-stone.jpg?resize=768,1184 768w, https:\/\/graziamagazine.com\/mx\/wp-content\/uploads\/sites\/13\/2017\/12\/los-diez-looks-favoritos-fashion-jury-emma-stone.jpg?resize=664,1024 664w, https:\/\/graziamagazine.com\/mx\/wp-content\/uploads\/sites\/13\/2017\/12\/los-diez-looks-favoritos-fashion-jury-emma-stone.jpg?resize=996,1536 996w, https:\/\/graziamagazine.com\/mx\/wp-content\/uploads\/sites\/13\/2017\/12\/los-diez-looks-favoritos-fashion-jury-emma-stone.jpg?resize=1328,2048 1328w, https:\/\/graziamagazine.com\/mx\/wp-content\/uploads\/sites\/13\/2017\/12\/los-diez-looks-favoritos-fashion-jury-emma-stone.jpg?resize=139,215 139w\" sizes=\"(max-width: 3025px) 100vw, 3025px\" \/><\/div><div class=\"grazia-gallery-text\"><p class=\"Cuerpo\"><b>Alessandra Mastronardi<\/b><\/p>\n<p class=\"Cuerpo\">Nacida en la bella Italia esta actriz quien nos conquistara en la pel\u00edcula de Woody Allen, \u2018De Roma con Amor\u2019, fue la mejor vestida de nuestra edici\u00f3n de abril en Grazia M\u00e9xico.<\/p>\n<\/div><figcaption class=\"wp-caption-text gallery-caption\" id=\"gallery-1-38532\">LOS ANGELES, CA - JANUARY 05:  Actress Emma Stone attends W Magazine Celebrates the Best Performances Portfolio and the Golden Globes with Audi and Moet &amp; Chandon at Chateau Marmont on January 5, 2017 in Los Angeles, California.  (Photo by Michael Kovac\/Getty Images for Moet &amp; Chandon)<\/figcaption><\/figure><figure class=\"gallery-item grazia-gallery-show-text\"><div class=\"gallery-icon landscape\"><img loading=\"lazy\" decoding=\"async\" width=\"2643\" height=\"4000\" src=\"https:\/\/graziamagazine.com\/mx\/wp-content\/uploads\/sites\/13\/2017\/12\/los-diez-looks-favoritos-fashion-jury-Alessandra-Mastronardi.jpg\" class=\"lazy\" alt=\"Los diez looks favoritos de Fashion Jury en 2017\" srcset=\"https:\/\/graziamagazine.com\/mx\/wp-content\/uploads\/sites\/13\/2017\/12\/los-diez-looks-favoritos-fashion-jury-Alessandra-Mastronardi.jpg 2643w, https:\/\/graziamagazine.com\/mx\/wp-content\/uploads\/sites\/13\/2017\/12\/los-diez-looks-favoritos-fashion-jury-Alessandra-Mastronardi.jpg?resize=297,450 297w, https:\/\/graziamagazine.com\/mx\/wp-content\/uploads\/sites\/13\/2017\/12\/los-diez-looks-favoritos-fashion-jury-Alessandra-Mastronardi.jpg?resize=768,1162 768w, https:\/\/graziamagazine.com\/mx\/wp-content\/uploads\/sites\/13\/2017\/12\/los-diez-looks-favoritos-fashion-jury-Alessandra-Mastronardi.jpg?resize=677,1024 677w, https:\/\/graziamagazine.com\/mx\/wp-content\/uploads\/sites\/13\/2017\/12\/los-diez-looks-favoritos-fashion-jury-Alessandra-Mastronardi.jpg?resize=1015,1536 1015w, https:\/\/graziamagazine.com\/mx\/wp-content\/uploads\/sites\/13\/2017\/12\/los-diez-looks-favoritos-fashion-jury-Alessandra-Mastronardi.jpg?resize=1353,2048 1353w, https:\/\/graziamagazine.com\/mx\/wp-content\/uploads\/sites\/13\/2017\/12\/los-diez-looks-favoritos-fashion-jury-Alessandra-Mastronardi.jpg?resize=142,215 142w\" sizes=\"(max-width: 2643px) 100vw, 2643px\" \/><\/div><div class=\"grazia-gallery-text\"><p class=\"Cuerpo\"><b>Rosie Huntington<\/b><\/p>\n<p class=\"Cuerpo\">La modelo, ex-angel de Victoria\u2019s Secret, actriz y reciente mam\u00e1 se llev\u00f3 el mejor look de nuestra edici\u00f3n de febrero en Grazia M\u00e9xico, luciendo como siempre \u00a1guap\u00edsima!<\/p>\n<\/div><figcaption class=\"wp-caption-text gallery-caption\" id=\"gallery-1-38530\">ROME, ITALY - FEBRUARY 01:  Alessandra Mastronardi attends a photocall for 'C'Era Una Volta Studio 1' at Rai Viale Mazzini on February 1, 2017 in Rome, Italy.  (Photo by Elisabetta A. Villa\/Getty Images)<\/figcaption><\/figure><figure class=\"gallery-item grazia-gallery-show-text\"><div class=\"gallery-icon landscape\"><img loading=\"lazy\" decoding=\"async\" width=\"2102\" height=\"3000\" src=\"https:\/\/graziamagazine.com\/mx\/wp-content\/uploads\/sites\/13\/2017\/12\/los-diez-looks-favoritos-fashion-jury-jennifer-lopez.jpg\" class=\"lazy\" alt=\"Los diez looks favoritos de Fashion Jury en 2017\" srcset=\"https:\/\/graziamagazine.com\/mx\/wp-content\/uploads\/sites\/13\/2017\/12\/los-diez-looks-favoritos-fashion-jury-jennifer-lopez.jpg 2102w, https:\/\/graziamagazine.com\/mx\/wp-content\/uploads\/sites\/13\/2017\/12\/los-diez-looks-favoritos-fashion-jury-jennifer-lopez.jpg?resize=315,450 315w, https:\/\/graziamagazine.com\/mx\/wp-content\/uploads\/sites\/13\/2017\/12\/los-diez-looks-favoritos-fashion-jury-jennifer-lopez.jpg?resize=768,1096 768w, https:\/\/graziamagazine.com\/mx\/wp-content\/uploads\/sites\/13\/2017\/12\/los-diez-looks-favoritos-fashion-jury-jennifer-lopez.jpg?resize=717,1024 717w, https:\/\/graziamagazine.com\/mx\/wp-content\/uploads\/sites\/13\/2017\/12\/los-diez-looks-favoritos-fashion-jury-jennifer-lopez.jpg?resize=1076,1536 1076w, https:\/\/graziamagazine.com\/mx\/wp-content\/uploads\/sites\/13\/2017\/12\/los-diez-looks-favoritos-fashion-jury-jennifer-lopez.jpg?resize=1435,2048 1435w, https:\/\/graziamagazine.com\/mx\/wp-content\/uploads\/sites\/13\/2017\/12\/los-diez-looks-favoritos-fashion-jury-jennifer-lopez.jpg?resize=151,215 151w\" sizes=\"(max-width: 2102px) 100vw, 2102px\" \/><\/div><div class=\"grazia-gallery-text\"><p class=\"Poromisin\"><b><span style=\"font-size: 12.0pt;\">Jennifer Lopez<\/span><\/b><\/p>\n<p class=\"Poromisin\"><span style=\"font-size: 12.0pt;\">Una de nuestras favoritas no s\u00f3lo por su estilo, sino tambi\u00e9n por su trabajo en la televisi\u00f3n, cine y por supuesto tambi\u00e9n a nivel musical, fue quien tuvo el mejor look de nuestra edici\u00f3n de mayo en Grazia M\u00e9xico.<\/span><\/p>\n<\/div><figcaption class=\"wp-caption-text gallery-caption\" id=\"gallery-1-38535\">NEW YORK, NY - MARCH 02:  Jennifer Lopez visits the  Build Series Presents Jennifer Lopez And Ray Liotta Discussing \"Shades Of Blue\" at Build Studio on March 2, 2017 in New York City.  (Photo by Jamie McCarthy\/Getty Images)<\/figcaption><\/figure><figure class=\"gallery-item grazia-gallery-show-text\"><div class=\"gallery-icon landscape\"><img loading=\"lazy\" decoding=\"async\" width=\"3066\" height=\"4599\" src=\"https:\/\/graziamagazine.com\/mx\/wp-content\/uploads\/sites\/13\/2017\/12\/los-diez-looks-favoritos-fashion-jury-izabel-goulart.jpg\" class=\"lazy\" alt=\"Los diez looks favoritos de Fashion Jury en 2017\" srcset=\"https:\/\/graziamagazine.com\/mx\/wp-content\/uploads\/sites\/13\/2017\/12\/los-diez-looks-favoritos-fashion-jury-izabel-goulart.jpg 3066w, https:\/\/graziamagazine.com\/mx\/wp-content\/uploads\/sites\/13\/2017\/12\/los-diez-looks-favoritos-fashion-jury-izabel-goulart.jpg?resize=300,450 300w, https:\/\/graziamagazine.com\/mx\/wp-content\/uploads\/sites\/13\/2017\/12\/los-diez-looks-favoritos-fashion-jury-izabel-goulart.jpg?resize=768,1152 768w, https:\/\/graziamagazine.com\/mx\/wp-content\/uploads\/sites\/13\/2017\/12\/los-diez-looks-favoritos-fashion-jury-izabel-goulart.jpg?resize=683,1024 683w, https:\/\/graziamagazine.com\/mx\/wp-content\/uploads\/sites\/13\/2017\/12\/los-diez-looks-favoritos-fashion-jury-izabel-goulart.jpg?resize=1024,1536 1024w, https:\/\/graziamagazine.com\/mx\/wp-content\/uploads\/sites\/13\/2017\/12\/los-diez-looks-favoritos-fashion-jury-izabel-goulart.jpg?resize=1365,2048 1365w, https:\/\/graziamagazine.com\/mx\/wp-content\/uploads\/sites\/13\/2017\/12\/los-diez-looks-favoritos-fashion-jury-izabel-goulart.jpg?resize=143,215 143w\" sizes=\"(max-width: 3066px) 100vw, 3066px\" \/><\/div><div class=\"grazia-gallery-text\"><p><strong>Izabel Goulart<\/strong><\/p>\n<p>Otra de nuestras angelitas consentidas de Victoria\u2019s Secret, quien \u00faltimamente conquist\u00f3 la pantalla grande apareciendo en la reciente pel\u00edcula de <em>\u2018Baywatch&#8217; <\/em>y <em>\u2018Entourage\u2019,<\/em> result\u00f3 tener el mejor look del verano.<\/p>\n<\/div><figcaption class=\"wp-caption-text gallery-caption\" id=\"gallery-1-38534\">MILAN, ITALY - SEPTEMBER 22:  Izabel Goulart seen during Milan Fashion Week Spring\/Summer 2017 on September 22, 2016 in Milan, Italy.  (Photo by Timur Emek\/Getty Images)<\/figcaption><\/figure><figure class=\"gallery-item grazia-gallery-show-text\"><div class=\"gallery-icon landscape\"><img loading=\"lazy\" decoding=\"async\" width=\"2785\" height=\"4178\" src=\"https:\/\/graziamagazine.com\/mx\/wp-content\/uploads\/sites\/13\/2017\/12\/los-diez-looks-favoritos-fashion-jury-alexa-chung.jpg\" class=\"lazy\" alt=\"Los diez looks favoritos de Fashion Jury en 2017\" srcset=\"https:\/\/graziamagazine.com\/mx\/wp-content\/uploads\/sites\/13\/2017\/12\/los-diez-looks-favoritos-fashion-jury-alexa-chung.jpg 2785w, https:\/\/graziamagazine.com\/mx\/wp-content\/uploads\/sites\/13\/2017\/12\/los-diez-looks-favoritos-fashion-jury-alexa-chung.jpg?resize=300,450 300w, https:\/\/graziamagazine.com\/mx\/wp-content\/uploads\/sites\/13\/2017\/12\/los-diez-looks-favoritos-fashion-jury-alexa-chung.jpg?resize=768,1152 768w, https:\/\/graziamagazine.com\/mx\/wp-content\/uploads\/sites\/13\/2017\/12\/los-diez-looks-favoritos-fashion-jury-alexa-chung.jpg?resize=683,1024 683w, https:\/\/graziamagazine.com\/mx\/wp-content\/uploads\/sites\/13\/2017\/12\/los-diez-looks-favoritos-fashion-jury-alexa-chung.jpg?resize=1024,1536 1024w, https:\/\/graziamagazine.com\/mx\/wp-content\/uploads\/sites\/13\/2017\/12\/los-diez-looks-favoritos-fashion-jury-alexa-chung.jpg?resize=1365,2048 1365w, https:\/\/graziamagazine.com\/mx\/wp-content\/uploads\/sites\/13\/2017\/12\/los-diez-looks-favoritos-fashion-jury-alexa-chung.jpg?resize=143,215 143w\" sizes=\"(max-width: 2785px) 100vw, 2785px\" \/><\/div><div class=\"grazia-gallery-text\"><p><strong>Alexa Chung<\/strong><\/p>\n<p>La guap\u00edsima blogger inglesa y novia del sexy Alexander Skarsg\u00e5rd, estar\u00e1 siempre entre las mejores vestidas del Fashion Jury, justo fue quien tuvo el mejor look en nuestra edici\u00f3n de agosto de Grazia M\u00e9xico.<\/p>\n<\/div><figcaption class=\"wp-caption-text gallery-caption\" id=\"gallery-1-38531\">NEW YORK, NY - SEPTEMBER 12:  Alexa Chung seen in the streets of New York during the New York Fashion Week on September 12, 2016 in New York City.  (Photo by Timur Emek\/Getty Images)<\/figcaption><\/figure><figure class=\"gallery-item grazia-gallery-show-text\"><div class=\"gallery-icon landscape\"><img loading=\"lazy\" decoding=\"async\" width=\"2667\" height=\"4000\" src=\"https:\/\/graziamagazine.com\/mx\/wp-content\/uploads\/sites\/13\/2017\/12\/los-diez-looks-favoritos-fashion-jury-emma-watson.jpg\" class=\"lazy\" alt=\"Los diez looks favoritos de Fashion Jury en 2017\" srcset=\"https:\/\/graziamagazine.com\/mx\/wp-content\/uploads\/sites\/13\/2017\/12\/los-diez-looks-favoritos-fashion-jury-emma-watson.jpg 2667w, https:\/\/graziamagazine.com\/mx\/wp-content\/uploads\/sites\/13\/2017\/12\/los-diez-looks-favoritos-fashion-jury-emma-watson.jpg?resize=300,450 300w, https:\/\/graziamagazine.com\/mx\/wp-content\/uploads\/sites\/13\/2017\/12\/los-diez-looks-favoritos-fashion-jury-emma-watson.jpg?resize=768,1152 768w, https:\/\/graziamagazine.com\/mx\/wp-content\/uploads\/sites\/13\/2017\/12\/los-diez-looks-favoritos-fashion-jury-emma-watson.jpg?resize=683,1024 683w, https:\/\/graziamagazine.com\/mx\/wp-content\/uploads\/sites\/13\/2017\/12\/los-diez-looks-favoritos-fashion-jury-emma-watson.jpg?resize=1024,1536 1024w, https:\/\/graziamagazine.com\/mx\/wp-content\/uploads\/sites\/13\/2017\/12\/los-diez-looks-favoritos-fashion-jury-emma-watson.jpg?resize=1366,2048 1366w, https:\/\/graziamagazine.com\/mx\/wp-content\/uploads\/sites\/13\/2017\/12\/los-diez-looks-favoritos-fashion-jury-emma-watson.jpg?resize=143,215 143w\" sizes=\"(max-width: 2667px) 100vw, 2667px\" \/><\/div><div class=\"grazia-gallery-text\"><p class=\"Poromisin\"><b><span style=\"font-size: 12.0pt;\">Emma Watson<\/span><\/b><\/p>\n<p class=\"Poromisin\"><span style=\"font-size: 12.0pt;\">Siempre marcando tendencia en cualquier escenario en que se presente sus looks llaman la atenci\u00f3n al instante, por lo tanto ha sido seleccionada como la mejor vestida en el Fashion Jury de nuestra edici\u00f3n de septiembre en Grazia M\u00e9xico.<\/span><\/p>\n<\/div><figcaption class=\"wp-caption-text gallery-caption\" id=\"gallery-1-38533\">PARIS, FRANCE - JUNE 22:  Actress Emma Watson attends 'The Circle' Paris Photocall at Hotel Le Bristol on June 22, 2017 in Paris, France.  (Photo by Laurent Viteur\/WireImage)<\/figcaption><\/figure><figure class=\"gallery-item grazia-gallery-show-text\"><div class=\"gallery-icon landscape\"><img loading=\"lazy\" decoding=\"async\" width=\"2310\" height=\"3300\" src=\"https:\/\/graziamagazine.com\/mx\/wp-content\/uploads\/sites\/13\/2017\/12\/los-diez-looks-favoritos-fashion-jury-kristen-stewart.jpg\" class=\"lazy\" alt=\"Los diez looks favoritos de Fashion Jury en 2017\" srcset=\"https:\/\/graziamagazine.com\/mx\/wp-content\/uploads\/sites\/13\/2017\/12\/los-diez-looks-favoritos-fashion-jury-kristen-stewart.jpg 2310w, https:\/\/graziamagazine.com\/mx\/wp-content\/uploads\/sites\/13\/2017\/12\/los-diez-looks-favoritos-fashion-jury-kristen-stewart.jpg?resize=315,450 315w, https:\/\/graziamagazine.com\/mx\/wp-content\/uploads\/sites\/13\/2017\/12\/los-diez-looks-favoritos-fashion-jury-kristen-stewart.jpg?resize=768,1097 768w, https:\/\/graziamagazine.com\/mx\/wp-content\/uploads\/sites\/13\/2017\/12\/los-diez-looks-favoritos-fashion-jury-kristen-stewart.jpg?resize=717,1024 717w, https:\/\/graziamagazine.com\/mx\/wp-content\/uploads\/sites\/13\/2017\/12\/los-diez-looks-favoritos-fashion-jury-kristen-stewart.jpg?resize=1075,1536 1075w, https:\/\/graziamagazine.com\/mx\/wp-content\/uploads\/sites\/13\/2017\/12\/los-diez-looks-favoritos-fashion-jury-kristen-stewart.jpg?resize=1434,2048 1434w, https:\/\/graziamagazine.com\/mx\/wp-content\/uploads\/sites\/13\/2017\/12\/los-diez-looks-favoritos-fashion-jury-kristen-stewart.jpg?resize=151,215 151w\" sizes=\"(max-width: 2310px) 100vw, 2310px\" \/><\/div><div class=\"grazia-gallery-text\"><p class=\"Poromisin\"><b><span style=\"font-size: 12.0pt;\">Kristen Stewart<\/span><\/b><\/p>\n<p class=\"Poromisin\"><span style=\"font-size: 12.0pt;\">La californiana musa de Chanel tambi\u00e9n ha robado c\u00e1mara dentro de nuestra secci\u00f3n de Fashion Jury, precisamente fue la mejor vestida de nuestra edici\u00f3n de octubre de Grazia M\u00e9xico.<\/span><\/p>\n<\/div><figcaption class=\"wp-caption-text gallery-caption\" id=\"gallery-1-38536\">PARIS, FRANCE - JULY 04:  Actress Kristen Stewart attends the Chanel Haute Couture Fall\/Winter 2017-2018 show as part of Paris Fashion Week on July 4, 2017 in Paris, France.  (Photo by Foc Kan\/WireImage)<\/figcaption><\/figure><figure class=\"gallery-item grazia-gallery-show-text\"><div class=\"gallery-icon landscape\"><img loading=\"lazy\" decoding=\"async\" width=\"2709\" height=\"4064\" src=\"https:\/\/graziamagazine.com\/mx\/wp-content\/uploads\/sites\/13\/2017\/12\/los-diez-looks-favoritos-fashion-jury-Stefanie-Giesinger.jpg\" class=\"lazy\" alt=\"Los diez looks favoritos de Fashion Jury en 2017\" srcset=\"https:\/\/graziamagazine.com\/mx\/wp-content\/uploads\/sites\/13\/2017\/12\/los-diez-looks-favoritos-fashion-jury-Stefanie-Giesinger.jpg 2709w, https:\/\/graziamagazine.com\/mx\/wp-content\/uploads\/sites\/13\/2017\/12\/los-diez-looks-favoritos-fashion-jury-Stefanie-Giesinger.jpg?resize=300,450 300w, https:\/\/graziamagazine.com\/mx\/wp-content\/uploads\/sites\/13\/2017\/12\/los-diez-looks-favoritos-fashion-jury-Stefanie-Giesinger.jpg?resize=768,1152 768w, https:\/\/graziamagazine.com\/mx\/wp-content\/uploads\/sites\/13\/2017\/12\/los-diez-looks-favoritos-fashion-jury-Stefanie-Giesinger.jpg?resize=683,1024 683w, https:\/\/graziamagazine.com\/mx\/wp-content\/uploads\/sites\/13\/2017\/12\/los-diez-looks-favoritos-fashion-jury-Stefanie-Giesinger.jpg?resize=1024,1536 1024w, https:\/\/graziamagazine.com\/mx\/wp-content\/uploads\/sites\/13\/2017\/12\/los-diez-looks-favoritos-fashion-jury-Stefanie-Giesinger.jpg?resize=1365,2048 1365w, https:\/\/graziamagazine.com\/mx\/wp-content\/uploads\/sites\/13\/2017\/12\/los-diez-looks-favoritos-fashion-jury-Stefanie-Giesinger.jpg?resize=143,215 143w\" sizes=\"(max-width: 2709px) 100vw, 2709px\" \/><\/div><div class=\"grazia-gallery-text\"><p><strong>Stefanie Giesinger<\/strong><\/p>\n<p>Ella es una reconocida modelo alemana que ha sobresalido \u00faltimamente por su gran estilo en el continente europeo y justo nuestro radar la encontr\u00f3 para colocarla dentro de las mejores vestidas de la edici\u00f3n de noviembre del Fashion Jury de Grazia M\u00e9xico.<\/p>\n<\/div><figcaption class=\"wp-caption-text gallery-caption\" id=\"gallery-1-38541\">BERLIN, GERMANY - SEPTEMBER 20: Model Stefanie Giesinger (dress designed by Kaviar gauche) attends the Dreamball 2017 at Westhafen Event &amp; Convention Center on September 20, 2017 in Berlin, Germany. (Photo by Isa Foltin\/WireImage)<\/figcaption><\/figure><figure class=\"gallery-item grazia-gallery-show-text\"><div class=\"gallery-icon landscape\"><img loading=\"lazy\" decoding=\"async\" width=\"2000\" height=\"3000\" src=\"https:\/\/graziamagazine.com\/mx\/wp-content\/uploads\/sites\/13\/2017\/12\/los-diez-looks-favoritos-fashion-jury-olivia-palermo.jpg\" class=\"lazy\" alt=\"Los diez looks favoritos de Fashion Jury en 2017\" srcset=\"https:\/\/graziamagazine.com\/mx\/wp-content\/uploads\/sites\/13\/2017\/12\/los-diez-looks-favoritos-fashion-jury-olivia-palermo.jpg 2000w, https:\/\/graziamagazine.com\/mx\/wp-content\/uploads\/sites\/13\/2017\/12\/los-diez-looks-favoritos-fashion-jury-olivia-palermo.jpg?resize=300,450 300w, https:\/\/graziamagazine.com\/mx\/wp-content\/uploads\/sites\/13\/2017\/12\/los-diez-looks-favoritos-fashion-jury-olivia-palermo.jpg?resize=768,1152 768w, https:\/\/graziamagazine.com\/mx\/wp-content\/uploads\/sites\/13\/2017\/12\/los-diez-looks-favoritos-fashion-jury-olivia-palermo.jpg?resize=683,1024 683w, https:\/\/graziamagazine.com\/mx\/wp-content\/uploads\/sites\/13\/2017\/12\/los-diez-looks-favoritos-fashion-jury-olivia-palermo.jpg?resize=1024,1536 1024w, https:\/\/graziamagazine.com\/mx\/wp-content\/uploads\/sites\/13\/2017\/12\/los-diez-looks-favoritos-fashion-jury-olivia-palermo.jpg?resize=1365,2048 1365w, https:\/\/graziamagazine.com\/mx\/wp-content\/uploads\/sites\/13\/2017\/12\/los-diez-looks-favoritos-fashion-jury-olivia-palermo.jpg?resize=143,215 143w\" sizes=\"(max-width: 2000px) 100vw, 2000px\" \/><\/div><div class=\"grazia-gallery-text\"><p><strong>Olivia Palermo<\/strong><\/p>\n<p>Nuestra \u00faltima celebridad del listado, pero no por ello la menos importante, naci\u00f3 en Nueva York y se ha abierto paso en la industria de la moda c\u00f3mo las grandes. Ella es precisamente, quien cierra este conteo siendo la mejor vestida del Fashion Jury de la \u00faltima edici\u00f3n del a\u00f1o de Grazia M\u00e9xico.<\/p>\n<\/div><figcaption class=\"wp-caption-text gallery-caption\" id=\"gallery-1-38537\">PARIS, FRANCE - OCTOBER 03:  Olivia Palermo, outside Moncler, during Paris Fashion Week Womenswear Spring\/Summer 2018,  on October 3, 2017 in Paris, France.  (Photo by Edward Berthelot\/Getty Images)<\/figcaption><\/figure><\/div><\/div>\n","protected":false},"author":11654,"featured_media":38529,"template":"","format":"gallery","categories":[2,4],"acf":[],"yoast_head":"<!-- This site is optimized with the Yoast SEO Premium plugin v18.5 (Yoast SEO v20.4) - https:\/\/yoast.com\/wordpress\/plugins\/seo\/ -->\n<title>Los diez looks favoritos de Fashion Jury en 2017 | Grazia M\u00e9xico y Latinoam\u00e9rica<\/title>\n<meta name=\"description\" content=\"A lo largo del a\u00f1o hemos tenido en la mira los looks que han vestido las celebridades del momento en Fashion Jury. Hacemos un conteo de nuestras preferidas.\" \/>\n<meta name=\"robots\" content=\"index, follow, max-snippet:-1, max-image-preview:large, max-video-preview:-1\" \/>\n<link rel=\"canonical\" href=\"https:\/\/graziamagazine.com\/mx\/articles\/los-diez-looks-favoritos-fashion-jury-2017\/\" \/>\n<meta property=\"og:locale\" content=\"es_MX\" \/>\n<meta property=\"og:type\" content=\"article\" \/>\n<meta property=\"og:title\" content=\"Los diez looks favoritos de Fashion Jury en 2017\" \/>\n<meta property=\"og:description\" content=\"A lo largo del a\u00f1o hemos tenido en la mira los looks que han vestido las celebridades del momento en Fashion Jury. Hacemos un conteo de nuestras preferidas.\" \/>\n<meta property=\"og:url\" content=\"https:\/\/graziamagazine.com\/mx\/articles\/los-diez-looks-favoritos-fashion-jury-2017\/\" \/>\n<meta property=\"og:site_name\" content=\"Grazia M\u00e9xico y Latinoam\u00e9rica\" \/>\n<meta property=\"article:modified_time\" content=\"2019-08-22T22:20:44+00:00\" \/>\n<meta property=\"og:image\" content=\"https:\/\/graziamagazine.com\/mx\/wp-content\/uploads\/sites\/13\/2017\/12\/los-diez-looks-favoritos-fashion-jury-destacada.jpg?resize=1024,683\" \/>\n\t<meta property=\"og:image:width\" content=\"1024\" \/>\n\t<meta property=\"og:image:height\" content=\"683\" \/>\n\t<meta property=\"og:image:type\" content=\"image\/jpeg\" \/>\n<meta name=\"twitter:card\" content=\"summary_large_image\" \/>\n<script type=\"application\/ld+json\" class=\"yoast-schema-graph\">{\"@context\":\"https:\/\/schema.org\",\"@graph\":[{\"@type\":\"WebPage\",\"@id\":\"https:\/\/graziamagazine.com\/mx\/articles\/los-diez-looks-favoritos-fashion-jury-2017\/\",\"url\":\"https:\/\/graziamagazine.com\/mx\/articles\/los-diez-looks-favoritos-fashion-jury-2017\/\",\"name\":\"Los diez looks favoritos de Fashion Jury en 2017 | Grazia M\u00e9xico y Latinoam\u00e9rica\",\"isPartOf\":{\"@id\":\"https:\/\/graziamagazine.com\/mx\/#website\"},\"datePublished\":\"2017-12-19T00:04:29+00:00\",\"dateModified\":\"2019-08-22T22:20:44+00:00\",\"description\":\"A lo largo del a\u00f1o hemos tenido en la mira los looks que han vestido las celebridades del momento en Fashion Jury. Hacemos un conteo de nuestras preferidas.\",\"breadcrumb\":{\"@id\":\"https:\/\/graziamagazine.com\/mx\/articles\/los-diez-looks-favoritos-fashion-jury-2017\/#breadcrumb\"},\"inLanguage\":\"es-MX\",\"potentialAction\":[{\"@type\":\"ReadAction\",\"target\":[\"https:\/\/graziamagazine.com\/mx\/articles\/los-diez-looks-favoritos-fashion-jury-2017\/\"]}]},{\"@type\":\"BreadcrumbList\",\"@id\":\"https:\/\/graziamagazine.com\/mx\/articles\/los-diez-looks-favoritos-fashion-jury-2017\/#breadcrumb\",\"itemListElement\":[{\"@type\":\"ListItem\",\"position\":1,\"name\":\"Home\",\"item\":\"https:\/\/graziamagazine.com\/mx\/\"},{\"@type\":\"ListItem\",\"position\":2,\"name\":\"Los diez looks favoritos de Fashion Jury en 2017\"}]},{\"@type\":\"WebSite\",\"@id\":\"https:\/\/graziamagazine.com\/mx\/#website\",\"url\":\"https:\/\/graziamagazine.com\/mx\/\",\"name\":\"Grazia M\u00e9xico y Latinoam\u00e9rica\",\"description\":\"Grazia es moda, belleza y noticias  de actualidad \",\"potentialAction\":[{\"@type\":\"SearchAction\",\"target\":{\"@type\":\"EntryPoint\",\"urlTemplate\":\"https:\/\/graziamagazine.com\/mx\/?s={search_term_string}\"},\"query-input\":\"required name=search_term_string\"}],\"inLanguage\":\"es-MX\"}]}<\/script>\n<!-- \/ Yoast SEO Premium plugin. -->","yoast_head_json":{"title":"Los diez looks favoritos de Fashion Jury en 2017 | Grazia M\u00e9xico y Latinoam\u00e9rica","description":"A lo largo del a\u00f1o hemos tenido en la mira los looks que han vestido las celebridades del momento en Fashion Jury. Hacemos un conteo de nuestras preferidas.","robots":{"index":"index","follow":"follow","max-snippet":"max-snippet:-1","max-image-preview":"max-image-preview:large","max-video-preview":"max-video-preview:-1"},"canonical":"https:\/\/graziamagazine.com\/mx\/articles\/los-diez-looks-favoritos-fashion-jury-2017\/","og_locale":"es_MX","og_type":"article","og_title":"Los diez looks favoritos de Fashion Jury en 2017","og_description":"A lo largo del a\u00f1o hemos tenido en la mira los looks que han vestido las celebridades del momento en Fashion Jury. Hacemos un conteo de nuestras preferidas.","og_url":"https:\/\/graziamagazine.com\/mx\/articles\/los-diez-looks-favoritos-fashion-jury-2017\/","og_site_name":"Grazia M\u00e9xico y Latinoam\u00e9rica","article_modified_time":"2019-08-22T22:20:44+00:00","og_image":[{"width":1024,"height":683,"url":"https:\/\/graziamagazine.com\/mx\/wp-content\/uploads\/sites\/13\/2017\/12\/los-diez-looks-favoritos-fashion-jury-destacada.jpg?resize=1024,683","type":"image\/jpeg"}],"twitter_card":"summary_large_image","schema":{"@context":"https:\/\/schema.org","@graph":[{"@type":"WebPage","@id":"https:\/\/graziamagazine.com\/mx\/articles\/los-diez-looks-favoritos-fashion-jury-2017\/","url":"https:\/\/graziamagazine.com\/mx\/articles\/los-diez-looks-favoritos-fashion-jury-2017\/","name":"Los diez looks favoritos de Fashion Jury en 2017 | Grazia M\u00e9xico y Latinoam\u00e9rica","isPartOf":{"@id":"https:\/\/graziamagazine.com\/mx\/#website"},"datePublished":"2017-12-19T00:04:29+00:00","dateModified":"2019-08-22T22:20:44+00:00","description":"A lo largo del a\u00f1o hemos tenido en la mira los looks que han vestido las celebridades del momento en Fashion Jury. Hacemos un conteo de nuestras preferidas.","breadcrumb":{"@id":"https:\/\/graziamagazine.com\/mx\/articles\/los-diez-looks-favoritos-fashion-jury-2017\/#breadcrumb"},"inLanguage":"es-MX","potentialAction":[{"@type":"ReadAction","target":["https:\/\/graziamagazine.com\/mx\/articles\/los-diez-looks-favoritos-fashion-jury-2017\/"]}]},{"@type":"BreadcrumbList","@id":"https:\/\/graziamagazine.com\/mx\/articles\/los-diez-looks-favoritos-fashion-jury-2017\/#breadcrumb","itemListElement":[{"@type":"ListItem","position":1,"name":"Home","item":"https:\/\/graziamagazine.com\/mx\/"},{"@type":"ListItem","position":2,"name":"Los diez looks favoritos de Fashion Jury en 2017"}]},{"@type":"WebSite","@id":"https:\/\/graziamagazine.com\/mx\/#website","url":"https:\/\/graziamagazine.com\/mx\/","name":"Grazia M\u00e9xico y Latinoam\u00e9rica","description":"Grazia es moda, belleza y noticias  de actualidad ","potentialAction":[{"@type":"SearchAction","target":{"@type":"EntryPoint","urlTemplate":"https:\/\/graziamagazine.com\/mx\/?s={search_term_string}"},"query-input":"required name=search_term_string"}],"inLanguage":"es-MX"}]}},"jetpack_sharing_enabled":true,"distributor_meta":false,"distributor_terms":false,"distributor_media":false,"distributor_original_site_name":"Grazia M\u00e9xico y Latinoam\u00e9rica","distributor_original_site_url":"https:\/\/graziamagazine.com\/mx","push-errors":false,"_links":{"self":[{"href":"https:\/\/graziamagazine.com\/mx\/wp-json\/wp\/v2\/articles\/38528"}],"collection":[{"href":"https:\/\/graziamagazine.com\/mx\/wp-json\/wp\/v2\/articles"}],"about":[{"href":"https:\/\/graziamagazine.com\/mx\/wp-json\/wp\/v2\/types\/articles"}],"author":[{"embeddable":true,"href":"https:\/\/graziamagazine.com\/mx\/wp-json\/wp\/v2\/users\/11654"}],"wp:featuredmedia":[{"embeddable":true,"href":"https:\/\/graziamagazine.com\/mx\/wp-json\/wp\/v2\/media\/38529"}],"wp:attachment":[{"href":"https:\/\/graziamagazine.com\/mx\/wp-json\/wp\/v2\/media?parent=38528"}],"wp:term":[{"taxonomy":"category","embeddable":true,"href":"https:\/\/graziamagazine.com\/mx\/wp-json\/wp\/v2\/categories?post=38528"}],"curies":[{"name":"wp","href":"https:\/\/api.w.org\/{rel}","templated":true}]}}