{"id":38374,"date":"2017-12-14T18:36:12","date_gmt":"2017-12-15T00:36:12","guid":{"rendered":"https:\/\/graziamagazine.com\/mx\/?p=38374"},"modified":"2017-12-14T18:38:34","modified_gmt":"2017-12-15T00:38:34","slug":"manic-monday-la-mano-bottega-veneta","status":"publish","type":"articles","link":"https:\/\/graziamagazine.com\/mx\/articles\/manic-monday-la-mano-bottega-veneta\/","title":{"rendered":"Manic Monday de la mano de Bottega Veneta"},"content":{"rendered":"<p><strong>Que tu agenda no sea lo que te vuelva loca, sino los looks de la colecci\u00f3n crucero de Bottega Veneta.<\/strong><!--more--><\/p>\n<p>Fotograf\u00eda Bekka Gunther<\/p>\n<p>Moda Annie Lask<\/p>\n<p>Video Alfonso Victoria<\/p>\n<p>Maquillaje William Murphy para Atelier Management<\/p>\n<p>Pelo Christos Kallaniotis para Kramer + Kramer<\/p>\n<p>Manicure Yukie Miyakawa<\/p>\n<p>Modelo Sophia Tatum para @nextmodels<\/p>\n<p>Asistente de Moda Samantha Viazc\u00e1n<\/p>\n<p>Producci\u00f3n y Casting Mirham Ascencio<\/p>\n","protected":false},"author":11636,"featured_media":38375,"template":"","format":"standard","categories":[8],"acf":[],"yoast_head":"<!-- This site is optimized with the Yoast SEO Premium plugin v18.5 (Yoast SEO v20.4) - https:\/\/yoast.com\/wordpress\/plugins\/seo\/ -->\n<title>Manic Monday de la mano de Bottega Veneta | Grazia M\u00e9xico y Latinoam\u00e9rica<\/title>\n<meta name=\"description\" content=\"Que tu agenda no sea lo que te vuelva loca, sino los looks de la colecci\u00f3n crucero de Bottega Veneta.\" \/>\n<meta name=\"robots\" content=\"index, follow, max-snippet:-1, max-image-preview:large, max-video-preview:-1\" \/>\n<link rel=\"canonical\" href=\"https:\/\/graziamagazine.com\/mx\/articles\/manic-monday-la-mano-bottega-veneta\/\" \/>\n<meta property=\"og:locale\" content=\"es_MX\" \/>\n<meta property=\"og:type\" content=\"article\" \/>\n<meta property=\"og:title\" content=\"Manic Monday de la mano de Bottega Veneta\" \/>\n<meta property=\"og:description\" content=\"Que tu agenda no sea lo que te vuelva loca, sino los looks de la colecci\u00f3n crucero de Bottega Veneta.\" \/>\n<meta property=\"og:url\" content=\"https:\/\/graziamagazine.com\/mx\/articles\/manic-monday-la-mano-bottega-veneta\/\" \/>\n<meta property=\"og:site_name\" content=\"Grazia M\u00e9xico y Latinoam\u00e9rica\" \/>\n<meta property=\"article:modified_time\" content=\"2017-12-15T00:38:34+00:00\" \/>\n<meta property=\"og:image\" content=\"https:\/\/graziamagazine.com\/mx\/wp-content\/uploads\/sites\/13\/2017\/12\/manic-monday-la-mano-bottega-veneta-destacada.jpg?fit=5760%2C3840\" \/>\n\t<meta property=\"og:image:width\" content=\"5760\" \/>\n\t<meta property=\"og:image:height\" content=\"3840\" \/>\n\t<meta property=\"og:image:type\" content=\"image\/jpeg\" \/>\n<meta name=\"twitter:card\" content=\"summary_large_image\" \/>\n<script type=\"application\/ld+json\" class=\"yoast-schema-graph\">{\"@context\":\"https:\/\/schema.org\",\"@graph\":[{\"@type\":\"WebPage\",\"@id\":\"https:\/\/graziamagazine.com\/mx\/articles\/manic-monday-la-mano-bottega-veneta\/\",\"url\":\"https:\/\/graziamagazine.com\/mx\/articles\/manic-monday-la-mano-bottega-veneta\/\",\"name\":\"Manic Monday de la mano de Bottega Veneta | Grazia M\u00e9xico y Latinoam\u00e9rica\",\"isPartOf\":{\"@id\":\"https:\/\/graziamagazine.com\/mx\/#website\"},\"datePublished\":\"2017-12-15T00:36:12+00:00\",\"dateModified\":\"2017-12-15T00:38:34+00:00\",\"description\":\"Que tu agenda no sea lo que te vuelva loca, sino los looks de la colecci\u00f3n crucero de Bottega Veneta.\",\"breadcrumb\":{\"@id\":\"https:\/\/graziamagazine.com\/mx\/articles\/manic-monday-la-mano-bottega-veneta\/#breadcrumb\"},\"inLanguage\":\"es-MX\",\"potentialAction\":[{\"@type\":\"ReadAction\",\"target\":[\"https:\/\/graziamagazine.com\/mx\/articles\/manic-monday-la-mano-bottega-veneta\/\"]}]},{\"@type\":\"BreadcrumbList\",\"@id\":\"https:\/\/graziamagazine.com\/mx\/articles\/manic-monday-la-mano-bottega-veneta\/#breadcrumb\",\"itemListElement\":[{\"@type\":\"ListItem\",\"position\":1,\"name\":\"Home\",\"item\":\"https:\/\/graziamagazine.com\/mx\/\"},{\"@type\":\"ListItem\",\"position\":2,\"name\":\"Manic Monday de la mano de Bottega Veneta\"}]},{\"@type\":\"WebSite\",\"@id\":\"https:\/\/graziamagazine.com\/mx\/#website\",\"url\":\"https:\/\/graziamagazine.com\/mx\/\",\"name\":\"Grazia M\u00e9xico y Latinoam\u00e9rica\",\"description\":\"Grazia es moda, belleza y noticias  de actualidad \",\"potentialAction\":[{\"@type\":\"SearchAction\",\"target\":{\"@type\":\"EntryPoint\",\"urlTemplate\":\"https:\/\/graziamagazine.com\/mx\/?s={search_term_string}\"},\"query-input\":\"required name=search_term_string\"}],\"inLanguage\":\"es-MX\"}]}<\/script>\n<!-- \/ Yoast SEO Premium plugin. -->","yoast_head_json":{"title":"Manic Monday de la mano de Bottega Veneta | Grazia M\u00e9xico y Latinoam\u00e9rica","description":"Que tu agenda no sea lo que te vuelva loca, sino los looks de la colecci\u00f3n crucero de Bottega Veneta.","robots":{"index":"index","follow":"follow","max-snippet":"max-snippet:-1","max-image-preview":"max-image-preview:large","max-video-preview":"max-video-preview:-1"},"canonical":"https:\/\/graziamagazine.com\/mx\/articles\/manic-monday-la-mano-bottega-veneta\/","og_locale":"es_MX","og_type":"article","og_title":"Manic Monday de la mano de Bottega Veneta","og_description":"Que tu agenda no sea lo que te vuelva loca, sino los looks de la colecci\u00f3n crucero de Bottega Veneta.","og_url":"https:\/\/graziamagazine.com\/mx\/articles\/manic-monday-la-mano-bottega-veneta\/","og_site_name":"Grazia M\u00e9xico y Latinoam\u00e9rica","article_modified_time":"2017-12-15T00:38:34+00:00","og_image":[{"width":5760,"height":3840,"url":"https:\/\/graziamagazine.com\/mx\/wp-content\/uploads\/sites\/13\/2017\/12\/manic-monday-la-mano-bottega-veneta-destacada.jpg?fit=5760%2C3840","type":"image\/jpeg"}],"twitter_card":"summary_large_image","schema":{"@context":"https:\/\/schema.org","@graph":[{"@type":"WebPage","@id":"https:\/\/graziamagazine.com\/mx\/articles\/manic-monday-la-mano-bottega-veneta\/","url":"https:\/\/graziamagazine.com\/mx\/articles\/manic-monday-la-mano-bottega-veneta\/","name":"Manic Monday de la mano de Bottega Veneta | Grazia M\u00e9xico y Latinoam\u00e9rica","isPartOf":{"@id":"https:\/\/graziamagazine.com\/mx\/#website"},"datePublished":"2017-12-15T00:36:12+00:00","dateModified":"2017-12-15T00:38:34+00:00","description":"Que tu agenda no sea lo que te vuelva loca, sino los looks de la colecci\u00f3n crucero de Bottega Veneta.","breadcrumb":{"@id":"https:\/\/graziamagazine.com\/mx\/articles\/manic-monday-la-mano-bottega-veneta\/#breadcrumb"},"inLanguage":"es-MX","potentialAction":[{"@type":"ReadAction","target":["https:\/\/graziamagazine.com\/mx\/articles\/manic-monday-la-mano-bottega-veneta\/"]}]},{"@type":"BreadcrumbList","@id":"https:\/\/graziamagazine.com\/mx\/articles\/manic-monday-la-mano-bottega-veneta\/#breadcrumb","itemListElement":[{"@type":"ListItem","position":1,"name":"Home","item":"https:\/\/graziamagazine.com\/mx\/"},{"@type":"ListItem","position":2,"name":"Manic Monday de la mano de Bottega Veneta"}]},{"@type":"WebSite","@id":"https:\/\/graziamagazine.com\/mx\/#website","url":"https:\/\/graziamagazine.com\/mx\/","name":"Grazia M\u00e9xico y Latinoam\u00e9rica","description":"Grazia es moda, belleza y noticias  de actualidad ","potentialAction":[{"@type":"SearchAction","target":{"@type":"EntryPoint","urlTemplate":"https:\/\/graziamagazine.com\/mx\/?s={search_term_string}"},"query-input":"required name=search_term_string"}],"inLanguage":"es-MX"}]}},"jetpack_sharing_enabled":true,"distributor_meta":false,"distributor_terms":false,"distributor_media":false,"distributor_original_site_name":"Grazia M\u00e9xico y Latinoam\u00e9rica","distributor_original_site_url":"https:\/\/graziamagazine.com\/mx","push-errors":false,"_links":{"self":[{"href":"https:\/\/graziamagazine.com\/mx\/wp-json\/wp\/v2\/articles\/38374"}],"collection":[{"href":"https:\/\/graziamagazine.com\/mx\/wp-json\/wp\/v2\/articles"}],"about":[{"href":"https:\/\/graziamagazine.com\/mx\/wp-json\/wp\/v2\/types\/articles"}],"author":[{"embeddable":true,"href":"https:\/\/graziamagazine.com\/mx\/wp-json\/wp\/v2\/users\/11636"}],"wp:featuredmedia":[{"embeddable":true,"href":"https:\/\/graziamagazine.com\/mx\/wp-json\/wp\/v2\/media\/38375"}],"wp:attachment":[{"href":"https:\/\/graziamagazine.com\/mx\/wp-json\/wp\/v2\/media?parent=38374"}],"wp:term":[{"taxonomy":"category","embeddable":true,"href":"https:\/\/graziamagazine.com\/mx\/wp-json\/wp\/v2\/categories?post=38374"}],"curies":[{"name":"wp","href":"https:\/\/api.w.org\/{rel}","templated":true}]}}