{"id":38298,"date":"2017-12-14T13:27:38","date_gmt":"2017-12-14T19:27:38","guid":{"rendered":"https:\/\/graziamagazine.com\/mx\/?p=38298"},"modified":"2017-12-14T13:30:10","modified_gmt":"2017-12-14T19:30:10","slug":"fendi-x-rimowa","status":"publish","type":"articles","link":"https:\/\/graziamagazine.com\/mx\/articles\/fendi-x-rimowa\/","title":{"rendered":"De Italia a Alemania y todo el mundo con Fendi x Rimowa"},"content":{"rendered":"<p><b>Un proyecto en donde la moda y los viajes se fusionan para formar parte de las memorias. As\u00ed es la colaboraci\u00f3n de Fendi x Rimowa.<\/b><!--more--><\/p>\n<p><span style=\"font-weight: 400;\">Imagina un <\/span><i><span style=\"font-weight: 400;\">suitcase<\/span><\/i><span style=\"font-weight: 400;\"> resistente para viajar alrededor del mundo, comenzando en Italia, despu\u00e9s Alemania, y el resto t\u00fa lo decides. <\/span><i><span style=\"font-weight: 400;\">Travelling with Purpose<\/span><\/i><span style=\"font-weight: 400;\"> te incita a viajar y recorrer lugares m\u00e1gicos para absorber la cultura que define las tradiciones y la vida cotidiana.<\/span><\/p>\n<p><span style=\"font-weight: 400;\"><strong>Fendi<\/strong> y <strong>Rimowa<\/strong> se unieron para crear una maleta funcional y din\u00e1mica que se convertir\u00e1 en tu mejor acompa\u00f1ante de viaje. A la vez, esta empodera tu estilo y te har\u00e1 so\u00f1ar con destinos inimaginables para descubrir secretos y crear experiencias.<\/span><\/p>\n<p><span style=\"font-weight: 400;\">Protagonizado por tres <\/span><i><span style=\"font-weight: 400;\">influencers<\/span><\/i><span style=\"font-weight: 400;\"> italianos, y tres alemanes, \u201cTravelling with Purpose\u201d narra la historia detr\u00e1s del <\/span><i><span style=\"font-weight: 400;\">suitcase<\/span><\/i><span style=\"font-weight: 400;\">. Amigos con un mismo destino y gustos en com\u00fan. As\u00ed se cuentan las experiencias de #FendiRimowa.<\/span><\/p>\n<div style=\"position: relative; padding-bottom: 56.25%; overflow: hidden;\"><iframe loading=\"lazy\" style=\"position: absolute;\" src=\"https:\/\/content.jwplatform.com\/players\/7LUHj69P-7ZGeGJG7.html\" width=\"100%\" height=\"100%\" frameborder=\"0\" scrolling=\"auto\" allowfullscreen=\"allowfullscreen\"><\/iframe><\/div>\n<h5><\/h5>\n<h5><em>*IMAGEN y VIDEO: Cortes\u00eda de Fendi<\/em><\/h5>\n","protected":false},"author":11636,"featured_media":38300,"template":"","format":"standard","categories":[4],"acf":[],"yoast_head":"<!-- This site is optimized with the Yoast SEO Premium plugin v18.5 (Yoast SEO v20.4) - https:\/\/yoast.com\/wordpress\/plugins\/seo\/ -->\n<title>De Italia a Alemania y todo el mundo con Fendi x Rimowa | Grazia M\u00e9xico y Latinoam\u00e9rica<\/title>\n<meta name=\"description\" content=\"Un proyecto en donde la moda y los viajes se fusionan para formar parte de las memorias. As\u00ed es la colaboraci\u00f3n de Fendi x Rimowa.\" \/>\n<meta name=\"robots\" content=\"index, follow, max-snippet:-1, max-image-preview:large, max-video-preview:-1\" \/>\n<link rel=\"canonical\" href=\"https:\/\/graziamagazine.com\/mx\/articles\/fendi-x-rimowa\/\" \/>\n<meta property=\"og:locale\" content=\"es_MX\" \/>\n<meta property=\"og:type\" content=\"article\" \/>\n<meta property=\"og:title\" content=\"De Italia a Alemania y todo el mundo con Fendi x Rimowa\" \/>\n<meta property=\"og:description\" content=\"Un proyecto en donde la moda y los viajes se fusionan para formar parte de las memorias. As\u00ed es la colaboraci\u00f3n de Fendi x Rimowa.\" \/>\n<meta property=\"og:url\" content=\"https:\/\/graziamagazine.com\/mx\/articles\/fendi-x-rimowa\/\" \/>\n<meta property=\"og:site_name\" content=\"Grazia M\u00e9xico y Latinoam\u00e9rica\" \/>\n<meta property=\"article:modified_time\" content=\"2017-12-14T19:30:10+00:00\" \/>\n<meta property=\"og:image\" content=\"https:\/\/graziamagazine.com\/mx\/wp-content\/uploads\/sites\/13\/2017\/12\/fendi-x-rimowa-destacada.jpg?fit=1170%2C780\" \/>\n\t<meta property=\"og:image:width\" content=\"1170\" \/>\n\t<meta property=\"og:image:height\" content=\"780\" \/>\n\t<meta property=\"og:image:type\" content=\"image\/jpeg\" \/>\n<meta name=\"twitter:card\" content=\"summary_large_image\" \/>\n<meta name=\"twitter:label1\" content=\"Est. reading time\" \/>\n\t<meta name=\"twitter:data1\" content=\"1 minuto\" \/>\n<script type=\"application\/ld+json\" class=\"yoast-schema-graph\">{\"@context\":\"https:\/\/schema.org\",\"@graph\":[{\"@type\":\"WebPage\",\"@id\":\"https:\/\/graziamagazine.com\/mx\/articles\/fendi-x-rimowa\/\",\"url\":\"https:\/\/graziamagazine.com\/mx\/articles\/fendi-x-rimowa\/\",\"name\":\"De Italia a Alemania y todo el mundo con Fendi x Rimowa | Grazia M\u00e9xico y Latinoam\u00e9rica\",\"isPartOf\":{\"@id\":\"https:\/\/graziamagazine.com\/mx\/#website\"},\"datePublished\":\"2017-12-14T19:27:38+00:00\",\"dateModified\":\"2017-12-14T19:30:10+00:00\",\"description\":\"Un proyecto en donde la moda y los viajes se fusionan para formar parte de las memorias. As\u00ed es la colaboraci\u00f3n de Fendi x Rimowa.\",\"breadcrumb\":{\"@id\":\"https:\/\/graziamagazine.com\/mx\/articles\/fendi-x-rimowa\/#breadcrumb\"},\"inLanguage\":\"es-MX\",\"potentialAction\":[{\"@type\":\"ReadAction\",\"target\":[\"https:\/\/graziamagazine.com\/mx\/articles\/fendi-x-rimowa\/\"]}]},{\"@type\":\"BreadcrumbList\",\"@id\":\"https:\/\/graziamagazine.com\/mx\/articles\/fendi-x-rimowa\/#breadcrumb\",\"itemListElement\":[{\"@type\":\"ListItem\",\"position\":1,\"name\":\"Home\",\"item\":\"https:\/\/graziamagazine.com\/mx\/\"},{\"@type\":\"ListItem\",\"position\":2,\"name\":\"De Italia a Alemania y todo el mundo con Fendi x Rimowa\"}]},{\"@type\":\"WebSite\",\"@id\":\"https:\/\/graziamagazine.com\/mx\/#website\",\"url\":\"https:\/\/graziamagazine.com\/mx\/\",\"name\":\"Grazia M\u00e9xico y Latinoam\u00e9rica\",\"description\":\"Grazia es moda, belleza y noticias  de actualidad \",\"potentialAction\":[{\"@type\":\"SearchAction\",\"target\":{\"@type\":\"EntryPoint\",\"urlTemplate\":\"https:\/\/graziamagazine.com\/mx\/?s={search_term_string}\"},\"query-input\":\"required name=search_term_string\"}],\"inLanguage\":\"es-MX\"}]}<\/script>\n<!-- \/ Yoast SEO Premium plugin. -->","yoast_head_json":{"title":"De Italia a Alemania y todo el mundo con Fendi x Rimowa | Grazia M\u00e9xico y Latinoam\u00e9rica","description":"Un proyecto en donde la moda y los viajes se fusionan para formar parte de las memorias. As\u00ed es la colaboraci\u00f3n de Fendi x Rimowa.","robots":{"index":"index","follow":"follow","max-snippet":"max-snippet:-1","max-image-preview":"max-image-preview:large","max-video-preview":"max-video-preview:-1"},"canonical":"https:\/\/graziamagazine.com\/mx\/articles\/fendi-x-rimowa\/","og_locale":"es_MX","og_type":"article","og_title":"De Italia a Alemania y todo el mundo con Fendi x Rimowa","og_description":"Un proyecto en donde la moda y los viajes se fusionan para formar parte de las memorias. As\u00ed es la colaboraci\u00f3n de Fendi x Rimowa.","og_url":"https:\/\/graziamagazine.com\/mx\/articles\/fendi-x-rimowa\/","og_site_name":"Grazia M\u00e9xico y Latinoam\u00e9rica","article_modified_time":"2017-12-14T19:30:10+00:00","og_image":[{"width":1170,"height":780,"url":"https:\/\/graziamagazine.com\/mx\/wp-content\/uploads\/sites\/13\/2017\/12\/fendi-x-rimowa-destacada.jpg?fit=1170%2C780","type":"image\/jpeg"}],"twitter_card":"summary_large_image","twitter_misc":{"Est. reading time":"1 minuto"},"schema":{"@context":"https:\/\/schema.org","@graph":[{"@type":"WebPage","@id":"https:\/\/graziamagazine.com\/mx\/articles\/fendi-x-rimowa\/","url":"https:\/\/graziamagazine.com\/mx\/articles\/fendi-x-rimowa\/","name":"De Italia a Alemania y todo el mundo con Fendi x Rimowa | Grazia M\u00e9xico y Latinoam\u00e9rica","isPartOf":{"@id":"https:\/\/graziamagazine.com\/mx\/#website"},"datePublished":"2017-12-14T19:27:38+00:00","dateModified":"2017-12-14T19:30:10+00:00","description":"Un proyecto en donde la moda y los viajes se fusionan para formar parte de las memorias. As\u00ed es la colaboraci\u00f3n de Fendi x Rimowa.","breadcrumb":{"@id":"https:\/\/graziamagazine.com\/mx\/articles\/fendi-x-rimowa\/#breadcrumb"},"inLanguage":"es-MX","potentialAction":[{"@type":"ReadAction","target":["https:\/\/graziamagazine.com\/mx\/articles\/fendi-x-rimowa\/"]}]},{"@type":"BreadcrumbList","@id":"https:\/\/graziamagazine.com\/mx\/articles\/fendi-x-rimowa\/#breadcrumb","itemListElement":[{"@type":"ListItem","position":1,"name":"Home","item":"https:\/\/graziamagazine.com\/mx\/"},{"@type":"ListItem","position":2,"name":"De Italia a Alemania y todo el mundo con Fendi x Rimowa"}]},{"@type":"WebSite","@id":"https:\/\/graziamagazine.com\/mx\/#website","url":"https:\/\/graziamagazine.com\/mx\/","name":"Grazia M\u00e9xico y Latinoam\u00e9rica","description":"Grazia es moda, belleza y noticias  de actualidad ","potentialAction":[{"@type":"SearchAction","target":{"@type":"EntryPoint","urlTemplate":"https:\/\/graziamagazine.com\/mx\/?s={search_term_string}"},"query-input":"required name=search_term_string"}],"inLanguage":"es-MX"}]}},"jetpack_sharing_enabled":true,"distributor_meta":false,"distributor_terms":false,"distributor_media":false,"distributor_original_site_name":"Grazia M\u00e9xico y Latinoam\u00e9rica","distributor_original_site_url":"https:\/\/graziamagazine.com\/mx","push-errors":false,"_links":{"self":[{"href":"https:\/\/graziamagazine.com\/mx\/wp-json\/wp\/v2\/articles\/38298"}],"collection":[{"href":"https:\/\/graziamagazine.com\/mx\/wp-json\/wp\/v2\/articles"}],"about":[{"href":"https:\/\/graziamagazine.com\/mx\/wp-json\/wp\/v2\/types\/articles"}],"author":[{"embeddable":true,"href":"https:\/\/graziamagazine.com\/mx\/wp-json\/wp\/v2\/users\/11636"}],"wp:featuredmedia":[{"embeddable":true,"href":"https:\/\/graziamagazine.com\/mx\/wp-json\/wp\/v2\/media\/38300"}],"wp:attachment":[{"href":"https:\/\/graziamagazine.com\/mx\/wp-json\/wp\/v2\/media?parent=38298"}],"wp:term":[{"taxonomy":"category","embeddable":true,"href":"https:\/\/graziamagazine.com\/mx\/wp-json\/wp\/v2\/categories?post=38298"}],"curies":[{"name":"wp","href":"https:\/\/api.w.org\/{rel}","templated":true}]}}