{"id":37435,"date":"2017-12-04T22:11:01","date_gmt":"2017-12-05T04:11:01","guid":{"rendered":"https:\/\/graziamagazine.com\/mx\/?p=37435"},"modified":"2019-12-20T12:34:15","modified_gmt":"2019-12-20T17:34:15","slug":"naomi-campbell-azzedine-alaia-fashion-awards-2017","status":"publish","type":"articles","link":"https:\/\/graziamagazine.com\/mx\/articles\/naomi-campbell-azzedine-alaia-fashion-awards-2017\/","title":{"rendered":"Naomi Campbell rinde tributo a Azzedine Ala\u00efa durante los Fashion Awards 2017"},"content":{"rendered":"<p><strong>Los Fashion Awards del <i>British Fashion Council<\/i> fueron una noche para recordar; desde el tributo de Naomi Campbell a Ala\u00efa, hasta la doble victoria de Jonathan Anderson.<\/strong><!--more--><\/p>\n<p><span style=\"font-weight: 400;\">Cuando nos referimos a los verdaderos Oscares de la moda, es sin duda a los <strong>Fashion Awards<\/strong> del <\/span><strong><i>British Fashion Council<\/i><\/strong><span style=\"font-weight: 400;\">. Este a\u00f1o lograron exceder las expectativas, una vez m\u00e1s. Y es que la lista de nominados y galardonados de este a\u00f1o celebraron la diversidad y la creatividad en el sentido de las palabras.<\/span><\/p>\n<p><span style=\"font-weight: 400;\">Comenzando con la alfombra roja que vio desfilar a personalidades como <strong>Selena Gomez<\/strong> en un vestido victoriano de <strong>Coach<\/strong>, y <strong>Poppy Delevingne<\/strong> en un vaporoso y floreado <strong>Giambattista Valli<\/strong>, <a href=\"https:\/\/graziamagazine.com\/mx\/fashion-awards-miss-piggy\/\" target=\"_blank\" rel=\"noopener\">Miss Piggy y Derek Blasberg<\/a> dieron la bienvenida a cada uno de los invitados.<\/span><\/p>\n<p><img loading=\"lazy\" decoding=\"async\" class=\"alignnone wp-image-37441 size-large\" title=\"Naomi Campbell rinde tributo a Azzedine Ala\u00efa durante los Fashion Awards 2017\" src=\"https:\/\/graziamagazine.com\/mx\/wp-content\/uploads\/sites\/13\/2017\/12\/naomi-campbell-azzedine-alaia-fashion-awards-2017-selena-gomez-700x1050.jpg\" alt=\"Naomi Campbell rinde tributo a Azzedine Ala\u00efa durante los Fashion Awards 2017\" width=\"683\" height=\"1024\" \/><\/p>\n<p><img loading=\"lazy\" decoding=\"async\" class=\"alignnone wp-image-37440 size-large\" title=\"Naomi Campbell rinde tributo a Azzedine Ala\u00efa durante los Fashion Awards 2017\" src=\"https:\/\/graziamagazine.com\/mx\/wp-content\/uploads\/sites\/13\/2017\/12\/naomi-campbell-azzedine-alaia-fashion-awards-2017-poppy-delevingne-700x1050.jpg\" alt=\"Naomi Campbell rinde tributo a Azzedine Ala\u00efa durante los Fashion Awards 2017\" width=\"683\" height=\"1024\" \/><\/p>\n<p><span style=\"font-weight: 400;\">Para la ceremonia, no fue ninguna sorpresa que <strong>Raf Simons<\/strong> se llevar\u00e1 el premio a dise\u00f1ador del a\u00f1o. El belga ha logrado poner de nuevo en el mapa a la firma americana <strong>Calvin Klein<\/strong> y ha encontrado el punto perfecto entre la moda y el arte. Asimismo el CEO de <strong>Gucci<\/strong>, <strong>Marco Bizzarri<\/strong> gan\u00f3 la estatuilla a mejor l\u00edder empresarial, teniendo en cuenta la incre\u00edble mancuerna que ha hecho con el dise\u00f1ador del momento, <strong>Alessandro Michele<\/strong>.<\/span><\/p>\n<p><img loading=\"lazy\" decoding=\"async\" class=\"alignnone wp-image-37436 size-large\" title=\"Naomi Campbell rinde tributo a Azzedine Ala\u00efa durante los Fashion Awards 2017\" src=\"https:\/\/graziamagazine.com\/mx\/wp-content\/uploads\/sites\/13\/2017\/12\/naomi-campbell-azzedine-alaia-fashion-awards-2017-raf-simons-700x467.jpg\" alt=\"Naomi Campbell rinde tributo a Azzedine Ala\u00efa durante los Fashion Awards 2017\" width=\"700\" height=\"467\" \/><\/p>\n<p><img loading=\"lazy\" decoding=\"async\" class=\"alignnone wp-image-37437 size-large\" title=\"Naomi Campbell rinde tributo a Azzedine Ala\u00efa durante los Fashion Awards 2017\" src=\"https:\/\/graziamagazine.com\/mx\/wp-content\/uploads\/sites\/13\/2017\/12\/naomi-campbell-azzedine-alaia-fashion-awards-2017-marco-bizzarri-700x467.jpg\" alt=\"Naomi Campbell rinde tributo a Azzedine Ala\u00efa durante los Fashion Awards 2017\" width=\"700\" height=\"467\" \/><\/p>\n<p><span style=\"font-weight: 400;\">Aunque estas dos fueron un tanto obvias, tambi\u00e9n hubo sorpresas. <strong>Jonathan Anderson<\/strong> se llev\u00f3 el premio a mejor dise\u00f1ador de <\/span><i><span style=\"font-weight: 400;\">womenswear<\/span><\/i><span style=\"font-weight: 400;\"> por su firma <strong>J.W.Anderson<\/strong>, y al dise\u00f1ador de accesorios del a\u00f1o por su labor en <strong>Loewe<\/strong>.<\/span><\/p>\n<p><img loading=\"lazy\" decoding=\"async\" class=\"alignnone wp-image-37438 size-large\" title=\"Naomi Campbell rinde tributo a Azzedine Ala\u00efa durante los Fashion Awards 2017\" src=\"https:\/\/graziamagazine.com\/mx\/wp-content\/uploads\/sites\/13\/2017\/12\/naomi-campbell-azzedine-alaia-fashion-awards-2017-jonathan-anderson-amber-valletta-700x467.jpg\" alt=\"Naomi Campbell rinde tributo a Azzedine Ala\u00efa durante los Fashion Awards 2017\" width=\"700\" height=\"467\" \/><\/p>\n<p><span style=\"font-weight: 400;\">Para el <\/span><i><span style=\"font-weight: 400;\">Urban Luxe Award<\/span><\/i><span style=\"font-weight: 400;\">, la firma que poco a poco acapara a Vetements, fue la elegida. Nos referimos a <strong>Off-White<\/strong> que ha conquistado a la industria, en especial al <\/span><i><span style=\"font-weight: 400;\">street style<\/span><\/i><span style=\"font-weight: 400;\">, con sus camale\u00f3nicas prendas aterrizadas a la est\u00e9tica que tanto encanta en estos tiempos modernos. Y para modelo del a\u00f1o, una de las categor\u00edas m\u00e1s peleadas, <strong>Adwoa Aboah<\/strong> fue la elegida.<\/span><\/p>\n<p><span style=\"font-weight: 400;\">Los premios especiales fueron otorgados a <strong>Stella McCartney<\/strong> por su alentadora e incansable labor de innovar para una industria m\u00e1s sustentable. Asimismo la italiana <strong>Donatella Versace<\/strong> fue reconocida como \u00edcono de la moda por apoyar al talento brit\u00e1nico y mantener la firma fundada por su hermana Gianni Versace como un arquetipo del <\/span><i><span style=\"font-weight: 400;\">Made in Italy<\/span><\/i><span style=\"font-weight: 400;\">. <strong>Pat McGrath<\/strong> galardonada con el <\/span><i><span style=\"font-weight: 400;\">Isabella Blow Award for Fashion Creator<\/span><\/i><span style=\"font-weight: 400;\"> y <strong>Maria Grazia Chiuri<\/strong> con el <\/span><i><span style=\"font-weight: 400;\">Swarovski Award for Positive Change<\/span><\/i><span style=\"font-weight: 400;\"> por ser una portavoz a favor de la igualdad de g\u00e9nero.<\/span><\/p>\n<p><img loading=\"lazy\" decoding=\"async\" class=\"alignnone wp-image-37439 size-large\" title=\"Naomi Campbell rinde tributo a Azzedine Ala\u00efa durante los Fashion Awards 2017\" src=\"https:\/\/graziamagazine.com\/mx\/wp-content\/uploads\/sites\/13\/2017\/12\/naomi-campbell-azzedine-alaia-fashion-awards-2017-maria-grazia-chiuri-700x467.jpg\" alt=\"Naomi Campbell rinde tributo a Azzedine Ala\u00efa durante los Fashion Awards 2017\" width=\"700\" height=\"467\" \/><\/p>\n<p><span style=\"font-weight: 400;\">Sin embargo el momento que se llev\u00f3 la noche de los Fashion Awards, fue sin duda el tributo de <strong>Naomi Campbell<\/strong> a su \u201cpapa\u201d <strong>Azzedine Ala\u00efa<\/strong>. El <\/span><i><span style=\"font-weight: 400;\">couturier<\/span><\/i><span style=\"font-weight: 400;\"> que muri\u00f3 hace casi tres semanas y dejo un legado irremplazable, fue celebrado por la supermodelo y 16 \u201chijas\u201d m\u00e1s. Con un discurso conmovedor en el que relata su cari\u00f1o por Ala\u00efa, Campbell resumi\u00f3 no s\u00f3lo al artista, sino al humano detr\u00e1s de las pijamas con las que acostumbraba vestir.<\/span><\/p>\n<p><span style=\"font-weight: 400;\">En vista de una industria que contin\u00faa cambiando, la noche fue memorable. No s\u00f3lo por los diversos tributos \u2014Chiuri celebr\u00f3 a <strong>Franca Sozzani<\/strong>\u2014 sino porque es posible ver que el futuro est\u00e1 en manos de aquellos que buscan un cambio por una industria m\u00e1s sana.<\/span><\/p>\n<p>&nbsp;<\/p>\n<h5><em>*IM\u00c1GENES: Getty Images y Cortes\u00eda<\/em><\/h5>\n","protected":false},"author":11636,"featured_media":37442,"template":"","format":"standard","categories":[4],"acf":[],"yoast_head":"<!-- This site is optimized with the Yoast SEO Premium plugin v18.5 (Yoast SEO v20.4) - https:\/\/yoast.com\/wordpress\/plugins\/seo\/ -->\n<title>Naomi Campbell rinde tributo a Azzedine Ala\u00efa durante los Fashion Awards 2017 | Grazia M\u00e9xico y Latinoam\u00e9rica<\/title>\n<meta name=\"description\" content=\"Los Fashion Awards fueron una noche para recordar; desde el tributo de Naomi Campbell a Ala\u00efa, hasta la doble victoria de Jonathan Anderson.\" \/>\n<meta name=\"robots\" content=\"index, follow, max-snippet:-1, max-image-preview:large, max-video-preview:-1\" \/>\n<link rel=\"canonical\" href=\"https:\/\/graziamagazine.com\/mx\/articles\/naomi-campbell-azzedine-alaia-fashion-awards-2017\/\" \/>\n<meta property=\"og:locale\" content=\"es_MX\" \/>\n<meta property=\"og:type\" content=\"article\" \/>\n<meta property=\"og:title\" content=\"Naomi Campbell rinde tributo a Azzedine Ala\u00efa durante los Fashion Awards 2017\" \/>\n<meta property=\"og:description\" content=\"Los Fashion Awards fueron una noche para recordar; desde el tributo de Naomi Campbell a Ala\u00efa, hasta la doble victoria de Jonathan Anderson.\" \/>\n<meta property=\"og:url\" content=\"https:\/\/graziamagazine.com\/mx\/articles\/naomi-campbell-azzedine-alaia-fashion-awards-2017\/\" \/>\n<meta property=\"og:site_name\" content=\"Grazia M\u00e9xico y Latinoam\u00e9rica\" \/>\n<meta property=\"article:modified_time\" content=\"2019-12-20T17:34:15+00:00\" \/>\n<meta property=\"og:image\" content=\"https:\/\/graziamagazine.com\/mx\/wp-content\/uploads\/sites\/13\/2017\/12\/naomi-campbell-azzedine-alaia-fashion-awards-2017-destacada.jpg?fit=750%2C500\" \/>\n\t<meta property=\"og:image:width\" content=\"750\" \/>\n\t<meta property=\"og:image:height\" content=\"500\" \/>\n\t<meta property=\"og:image:type\" content=\"image\/jpeg\" \/>\n<meta name=\"twitter:card\" content=\"summary_large_image\" \/>\n<meta name=\"twitter:label1\" content=\"Est. reading time\" \/>\n\t<meta name=\"twitter:data1\" content=\"3 minutos\" \/>\n<script type=\"application\/ld+json\" class=\"yoast-schema-graph\">{\"@context\":\"https:\/\/schema.org\",\"@graph\":[{\"@type\":\"WebPage\",\"@id\":\"https:\/\/graziamagazine.com\/mx\/articles\/naomi-campbell-azzedine-alaia-fashion-awards-2017\/\",\"url\":\"https:\/\/graziamagazine.com\/mx\/articles\/naomi-campbell-azzedine-alaia-fashion-awards-2017\/\",\"name\":\"Naomi Campbell rinde tributo a Azzedine Ala\u00efa durante los Fashion Awards 2017 | Grazia M\u00e9xico y Latinoam\u00e9rica\",\"isPartOf\":{\"@id\":\"https:\/\/graziamagazine.com\/mx\/#website\"},\"datePublished\":\"2017-12-05T04:11:01+00:00\",\"dateModified\":\"2019-12-20T17:34:15+00:00\",\"description\":\"Los Fashion Awards fueron una noche para recordar; desde el tributo de Naomi Campbell a Ala\u00efa, hasta la doble victoria de Jonathan Anderson.\",\"breadcrumb\":{\"@id\":\"https:\/\/graziamagazine.com\/mx\/articles\/naomi-campbell-azzedine-alaia-fashion-awards-2017\/#breadcrumb\"},\"inLanguage\":\"es-MX\",\"potentialAction\":[{\"@type\":\"ReadAction\",\"target\":[\"https:\/\/graziamagazine.com\/mx\/articles\/naomi-campbell-azzedine-alaia-fashion-awards-2017\/\"]}]},{\"@type\":\"BreadcrumbList\",\"@id\":\"https:\/\/graziamagazine.com\/mx\/articles\/naomi-campbell-azzedine-alaia-fashion-awards-2017\/#breadcrumb\",\"itemListElement\":[{\"@type\":\"ListItem\",\"position\":1,\"name\":\"Home\",\"item\":\"https:\/\/graziamagazine.com\/mx\/\"},{\"@type\":\"ListItem\",\"position\":2,\"name\":\"Naomi Campbell rinde tributo a Azzedine Ala\u00efa durante los Fashion Awards 2017\"}]},{\"@type\":\"WebSite\",\"@id\":\"https:\/\/graziamagazine.com\/mx\/#website\",\"url\":\"https:\/\/graziamagazine.com\/mx\/\",\"name\":\"Grazia M\u00e9xico y Latinoam\u00e9rica\",\"description\":\"Grazia es moda, belleza y noticias  de actualidad \",\"potentialAction\":[{\"@type\":\"SearchAction\",\"target\":{\"@type\":\"EntryPoint\",\"urlTemplate\":\"https:\/\/graziamagazine.com\/mx\/?s={search_term_string}\"},\"query-input\":\"required name=search_term_string\"}],\"inLanguage\":\"es-MX\"}]}<\/script>\n<!-- \/ Yoast SEO Premium plugin. -->","yoast_head_json":{"title":"Naomi Campbell rinde tributo a Azzedine Ala\u00efa durante los Fashion Awards 2017 | Grazia M\u00e9xico y Latinoam\u00e9rica","description":"Los Fashion Awards fueron una noche para recordar; desde el tributo de Naomi Campbell a Ala\u00efa, hasta la doble victoria de Jonathan Anderson.","robots":{"index":"index","follow":"follow","max-snippet":"max-snippet:-1","max-image-preview":"max-image-preview:large","max-video-preview":"max-video-preview:-1"},"canonical":"https:\/\/graziamagazine.com\/mx\/articles\/naomi-campbell-azzedine-alaia-fashion-awards-2017\/","og_locale":"es_MX","og_type":"article","og_title":"Naomi Campbell rinde tributo a Azzedine Ala\u00efa durante los Fashion Awards 2017","og_description":"Los Fashion Awards fueron una noche para recordar; desde el tributo de Naomi Campbell a Ala\u00efa, hasta la doble victoria de Jonathan Anderson.","og_url":"https:\/\/graziamagazine.com\/mx\/articles\/naomi-campbell-azzedine-alaia-fashion-awards-2017\/","og_site_name":"Grazia M\u00e9xico y Latinoam\u00e9rica","article_modified_time":"2019-12-20T17:34:15+00:00","og_image":[{"width":750,"height":500,"url":"https:\/\/graziamagazine.com\/mx\/wp-content\/uploads\/sites\/13\/2017\/12\/naomi-campbell-azzedine-alaia-fashion-awards-2017-destacada.jpg?fit=750%2C500","type":"image\/jpeg"}],"twitter_card":"summary_large_image","twitter_misc":{"Est. reading time":"3 minutos"},"schema":{"@context":"https:\/\/schema.org","@graph":[{"@type":"WebPage","@id":"https:\/\/graziamagazine.com\/mx\/articles\/naomi-campbell-azzedine-alaia-fashion-awards-2017\/","url":"https:\/\/graziamagazine.com\/mx\/articles\/naomi-campbell-azzedine-alaia-fashion-awards-2017\/","name":"Naomi Campbell rinde tributo a Azzedine Ala\u00efa durante los Fashion Awards 2017 | Grazia M\u00e9xico y Latinoam\u00e9rica","isPartOf":{"@id":"https:\/\/graziamagazine.com\/mx\/#website"},"datePublished":"2017-12-05T04:11:01+00:00","dateModified":"2019-12-20T17:34:15+00:00","description":"Los Fashion Awards fueron una noche para recordar; desde el tributo de Naomi Campbell a Ala\u00efa, hasta la doble victoria de Jonathan Anderson.","breadcrumb":{"@id":"https:\/\/graziamagazine.com\/mx\/articles\/naomi-campbell-azzedine-alaia-fashion-awards-2017\/#breadcrumb"},"inLanguage":"es-MX","potentialAction":[{"@type":"ReadAction","target":["https:\/\/graziamagazine.com\/mx\/articles\/naomi-campbell-azzedine-alaia-fashion-awards-2017\/"]}]},{"@type":"BreadcrumbList","@id":"https:\/\/graziamagazine.com\/mx\/articles\/naomi-campbell-azzedine-alaia-fashion-awards-2017\/#breadcrumb","itemListElement":[{"@type":"ListItem","position":1,"name":"Home","item":"https:\/\/graziamagazine.com\/mx\/"},{"@type":"ListItem","position":2,"name":"Naomi Campbell rinde tributo a Azzedine Ala\u00efa durante los Fashion Awards 2017"}]},{"@type":"WebSite","@id":"https:\/\/graziamagazine.com\/mx\/#website","url":"https:\/\/graziamagazine.com\/mx\/","name":"Grazia M\u00e9xico y Latinoam\u00e9rica","description":"Grazia es moda, belleza y noticias  de actualidad ","potentialAction":[{"@type":"SearchAction","target":{"@type":"EntryPoint","urlTemplate":"https:\/\/graziamagazine.com\/mx\/?s={search_term_string}"},"query-input":"required name=search_term_string"}],"inLanguage":"es-MX"}]}},"jetpack_sharing_enabled":true,"distributor_meta":false,"distributor_terms":false,"distributor_media":false,"distributor_original_site_name":"Grazia M\u00e9xico y Latinoam\u00e9rica","distributor_original_site_url":"https:\/\/graziamagazine.com\/mx","push-errors":false,"_links":{"self":[{"href":"https:\/\/graziamagazine.com\/mx\/wp-json\/wp\/v2\/articles\/37435"}],"collection":[{"href":"https:\/\/graziamagazine.com\/mx\/wp-json\/wp\/v2\/articles"}],"about":[{"href":"https:\/\/graziamagazine.com\/mx\/wp-json\/wp\/v2\/types\/articles"}],"author":[{"embeddable":true,"href":"https:\/\/graziamagazine.com\/mx\/wp-json\/wp\/v2\/users\/11636"}],"wp:featuredmedia":[{"embeddable":true,"href":"https:\/\/graziamagazine.com\/mx\/wp-json\/wp\/v2\/media\/37442"}],"wp:attachment":[{"href":"https:\/\/graziamagazine.com\/mx\/wp-json\/wp\/v2\/media?parent=37435"}],"wp:term":[{"taxonomy":"category","embeddable":true,"href":"https:\/\/graziamagazine.com\/mx\/wp-json\/wp\/v2\/categories?post=37435"}],"curies":[{"name":"wp","href":"https:\/\/api.w.org\/{rel}","templated":true}]}}