{"id":3715,"date":"2016-07-27T13:14:57","date_gmt":"2016-07-27T19:14:57","guid":{"rendered":"https:\/\/graziamagazine.com\/mx\/?p=3715"},"modified":"2016-07-27T13:14:57","modified_gmt":"2016-07-27T19:14:57","slug":"impronte-salvatore-ferragamo","status":"publish","type":"articles","link":"https:\/\/graziamagazine.com\/mx\/articles\/impronte-salvatore-ferragamo\/","title":{"rendered":"&#8220;IMPRONTE&#8221;: LA EXHIBICI\u00d3N DE SALVATORE FERRAGAMO QUE HONRA SU TRAYECTORIA"},"content":{"rendered":"<p><b>Hoy se inaugura una muestra de cinco de sus cl\u00e1sicas piezas en su ciudad natal.<\/b><!--more--><\/p>\n<p><span style=\"font-weight: 400;\"><img loading=\"lazy\" decoding=\"async\" class=\"alignnone size-full wp-image-3717\" src=\"https:\/\/graziamagazine.com\/mx\/wp-content\/uploads\/sites\/13\/2016\/07\/divaferragamo.jpg\" alt=\"divaferragamo\" width=\"1600\" height=\"806\" srcset=\"https:\/\/graziamagazine.com\/mx\/wp-content\/uploads\/sites\/13\/2016\/07\/divaferragamo.jpg 1600w, https:\/\/graziamagazine.com\/mx\/wp-content\/uploads\/sites\/13\/2016\/07\/divaferragamo.jpg?resize=450,227 450w, https:\/\/graziamagazine.com\/mx\/wp-content\/uploads\/sites\/13\/2016\/07\/divaferragamo.jpg?resize=768,387 768w, https:\/\/graziamagazine.com\/mx\/wp-content\/uploads\/sites\/13\/2016\/07\/divaferragamo.jpg?resize=1024,516 1024w, https:\/\/graziamagazine.com\/mx\/wp-content\/uploads\/sites\/13\/2016\/07\/divaferragamo.jpg?resize=1536,774 1536w, https:\/\/graziamagazine.com\/mx\/wp-content\/uploads\/sites\/13\/2016\/07\/divaferragamo.jpg?resize=155,78 155w\" sizes=\"(max-width: 1600px) 100vw, 1600px\" \/><\/span><\/p>\n<p>&nbsp;<\/p>\n<p><span style=\"font-weight: 400;\">El <strong>5 de junio de 1898<\/strong>, naci\u00f3 quien se convertir\u00eda en uno de los dise\u00f1adores de <strong>calzado<\/strong> y <strong>marroquiner\u00eda<\/strong> m\u00e1s representativos de <strong>Italia<\/strong>:\u00a0<strong>Salvatore Ferragamo<\/strong>. Como parte de la celebraci\u00f3n por la trayectoria de su firma hom\u00f3nima, <strong>Bonito<\/strong> \u2013la peque\u00f1a ciudad que lo vio nacer en la <strong>regi\u00f3n sur<\/strong> de este pa\u00eds\u2013 le prepar\u00f3 su propio homenaje bajo el nombre de <strong>\u201cImpronte\u201d<\/strong>, una exhibici\u00f3n de su trabajo m\u00e1s relevante de sus a\u00f1os dorados.<\/span><\/p>\n<p>Son <strong>cinco<\/strong> las piezas que colecta esta muestra que ya fue inaugurada <strong>el d\u00eda de hoy<\/strong> y que cuentan la historia de su peculiar sello, acu\u00f1ado entre los a\u00f1os <strong>30s<\/strong> y <strong>50s<\/strong>. Los dise\u00f1os que podr\u00e1n apreciar los visitantes ser\u00e1n: <strong>un par con tac\u00f3n en forma de cuerno de rinoceronte, unos botines y unas sandalias de plataforma pintados a mano, unas sandalias usadas por la actriz Judy Garland y la ic\u00f3nica sandalia \u201cDiva\u201d <\/strong>en gamuza<strong> multicolor<\/strong>.<\/p>\n<p>Adicional a esto, los zapatos fueron utilizados como fuente de inspiraci\u00f3n para crear <strong>cinco obras art\u00edsticas<\/strong> hechas especialmente para la ocasi\u00f3n. Los encargados fueron los <strong>cinco<\/strong> prometedores artistas: <strong>Millo, Milu Correch, Tellas, Gola Hundum y Julio Vespirini<\/strong>.<\/p>\n<p>&nbsp;<\/p>\n<p><span style=\"font-weight: 400;\"><strong>\u201cImpronte\u201d<\/strong> \u2013o pisadas\u00a0por su traducci\u00f3n al espa\u00f1ol\u2013 estar\u00e1 albergada en el <strong>monasterio franciscano de San Antonio<\/strong>, en el pintoresco Bonito hasta el <strong>31 de agosto<\/strong> de este a\u00f1o.\u00a0<\/span><span style=\"font-weight: 400;\">Si tienes la oportunidad de visitarla durante este verano, te prometemos que no te vas a arrepentir.<\/span><\/p>\n","protected":false},"author":11636,"featured_media":3716,"template":"","format":"standard","categories":[4,10],"acf":[],"yoast_head":"<!-- This site is optimized with the Yoast SEO Premium plugin v18.5 (Yoast SEO v20.4) - https:\/\/yoast.com\/wordpress\/plugins\/seo\/ -->\n<title>&quot;IMPRONTE&quot;: LA EXHIBICI\u00d3N DE SALVATORE FERRAGAMO QUE HONRA SU TRAYECTORIA | Grazia M\u00e9xico y Latinoam\u00e9rica<\/title>\n<meta name=\"description\" content=\"Hoy se inaugura una muestra de cinco de sus cl\u00e1sicas piezas en su ciudad natal. &nbsp; El 5 de junio de 1898, naci\u00f3 quien se convertir\u00eda en uno de los\" \/>\n<meta name=\"robots\" content=\"index, follow, max-snippet:-1, max-image-preview:large, max-video-preview:-1\" \/>\n<link rel=\"canonical\" href=\"https:\/\/graziamagazine.com\/mx\/articles\/impronte-salvatore-ferragamo\/\" \/>\n<meta property=\"og:locale\" content=\"es_MX\" \/>\n<meta property=\"og:type\" content=\"article\" \/>\n<meta property=\"og:title\" content=\"&quot;IMPRONTE&quot;: LA EXHIBICI\u00d3N DE SALVATORE FERRAGAMO QUE HONRA SU TRAYECTORIA\" \/>\n<meta property=\"og:description\" content=\"Hoy se inaugura una muestra de cinco de sus cl\u00e1sicas piezas en su ciudad natal. &nbsp; El 5 de junio de 1898, naci\u00f3 quien se convertir\u00eda en uno de los\" \/>\n<meta property=\"og:url\" content=\"https:\/\/graziamagazine.com\/mx\/articles\/impronte-salvatore-ferragamo\/\" \/>\n<meta property=\"og:site_name\" content=\"Grazia M\u00e9xico y Latinoam\u00e9rica\" \/>\n<meta property=\"og:image\" content=\"https:\/\/graziamagazine.com\/mx\/wp-content\/uploads\/sites\/13\/2016\/07\/FERRAGAMOSHOESCOV.jpg?fit=970%2C600\" \/>\n\t<meta property=\"og:image:width\" content=\"970\" \/>\n\t<meta property=\"og:image:height\" content=\"600\" \/>\n\t<meta property=\"og:image:type\" content=\"image\/jpeg\" \/>\n<meta name=\"twitter:card\" content=\"summary_large_image\" \/>\n<meta name=\"twitter:label1\" content=\"Est. reading time\" \/>\n\t<meta name=\"twitter:data1\" content=\"1 minuto\" \/>\n<script type=\"application\/ld+json\" class=\"yoast-schema-graph\">{\"@context\":\"https:\/\/schema.org\",\"@graph\":[{\"@type\":\"WebPage\",\"@id\":\"https:\/\/graziamagazine.com\/mx\/articles\/impronte-salvatore-ferragamo\/\",\"url\":\"https:\/\/graziamagazine.com\/mx\/articles\/impronte-salvatore-ferragamo\/\",\"name\":\"\\\"IMPRONTE\\\": LA EXHIBICI\u00d3N DE SALVATORE FERRAGAMO QUE HONRA SU TRAYECTORIA | Grazia M\u00e9xico y Latinoam\u00e9rica\",\"isPartOf\":{\"@id\":\"https:\/\/graziamagazine.com\/mx\/#website\"},\"datePublished\":\"2016-07-27T19:14:57+00:00\",\"dateModified\":\"2016-07-27T19:14:57+00:00\",\"description\":\"Hoy se inaugura una muestra de cinco de sus cl\u00e1sicas piezas en su ciudad natal. &nbsp; El 5 de junio de 1898, naci\u00f3 quien se convertir\u00eda en uno de los\",\"breadcrumb\":{\"@id\":\"https:\/\/graziamagazine.com\/mx\/articles\/impronte-salvatore-ferragamo\/#breadcrumb\"},\"inLanguage\":\"es-MX\",\"potentialAction\":[{\"@type\":\"ReadAction\",\"target\":[\"https:\/\/graziamagazine.com\/mx\/articles\/impronte-salvatore-ferragamo\/\"]}]},{\"@type\":\"BreadcrumbList\",\"@id\":\"https:\/\/graziamagazine.com\/mx\/articles\/impronte-salvatore-ferragamo\/#breadcrumb\",\"itemListElement\":[{\"@type\":\"ListItem\",\"position\":1,\"name\":\"Home\",\"item\":\"https:\/\/graziamagazine.com\/mx\/\"},{\"@type\":\"ListItem\",\"position\":2,\"name\":\"&#8220;IMPRONTE&#8221;: LA EXHIBICI\u00d3N DE SALVATORE FERRAGAMO QUE HONRA SU TRAYECTORIA\"}]},{\"@type\":\"WebSite\",\"@id\":\"https:\/\/graziamagazine.com\/mx\/#website\",\"url\":\"https:\/\/graziamagazine.com\/mx\/\",\"name\":\"Grazia M\u00e9xico y Latinoam\u00e9rica\",\"description\":\"Grazia es moda, belleza y noticias  de actualidad \",\"potentialAction\":[{\"@type\":\"SearchAction\",\"target\":{\"@type\":\"EntryPoint\",\"urlTemplate\":\"https:\/\/graziamagazine.com\/mx\/?s={search_term_string}\"},\"query-input\":\"required name=search_term_string\"}],\"inLanguage\":\"es-MX\"}]}<\/script>\n<!-- \/ Yoast SEO Premium plugin. -->","yoast_head_json":{"title":"\"IMPRONTE\": LA EXHIBICI\u00d3N DE SALVATORE FERRAGAMO QUE HONRA SU TRAYECTORIA | Grazia M\u00e9xico y Latinoam\u00e9rica","description":"Hoy se inaugura una muestra de cinco de sus cl\u00e1sicas piezas en su ciudad natal. &nbsp; El 5 de junio de 1898, naci\u00f3 quien se convertir\u00eda en uno de los","robots":{"index":"index","follow":"follow","max-snippet":"max-snippet:-1","max-image-preview":"max-image-preview:large","max-video-preview":"max-video-preview:-1"},"canonical":"https:\/\/graziamagazine.com\/mx\/articles\/impronte-salvatore-ferragamo\/","og_locale":"es_MX","og_type":"article","og_title":"\"IMPRONTE\": LA EXHIBICI\u00d3N DE SALVATORE FERRAGAMO QUE HONRA SU TRAYECTORIA","og_description":"Hoy se inaugura una muestra de cinco de sus cl\u00e1sicas piezas en su ciudad natal. &nbsp; El 5 de junio de 1898, naci\u00f3 quien se convertir\u00eda en uno de los","og_url":"https:\/\/graziamagazine.com\/mx\/articles\/impronte-salvatore-ferragamo\/","og_site_name":"Grazia M\u00e9xico y Latinoam\u00e9rica","og_image":[{"width":970,"height":600,"url":"https:\/\/graziamagazine.com\/mx\/wp-content\/uploads\/sites\/13\/2016\/07\/FERRAGAMOSHOESCOV.jpg?fit=970%2C600","type":"image\/jpeg"}],"twitter_card":"summary_large_image","twitter_misc":{"Est. reading time":"1 minuto"},"schema":{"@context":"https:\/\/schema.org","@graph":[{"@type":"WebPage","@id":"https:\/\/graziamagazine.com\/mx\/articles\/impronte-salvatore-ferragamo\/","url":"https:\/\/graziamagazine.com\/mx\/articles\/impronte-salvatore-ferragamo\/","name":"\"IMPRONTE\": LA EXHIBICI\u00d3N DE SALVATORE FERRAGAMO QUE HONRA SU TRAYECTORIA | Grazia M\u00e9xico y Latinoam\u00e9rica","isPartOf":{"@id":"https:\/\/graziamagazine.com\/mx\/#website"},"datePublished":"2016-07-27T19:14:57+00:00","dateModified":"2016-07-27T19:14:57+00:00","description":"Hoy se inaugura una muestra de cinco de sus cl\u00e1sicas piezas en su ciudad natal. &nbsp; El 5 de junio de 1898, naci\u00f3 quien se convertir\u00eda en uno de los","breadcrumb":{"@id":"https:\/\/graziamagazine.com\/mx\/articles\/impronte-salvatore-ferragamo\/#breadcrumb"},"inLanguage":"es-MX","potentialAction":[{"@type":"ReadAction","target":["https:\/\/graziamagazine.com\/mx\/articles\/impronte-salvatore-ferragamo\/"]}]},{"@type":"BreadcrumbList","@id":"https:\/\/graziamagazine.com\/mx\/articles\/impronte-salvatore-ferragamo\/#breadcrumb","itemListElement":[{"@type":"ListItem","position":1,"name":"Home","item":"https:\/\/graziamagazine.com\/mx\/"},{"@type":"ListItem","position":2,"name":"&#8220;IMPRONTE&#8221;: LA EXHIBICI\u00d3N DE SALVATORE FERRAGAMO QUE HONRA SU TRAYECTORIA"}]},{"@type":"WebSite","@id":"https:\/\/graziamagazine.com\/mx\/#website","url":"https:\/\/graziamagazine.com\/mx\/","name":"Grazia M\u00e9xico y Latinoam\u00e9rica","description":"Grazia es moda, belleza y noticias  de actualidad ","potentialAction":[{"@type":"SearchAction","target":{"@type":"EntryPoint","urlTemplate":"https:\/\/graziamagazine.com\/mx\/?s={search_term_string}"},"query-input":"required name=search_term_string"}],"inLanguage":"es-MX"}]}},"jetpack_sharing_enabled":true,"distributor_meta":false,"distributor_terms":false,"distributor_media":false,"distributor_original_site_name":"Grazia M\u00e9xico y Latinoam\u00e9rica","distributor_original_site_url":"https:\/\/graziamagazine.com\/mx","push-errors":false,"_links":{"self":[{"href":"https:\/\/graziamagazine.com\/mx\/wp-json\/wp\/v2\/articles\/3715"}],"collection":[{"href":"https:\/\/graziamagazine.com\/mx\/wp-json\/wp\/v2\/articles"}],"about":[{"href":"https:\/\/graziamagazine.com\/mx\/wp-json\/wp\/v2\/types\/articles"}],"author":[{"embeddable":true,"href":"https:\/\/graziamagazine.com\/mx\/wp-json\/wp\/v2\/users\/11636"}],"wp:featuredmedia":[{"embeddable":true,"href":"https:\/\/graziamagazine.com\/mx\/wp-json\/wp\/v2\/media\/3716"}],"wp:attachment":[{"href":"https:\/\/graziamagazine.com\/mx\/wp-json\/wp\/v2\/media?parent=3715"}],"wp:term":[{"taxonomy":"category","embeddable":true,"href":"https:\/\/graziamagazine.com\/mx\/wp-json\/wp\/v2\/categories?post=3715"}],"curies":[{"name":"wp","href":"https:\/\/api.w.org\/{rel}","templated":true}]}}