{"id":36716,"date":"2017-11-22T15:50:47","date_gmt":"2017-11-22T21:50:47","guid":{"rendered":"https:\/\/graziamagazine.com\/mx\/?p=36716"},"modified":"2017-11-22T15:51:09","modified_gmt":"2017-11-22T21:51:09","slug":"ultimo-takeover-colette-saint-laurent","status":"publish","type":"articles","link":"https:\/\/graziamagazine.com\/mx\/articles\/ultimo-takeover-colette-saint-laurent\/","title":{"rendered":"El \u00faltimo takeover de Colette lleva el nombre de Saint Laurent"},"content":{"rendered":"<p><strong>Y ahora el <em>takeover<\/em> de Saint Laurent\u2026 \u00a1Colette no para de obsesionarnos! Y esta es &#8220;la \u00faltima y nos vamos&#8221; de la reconocida\u00a0concept store. \u00bfLista?<\/strong><br \/>\n<!--more--><\/p>\n<p><span style=\"font-weight: 400;\">La aclamada <\/span><i><span style=\"font-weight: 400;\">concept store<\/span><\/i><span style=\"font-weight: 400;\"> parisina, \u00a1lo ha hecho de nuevo! A partir del 27 de noviembre podr\u00e1s tener en tus manos la m\u00e1s reciente colaboraci\u00f3n de<\/span><b> Saint Laurent x Colette<\/b><span style=\"font-weight: 400;\">, por la cual, \u00a1no podemos esperar m\u00e1s!<\/span><\/p>\n<p><span style=\"font-weight: 400;\">La colecci\u00f3n c\u00e1psula es dedicada al <\/span><i><span style=\"font-weight: 400;\">rock \u2018n\u2019 roll<\/span><\/i><span style=\"font-weight: 400;\">, contando con una serie de camisetas estampadas de gr\u00e1ficos que incluyen un homenaje a la famosa banda de rock alternativo brit\u00e1nica <\/span><b>Depeche Mode<\/b><span style=\"font-weight: 400;\"> y a la cantante, sin\u00f3nimo del <\/span><i><span style=\"font-weight: 400;\">punk<\/span><\/i><span style=\"font-weight: 400;\">, <\/span><b>Patti Smith<\/b><span style=\"font-weight: 400;\">.<\/span><\/p>\n<p><img decoding=\"async\" class=\"alignnone size-large wp-image-36718\" src=\"https:\/\/graziamagazine.com\/mx\/wp-content\/uploads\/sites\/13\/2017\/11\/ultimo-takeover-colette-saint-laurent-1-700x714.jpg\" alt=\"ultimo-takeover-colette-saint-laurent-1\" \/><\/p>\n<p><img decoding=\"async\" class=\"alignnone size-large wp-image-36725\" src=\"https:\/\/graziamagazine.com\/mx\/wp-content\/uploads\/sites\/13\/2017\/11\/ultimo-takeover-colette-saint-laurent-8-700x662.jpg\" alt=\"ultimo-takeover-colette-saint-laurent-8\" \/><\/p>\n<p><img decoding=\"async\" class=\"alignnone size-large wp-image-36719\" src=\"https:\/\/graziamagazine.com\/mx\/wp-content\/uploads\/sites\/13\/2017\/11\/ultimo-takeover-colette-saint-laurent-2-700x710.jpg\" alt=\"ultimo-takeover-colette-saint-laurent-2\" \/><\/p>\n<p><span style=\"font-weight: 400;\">Tambi\u00e9n podr\u00e1s encontrar bolsos y accesorios customizados (como encendedores, una patineta con la campa\u00f1a prohibida en Francia y hasta un calendario), art\u00edculos<\/span> <span style=\"font-weight: 400;\">para el hogar, \u00a1e incluso cosm\u00e9ticos!<\/span><\/p>\n<p><span style=\"font-weight: 400;\">As\u00ed es como la concept store se despide del mundo el 20 de diciembre y deja el espacio en 213 rue Saint-Honor\u00e9 libre para que la firma fundada por el <\/span><i><span style=\"font-weight: 400;\">couturier<\/span><\/i><span style=\"font-weight: 400;\">, Yves Saint Laurent, edifique una nueva boutique. Despu\u00e9s de este <\/span><i><span style=\"font-weight: 400;\">takeover<\/span><\/i><span style=\"font-weight: 400;\"> especial, no ser\u00e1 dif\u00edcil ver la transformaci\u00f3n de la tienda que defin\u00eda una cultura de moda muy particular.<\/span><\/p>\n<p><img decoding=\"async\" class=\"alignnone size-large wp-image-36724\" src=\"https:\/\/graziamagazine.com\/mx\/wp-content\/uploads\/sites\/13\/2017\/11\/ultimo-takeover-colette-saint-laurent-7-700x357.jpg\" alt=\"ultimo-takeover-colette-saint-laurent-7\" \/><\/p>\n<p><img decoding=\"async\" class=\"alignnone size-large wp-image-36720\" src=\"https:\/\/graziamagazine.com\/mx\/wp-content\/uploads\/sites\/13\/2017\/11\/ultimo-takeover-colette-saint-laurent-3-700x653.jpg\" alt=\"ultimo-takeover-colette-saint-laurent-3\" \/><\/p>\n<p><img decoding=\"async\" class=\"alignnone size-large wp-image-36723\" src=\"https:\/\/graziamagazine.com\/mx\/wp-content\/uploads\/sites\/13\/2017\/11\/ultimo-takeover-colette-saint-laurent-6-700x786.jpg\" alt=\"ultimo-takeover-colette-saint-laurent-6\" \/><\/p>\n<p><img decoding=\"async\" class=\"alignnone size-large wp-image-36722\" src=\"https:\/\/graziamagazine.com\/mx\/wp-content\/uploads\/sites\/13\/2017\/11\/ultimo-takeover-colette-saint-laurent-5-700x465.jpg\" alt=\"ultimo-takeover-colette-saint-laurent-5\" \/><\/p>\n<p><img decoding=\"async\" class=\"alignnone size-large wp-image-36721\" src=\"https:\/\/graziamagazine.com\/mx\/wp-content\/uploads\/sites\/13\/2017\/11\/ultimo-takeover-colette-saint-laurent-4-700x641.jpg\" alt=\"ultimo-takeover-colette-saint-laurent-4\" \/><\/p>\n<h5><em>*IM\u00c1GENES: Cortes\u00eda de Saint Laurent<\/em><\/h5>\n","protected":false},"author":11644,"featured_media":36726,"template":"","format":"standard","categories":[4],"acf":[],"yoast_head":"<!-- This site is optimized with the Yoast SEO Premium plugin v18.5 (Yoast SEO v20.4) - https:\/\/yoast.com\/wordpress\/plugins\/seo\/ -->\n<title>El \u00faltimo takeover de Colette lleva el nombre de Saint Laurent | Grazia M\u00e9xico y Latinoam\u00e9rica<\/title>\n<meta name=\"description\" content=\"Y ahora el takeover de Saint Laurent\u2026 \u00a1Colette no para de obsesionarnos! Y esta es &quot;la \u00faltima y nos vamos&quot; de la reconocida\u00a0concept store. \u00bfLista?\" \/>\n<meta name=\"robots\" content=\"index, follow, max-snippet:-1, max-image-preview:large, max-video-preview:-1\" \/>\n<link rel=\"canonical\" href=\"https:\/\/graziamagazine.com\/mx\/articles\/ultimo-takeover-colette-saint-laurent\/\" \/>\n<meta property=\"og:locale\" content=\"es_MX\" \/>\n<meta property=\"og:type\" content=\"article\" \/>\n<meta property=\"og:title\" content=\"El \u00faltimo takeover de Colette lleva el nombre de Saint Laurent\" \/>\n<meta property=\"og:description\" content=\"Y ahora el takeover de Saint Laurent\u2026 \u00a1Colette no para de obsesionarnos! Y esta es &quot;la \u00faltima y nos vamos&quot; de la reconocida\u00a0concept store. \u00bfLista?\" \/>\n<meta property=\"og:url\" content=\"https:\/\/graziamagazine.com\/mx\/articles\/ultimo-takeover-colette-saint-laurent\/\" \/>\n<meta property=\"og:site_name\" content=\"Grazia M\u00e9xico y Latinoam\u00e9rica\" \/>\n<meta property=\"article:modified_time\" content=\"2017-11-22T21:51:09+00:00\" \/>\n<meta property=\"og:image\" content=\"https:\/\/graziamagazine.com\/mx\/wp-content\/uploads\/sites\/13\/2017\/11\/ultimo-takeover-colette-saint-laurent-destacada.jpg?fit=3583%2C1889\" \/>\n\t<meta property=\"og:image:width\" content=\"3583\" \/>\n\t<meta property=\"og:image:height\" content=\"1889\" \/>\n\t<meta property=\"og:image:type\" content=\"image\/jpeg\" \/>\n<meta name=\"twitter:card\" content=\"summary_large_image\" \/>\n<meta name=\"twitter:label1\" content=\"Est. reading time\" \/>\n\t<meta name=\"twitter:data1\" content=\"1 minuto\" \/>\n<script type=\"application\/ld+json\" class=\"yoast-schema-graph\">{\"@context\":\"https:\/\/schema.org\",\"@graph\":[{\"@type\":\"WebPage\",\"@id\":\"https:\/\/graziamagazine.com\/mx\/articles\/ultimo-takeover-colette-saint-laurent\/\",\"url\":\"https:\/\/graziamagazine.com\/mx\/articles\/ultimo-takeover-colette-saint-laurent\/\",\"name\":\"El \u00faltimo takeover de Colette lleva el nombre de Saint Laurent | Grazia M\u00e9xico y Latinoam\u00e9rica\",\"isPartOf\":{\"@id\":\"https:\/\/graziamagazine.com\/mx\/#website\"},\"datePublished\":\"2017-11-22T21:50:47+00:00\",\"dateModified\":\"2017-11-22T21:51:09+00:00\",\"description\":\"Y ahora el takeover de Saint Laurent\u2026 \u00a1Colette no para de obsesionarnos! Y esta es \\\"la \u00faltima y nos vamos\\\" de la reconocida\u00a0concept store. \u00bfLista?\",\"breadcrumb\":{\"@id\":\"https:\/\/graziamagazine.com\/mx\/articles\/ultimo-takeover-colette-saint-laurent\/#breadcrumb\"},\"inLanguage\":\"es-MX\",\"potentialAction\":[{\"@type\":\"ReadAction\",\"target\":[\"https:\/\/graziamagazine.com\/mx\/articles\/ultimo-takeover-colette-saint-laurent\/\"]}]},{\"@type\":\"BreadcrumbList\",\"@id\":\"https:\/\/graziamagazine.com\/mx\/articles\/ultimo-takeover-colette-saint-laurent\/#breadcrumb\",\"itemListElement\":[{\"@type\":\"ListItem\",\"position\":1,\"name\":\"Home\",\"item\":\"https:\/\/graziamagazine.com\/mx\/\"},{\"@type\":\"ListItem\",\"position\":2,\"name\":\"El \u00faltimo takeover de Colette lleva el nombre de Saint Laurent\"}]},{\"@type\":\"WebSite\",\"@id\":\"https:\/\/graziamagazine.com\/mx\/#website\",\"url\":\"https:\/\/graziamagazine.com\/mx\/\",\"name\":\"Grazia M\u00e9xico y Latinoam\u00e9rica\",\"description\":\"Grazia es moda, belleza y noticias  de actualidad \",\"potentialAction\":[{\"@type\":\"SearchAction\",\"target\":{\"@type\":\"EntryPoint\",\"urlTemplate\":\"https:\/\/graziamagazine.com\/mx\/?s={search_term_string}\"},\"query-input\":\"required name=search_term_string\"}],\"inLanguage\":\"es-MX\"}]}<\/script>\n<!-- \/ Yoast SEO Premium plugin. -->","yoast_head_json":{"title":"El \u00faltimo takeover de Colette lleva el nombre de Saint Laurent | Grazia M\u00e9xico y Latinoam\u00e9rica","description":"Y ahora el takeover de Saint Laurent\u2026 \u00a1Colette no para de obsesionarnos! Y esta es \"la \u00faltima y nos vamos\" de la reconocida\u00a0concept store. \u00bfLista?","robots":{"index":"index","follow":"follow","max-snippet":"max-snippet:-1","max-image-preview":"max-image-preview:large","max-video-preview":"max-video-preview:-1"},"canonical":"https:\/\/graziamagazine.com\/mx\/articles\/ultimo-takeover-colette-saint-laurent\/","og_locale":"es_MX","og_type":"article","og_title":"El \u00faltimo takeover de Colette lleva el nombre de Saint Laurent","og_description":"Y ahora el takeover de Saint Laurent\u2026 \u00a1Colette no para de obsesionarnos! Y esta es \"la \u00faltima y nos vamos\" de la reconocida\u00a0concept store. \u00bfLista?","og_url":"https:\/\/graziamagazine.com\/mx\/articles\/ultimo-takeover-colette-saint-laurent\/","og_site_name":"Grazia M\u00e9xico y Latinoam\u00e9rica","article_modified_time":"2017-11-22T21:51:09+00:00","og_image":[{"width":3583,"height":1889,"url":"https:\/\/graziamagazine.com\/mx\/wp-content\/uploads\/sites\/13\/2017\/11\/ultimo-takeover-colette-saint-laurent-destacada.jpg?fit=3583%2C1889","type":"image\/jpeg"}],"twitter_card":"summary_large_image","twitter_misc":{"Est. reading time":"1 minuto"},"schema":{"@context":"https:\/\/schema.org","@graph":[{"@type":"WebPage","@id":"https:\/\/graziamagazine.com\/mx\/articles\/ultimo-takeover-colette-saint-laurent\/","url":"https:\/\/graziamagazine.com\/mx\/articles\/ultimo-takeover-colette-saint-laurent\/","name":"El \u00faltimo takeover de Colette lleva el nombre de Saint Laurent | Grazia M\u00e9xico y Latinoam\u00e9rica","isPartOf":{"@id":"https:\/\/graziamagazine.com\/mx\/#website"},"datePublished":"2017-11-22T21:50:47+00:00","dateModified":"2017-11-22T21:51:09+00:00","description":"Y ahora el takeover de Saint Laurent\u2026 \u00a1Colette no para de obsesionarnos! Y esta es \"la \u00faltima y nos vamos\" de la reconocida\u00a0concept store. \u00bfLista?","breadcrumb":{"@id":"https:\/\/graziamagazine.com\/mx\/articles\/ultimo-takeover-colette-saint-laurent\/#breadcrumb"},"inLanguage":"es-MX","potentialAction":[{"@type":"ReadAction","target":["https:\/\/graziamagazine.com\/mx\/articles\/ultimo-takeover-colette-saint-laurent\/"]}]},{"@type":"BreadcrumbList","@id":"https:\/\/graziamagazine.com\/mx\/articles\/ultimo-takeover-colette-saint-laurent\/#breadcrumb","itemListElement":[{"@type":"ListItem","position":1,"name":"Home","item":"https:\/\/graziamagazine.com\/mx\/"},{"@type":"ListItem","position":2,"name":"El \u00faltimo takeover de Colette lleva el nombre de Saint Laurent"}]},{"@type":"WebSite","@id":"https:\/\/graziamagazine.com\/mx\/#website","url":"https:\/\/graziamagazine.com\/mx\/","name":"Grazia M\u00e9xico y Latinoam\u00e9rica","description":"Grazia es moda, belleza y noticias  de actualidad ","potentialAction":[{"@type":"SearchAction","target":{"@type":"EntryPoint","urlTemplate":"https:\/\/graziamagazine.com\/mx\/?s={search_term_string}"},"query-input":"required name=search_term_string"}],"inLanguage":"es-MX"}]}},"jetpack_sharing_enabled":true,"distributor_meta":false,"distributor_terms":false,"distributor_media":false,"distributor_original_site_name":"Grazia M\u00e9xico y Latinoam\u00e9rica","distributor_original_site_url":"https:\/\/graziamagazine.com\/mx","push-errors":false,"_links":{"self":[{"href":"https:\/\/graziamagazine.com\/mx\/wp-json\/wp\/v2\/articles\/36716"}],"collection":[{"href":"https:\/\/graziamagazine.com\/mx\/wp-json\/wp\/v2\/articles"}],"about":[{"href":"https:\/\/graziamagazine.com\/mx\/wp-json\/wp\/v2\/types\/articles"}],"author":[{"embeddable":true,"href":"https:\/\/graziamagazine.com\/mx\/wp-json\/wp\/v2\/users\/11644"}],"wp:featuredmedia":[{"embeddable":true,"href":"https:\/\/graziamagazine.com\/mx\/wp-json\/wp\/v2\/media\/36726"}],"wp:attachment":[{"href":"https:\/\/graziamagazine.com\/mx\/wp-json\/wp\/v2\/media?parent=36716"}],"wp:term":[{"taxonomy":"category","embeddable":true,"href":"https:\/\/graziamagazine.com\/mx\/wp-json\/wp\/v2\/categories?post=36716"}],"curies":[{"name":"wp","href":"https:\/\/api.w.org\/{rel}","templated":true}]}}