{"id":36269,"date":"2017-11-08T20:27:45","date_gmt":"2017-11-09T02:27:45","guid":{"rendered":"https:\/\/graziamagazine.com\/mx\/?p=36269"},"modified":"2017-11-08T20:29:09","modified_gmt":"2017-11-09T02:29:09","slug":"exposicion-costume-religion-moda","status":"publish","type":"articles","link":"https:\/\/graziamagazine.com\/mx\/articles\/exposicion-costume-religion-moda\/","title":{"rendered":"La exposici\u00f3n del Costume Institute para el pr\u00f3ximo a\u00f1o examinar\u00e1 el impacto de la religi\u00f3n en la moda"},"content":{"rendered":"<p><strong>El tema para la pr\u00f3xima exposici\u00f3n del Costume Institute del Met ya fue confirmado. La religi\u00f3n y la moda se unen esta vez. Seguro no podr\u00e1s esperar al Met Gala.<\/strong><br \/>\n<!--more--><\/p>\n<p><span style=\"font-weight: 400;\">Consagrar la moda es la pr\u00f3xima tarea de <strong>Andrew Bolton<\/strong> y del <strong>Costume Institute del Met<\/strong>. La relaci\u00f3n entre el catolicismo y la moda data desde la era medieval cuando la religi\u00f3n se apoder\u00f3 de territorios. Sin embargo, la exposici\u00f3n se enfocara desde principios del siglo XX hasta la fecha.<\/span><\/p>\n<p><span style=\"font-weight: 400;\">En una incre\u00edble retrospectiva que contar\u00e1 con 150 piezas, incluyendo las vestimentas papales en pr\u00e9stamo del <strong>Vaticano<\/strong>, la exhibici\u00f3n m\u00e1s esperada del a\u00f1o examinar\u00e1 a detalle c\u00f3mo es que la religi\u00f3n impacta el arte de la confecci\u00f3n.<\/span><\/p>\n<p><span style=\"font-weight: 400;\">Bolton encontr\u00f3 un punto de intersecci\u00f3n entre estos dos temas. Y es que el cristianismo ha dado pie a un sin fin de posibilidades en el proceso de inspiraci\u00f3n de diversos dise\u00f1adores. Desde presentar colecciones en Iglesias, hasta emular las siluetas y los sagrados rituales, las referencias han sido manifestadas de forma sorprendente.<\/span><\/p>\n<p><span style=\"font-weight: 400;\">Quiz\u00e1 este sea el punto en donde el tema se abre a discusi\u00f3n para debatir el impacto, no solo en la moda, sino social y cultural. Con ello, la glorificaci\u00f3n se estudiar\u00e1 desde un punto de vista relativo y superficial.<\/span><\/p>\n<p><strong><a href=\"https:\/\/www.metmuseum.org\/exhibitions\/listings\/2018\/heavenly-bodies\" target=\"_blank\" rel=\"noopener\" target=\"_blank\">#MetHeavenlyBodies<\/a><\/strong><\/p>\n<h5><strong><em>*\u201cHeavenly Bodies: Fashion and the Catholic Imagination\u201d abrir\u00e1 las puertas al p\u00fablico a partir del 10 de mayo de 2018 y permanecer\u00e1 hasta el 8 de octubre del 2018 en el Metropolitan Museum of Art de Nueva York.<\/em><\/strong><\/h5>\n","protected":false},"author":11641,"featured_media":36270,"template":"","format":"standard","categories":[4],"acf":[],"yoast_head":"<!-- This site is optimized with the Yoast SEO Premium plugin v18.5 (Yoast SEO v20.4) - https:\/\/yoast.com\/wordpress\/plugins\/seo\/ -->\n<title>La exposici\u00f3n del Costume Institute para el pr\u00f3ximo a\u00f1o examinar\u00e1 el impacto de la religi\u00f3n en la moda | Grazia M\u00e9xico y Latinoam\u00e9rica<\/title>\n<meta name=\"description\" content=\"El tema para la pr\u00f3xima exposici\u00f3n del Costume Institute del Met ya fue confirmado. La religi\u00f3n y la moda se unen. Seguro no podr\u00e1s esperar al Met Gala.\" \/>\n<meta name=\"robots\" content=\"index, follow, max-snippet:-1, max-image-preview:large, max-video-preview:-1\" \/>\n<link rel=\"canonical\" href=\"https:\/\/graziamagazine.com\/mx\/articles\/exposicion-costume-religion-moda\/\" \/>\n<meta property=\"og:locale\" content=\"es_MX\" \/>\n<meta property=\"og:type\" content=\"article\" \/>\n<meta property=\"og:title\" content=\"La exposici\u00f3n del Costume Institute para el pr\u00f3ximo a\u00f1o examinar\u00e1 el impacto de la religi\u00f3n en la moda\" \/>\n<meta property=\"og:description\" content=\"El tema para la pr\u00f3xima exposici\u00f3n del Costume Institute del Met ya fue confirmado. La religi\u00f3n y la moda se unen. Seguro no podr\u00e1s esperar al Met Gala.\" \/>\n<meta property=\"og:url\" content=\"https:\/\/graziamagazine.com\/mx\/articles\/exposicion-costume-religion-moda\/\" \/>\n<meta property=\"og:site_name\" content=\"Grazia M\u00e9xico y Latinoam\u00e9rica\" \/>\n<meta property=\"article:modified_time\" content=\"2017-11-09T02:29:09+00:00\" \/>\n<meta property=\"og:image\" content=\"https:\/\/graziamagazine.com\/mx\/wp-content\/uploads\/sites\/13\/2017\/11\/exposicion-costume-religion-moda-destacada.jpg?fit=798%2C379\" \/>\n\t<meta property=\"og:image:width\" content=\"798\" \/>\n\t<meta property=\"og:image:height\" content=\"379\" \/>\n\t<meta property=\"og:image:type\" content=\"image\/jpeg\" \/>\n<meta name=\"twitter:card\" content=\"summary_large_image\" \/>\n<meta name=\"twitter:label1\" content=\"Est. reading time\" \/>\n\t<meta name=\"twitter:data1\" content=\"1 minuto\" \/>\n<script type=\"application\/ld+json\" class=\"yoast-schema-graph\">{\"@context\":\"https:\/\/schema.org\",\"@graph\":[{\"@type\":\"WebPage\",\"@id\":\"https:\/\/graziamagazine.com\/mx\/articles\/exposicion-costume-religion-moda\/\",\"url\":\"https:\/\/graziamagazine.com\/mx\/articles\/exposicion-costume-religion-moda\/\",\"name\":\"La exposici\u00f3n del Costume Institute para el pr\u00f3ximo a\u00f1o examinar\u00e1 el impacto de la religi\u00f3n en la moda | Grazia M\u00e9xico y Latinoam\u00e9rica\",\"isPartOf\":{\"@id\":\"https:\/\/graziamagazine.com\/mx\/#website\"},\"datePublished\":\"2017-11-09T02:27:45+00:00\",\"dateModified\":\"2017-11-09T02:29:09+00:00\",\"description\":\"El tema para la pr\u00f3xima exposici\u00f3n del Costume Institute del Met ya fue confirmado. La religi\u00f3n y la moda se unen. Seguro no podr\u00e1s esperar al Met Gala.\",\"breadcrumb\":{\"@id\":\"https:\/\/graziamagazine.com\/mx\/articles\/exposicion-costume-religion-moda\/#breadcrumb\"},\"inLanguage\":\"es-MX\",\"potentialAction\":[{\"@type\":\"ReadAction\",\"target\":[\"https:\/\/graziamagazine.com\/mx\/articles\/exposicion-costume-religion-moda\/\"]}]},{\"@type\":\"BreadcrumbList\",\"@id\":\"https:\/\/graziamagazine.com\/mx\/articles\/exposicion-costume-religion-moda\/#breadcrumb\",\"itemListElement\":[{\"@type\":\"ListItem\",\"position\":1,\"name\":\"Home\",\"item\":\"https:\/\/graziamagazine.com\/mx\/\"},{\"@type\":\"ListItem\",\"position\":2,\"name\":\"La exposici\u00f3n del Costume Institute para el pr\u00f3ximo a\u00f1o examinar\u00e1 el impacto de la religi\u00f3n en la moda\"}]},{\"@type\":\"WebSite\",\"@id\":\"https:\/\/graziamagazine.com\/mx\/#website\",\"url\":\"https:\/\/graziamagazine.com\/mx\/\",\"name\":\"Grazia M\u00e9xico y Latinoam\u00e9rica\",\"description\":\"Grazia es moda, belleza y noticias  de actualidad \",\"potentialAction\":[{\"@type\":\"SearchAction\",\"target\":{\"@type\":\"EntryPoint\",\"urlTemplate\":\"https:\/\/graziamagazine.com\/mx\/?s={search_term_string}\"},\"query-input\":\"required name=search_term_string\"}],\"inLanguage\":\"es-MX\"}]}<\/script>\n<!-- \/ Yoast SEO Premium plugin. -->","yoast_head_json":{"title":"La exposici\u00f3n del Costume Institute para el pr\u00f3ximo a\u00f1o examinar\u00e1 el impacto de la religi\u00f3n en la moda | Grazia M\u00e9xico y Latinoam\u00e9rica","description":"El tema para la pr\u00f3xima exposici\u00f3n del Costume Institute del Met ya fue confirmado. La religi\u00f3n y la moda se unen. Seguro no podr\u00e1s esperar al Met Gala.","robots":{"index":"index","follow":"follow","max-snippet":"max-snippet:-1","max-image-preview":"max-image-preview:large","max-video-preview":"max-video-preview:-1"},"canonical":"https:\/\/graziamagazine.com\/mx\/articles\/exposicion-costume-religion-moda\/","og_locale":"es_MX","og_type":"article","og_title":"La exposici\u00f3n del Costume Institute para el pr\u00f3ximo a\u00f1o examinar\u00e1 el impacto de la religi\u00f3n en la moda","og_description":"El tema para la pr\u00f3xima exposici\u00f3n del Costume Institute del Met ya fue confirmado. La religi\u00f3n y la moda se unen. Seguro no podr\u00e1s esperar al Met Gala.","og_url":"https:\/\/graziamagazine.com\/mx\/articles\/exposicion-costume-religion-moda\/","og_site_name":"Grazia M\u00e9xico y Latinoam\u00e9rica","article_modified_time":"2017-11-09T02:29:09+00:00","og_image":[{"width":798,"height":379,"url":"https:\/\/graziamagazine.com\/mx\/wp-content\/uploads\/sites\/13\/2017\/11\/exposicion-costume-religion-moda-destacada.jpg?fit=798%2C379","type":"image\/jpeg"}],"twitter_card":"summary_large_image","twitter_misc":{"Est. reading time":"1 minuto"},"schema":{"@context":"https:\/\/schema.org","@graph":[{"@type":"WebPage","@id":"https:\/\/graziamagazine.com\/mx\/articles\/exposicion-costume-religion-moda\/","url":"https:\/\/graziamagazine.com\/mx\/articles\/exposicion-costume-religion-moda\/","name":"La exposici\u00f3n del Costume Institute para el pr\u00f3ximo a\u00f1o examinar\u00e1 el impacto de la religi\u00f3n en la moda | Grazia M\u00e9xico y Latinoam\u00e9rica","isPartOf":{"@id":"https:\/\/graziamagazine.com\/mx\/#website"},"datePublished":"2017-11-09T02:27:45+00:00","dateModified":"2017-11-09T02:29:09+00:00","description":"El tema para la pr\u00f3xima exposici\u00f3n del Costume Institute del Met ya fue confirmado. La religi\u00f3n y la moda se unen. Seguro no podr\u00e1s esperar al Met Gala.","breadcrumb":{"@id":"https:\/\/graziamagazine.com\/mx\/articles\/exposicion-costume-religion-moda\/#breadcrumb"},"inLanguage":"es-MX","potentialAction":[{"@type":"ReadAction","target":["https:\/\/graziamagazine.com\/mx\/articles\/exposicion-costume-religion-moda\/"]}]},{"@type":"BreadcrumbList","@id":"https:\/\/graziamagazine.com\/mx\/articles\/exposicion-costume-religion-moda\/#breadcrumb","itemListElement":[{"@type":"ListItem","position":1,"name":"Home","item":"https:\/\/graziamagazine.com\/mx\/"},{"@type":"ListItem","position":2,"name":"La exposici\u00f3n del Costume Institute para el pr\u00f3ximo a\u00f1o examinar\u00e1 el impacto de la religi\u00f3n en la moda"}]},{"@type":"WebSite","@id":"https:\/\/graziamagazine.com\/mx\/#website","url":"https:\/\/graziamagazine.com\/mx\/","name":"Grazia M\u00e9xico y Latinoam\u00e9rica","description":"Grazia es moda, belleza y noticias  de actualidad ","potentialAction":[{"@type":"SearchAction","target":{"@type":"EntryPoint","urlTemplate":"https:\/\/graziamagazine.com\/mx\/?s={search_term_string}"},"query-input":"required name=search_term_string"}],"inLanguage":"es-MX"}]}},"jetpack_sharing_enabled":true,"distributor_meta":false,"distributor_terms":false,"distributor_media":false,"distributor_original_site_name":"Grazia M\u00e9xico y Latinoam\u00e9rica","distributor_original_site_url":"https:\/\/graziamagazine.com\/mx","push-errors":false,"_links":{"self":[{"href":"https:\/\/graziamagazine.com\/mx\/wp-json\/wp\/v2\/articles\/36269"}],"collection":[{"href":"https:\/\/graziamagazine.com\/mx\/wp-json\/wp\/v2\/articles"}],"about":[{"href":"https:\/\/graziamagazine.com\/mx\/wp-json\/wp\/v2\/types\/articles"}],"author":[{"embeddable":true,"href":"https:\/\/graziamagazine.com\/mx\/wp-json\/wp\/v2\/users\/11641"}],"wp:featuredmedia":[{"embeddable":true,"href":"https:\/\/graziamagazine.com\/mx\/wp-json\/wp\/v2\/media\/36270"}],"wp:attachment":[{"href":"https:\/\/graziamagazine.com\/mx\/wp-json\/wp\/v2\/media?parent=36269"}],"wp:term":[{"taxonomy":"category","embeddable":true,"href":"https:\/\/graziamagazine.com\/mx\/wp-json\/wp\/v2\/categories?post=36269"}],"curies":[{"name":"wp","href":"https:\/\/api.w.org\/{rel}","templated":true}]}}