{"id":36190,"date":"2017-11-07T16:40:17","date_gmt":"2017-11-07T22:40:17","guid":{"rendered":"https:\/\/graziamagazine.com\/mx\/?p=36190"},"modified":"2017-11-07T16:44:13","modified_gmt":"2017-11-07T22:44:13","slug":"salvatore-ferragamo-celebra-20-aniversario-mexico","status":"publish","type":"articles","link":"https:\/\/graziamagazine.com\/mx\/articles\/salvatore-ferragamo-celebra-20-aniversario-mexico\/","title":{"rendered":"Salvatore Ferragamo celebra su 20 aniversario en M\u00e9xico con un bolso de edici\u00f3n especial"},"content":{"rendered":"<p><b>La firma italiana, Salvatore Ferragamo cumple 20 a\u00f1os en M\u00e9xico y lo celebra con un dise\u00f1o que conjuga el <\/b><b><i>Made in Italy<\/i><\/b><b> y la artesan\u00eda mexicana.<\/b><!--more--><\/p>\n<p><span style=\"font-weight: 400;\">Para<strong> Salvatore Ferragamo<\/strong>, su presencia en <strong>M\u00e9xico<\/strong> significa un lazo importante entre el <\/span><i><span style=\"font-weight: 400;\">Made in Italy<\/span><\/i><span style=\"font-weight: 400;\"> y la artesan\u00eda que distingue al pa\u00eds. Con un bolso de edici\u00f3n especial la firma italiana basada en Florencia conmemora el v\u00ednculo especial entre estas dos naciones resaltando la aut\u00e9ntica tradici\u00f3n artesanal de ambas.<\/span><\/p>\n<p><img decoding=\"async\" class=\"alignnone size-large wp-image-36191\" src=\"https:\/\/graziamagazine.com\/mx\/wp-content\/uploads\/sites\/13\/2017\/11\/salvatore-ferragamo-celebra-20-aniversario-mexico-1-700x467.jpg\" alt=\"salvatore-ferragamo-celebra-20-aniversario-mexico-1\" \/><\/p>\n<p><span style=\"font-weight: 400;\">El protagonista del bolso es sin duda el herraje, pues m\u00e1s all\u00e1 de que sea el sello de Salvatore Ferragamo, el emblem\u00e1tico Gacino fue intervenido por simbolismos prehisp\u00e1nicos que remataron en la figura de Quetzalc\u00f3atl. Como toque final, un \u00c1mbar se sit\u00faa en el coraz\u00f3n del Gacino para empoderar la elegancia de este accesorio.<\/span><\/p>\n<p><img decoding=\"async\" class=\"alignnone size-large wp-image-36192\" src=\"https:\/\/graziamagazine.com\/mx\/wp-content\/uploads\/sites\/13\/2017\/11\/salvatore-ferragamo-celebra-20-aniversario-mexico-2-700x1050.jpg\" alt=\"\" \/><\/p>\n<p><span style=\"font-weight: 400;\">Crear un accesorio con historia y cultura involucr\u00f3 la ayuda de artesanos italianos y mexicanos. El bolso fue ensamblado en Italia, mientras que el ic\u00f3nico herraje fue creado en plata por artesanos de la ciudad de Taxco, Guerrero, bajo la direcci\u00f3n del orfebre <strong>Jos\u00e9 Ezequiel Tapia<\/strong>.<\/span><\/p>\n<p><img decoding=\"async\" class=\"alignnone size-large wp-image-36193\" src=\"https:\/\/graziamagazine.com\/mx\/wp-content\/uploads\/sites\/13\/2017\/11\/salvatore-ferragamo-celebra-20-aniversario-mexico-3-700x467.jpg\" alt=\"salvatore-ferragamo-celebra-20-aniversario-mexico-3\" \/><\/p>\n<p><span style=\"font-weight: 400;\">Existen \u00fanicamente 100 piezas de esta distinguida y opulenta obra de arte, cada una seriada con una placa al interior del bolso. Parte de las ganancias ser\u00e1n donadas a la Fundaci\u00f3n Origen, A.C. para reconstruir talleres y viviendas de artesanos que fueron afectados por los pasados sismos.<\/span><\/p>\n<p><em><span style=\"font-weight: 400;\">*Disponible en <\/span><span style=\"font-weight: 400;\">boutiques<\/span><span style=\"font-weight: 400;\"> Salvatore Ferragamo y en El Palacio de Hierro.<\/span><\/em><\/p>\n<p>&nbsp;<\/p>\n<h5><strong><em>**IM\u00c1GENES: Cortes\u00eda de Salvatore Ferragamo.<\/em><\/strong><\/h5>\n","protected":false},"author":11636,"featured_media":36195,"template":"","format":"standard","categories":[4],"acf":[],"yoast_head":"<!-- This site is optimized with the Yoast SEO Premium plugin v18.5 (Yoast SEO v20.4) - https:\/\/yoast.com\/wordpress\/plugins\/seo\/ -->\n<title>Salvatore Ferragamo celebra su 20 aniversario en M\u00e9xico con un bolso de edici\u00f3n especial | Grazia M\u00e9xico y Latinoam\u00e9rica<\/title>\n<meta name=\"description\" content=\"La firma italiana, Salvatore Ferragamo cumple 20 a\u00f1os en M\u00e9xico y lo celebra con un dise\u00f1o que conjuga el Made in Italy y la artesan\u00eda mexicana.\" \/>\n<meta name=\"robots\" content=\"index, follow, max-snippet:-1, max-image-preview:large, max-video-preview:-1\" \/>\n<link rel=\"canonical\" href=\"https:\/\/graziamagazine.com\/mx\/articles\/salvatore-ferragamo-celebra-20-aniversario-mexico\/\" \/>\n<meta property=\"og:locale\" content=\"es_MX\" \/>\n<meta property=\"og:type\" content=\"article\" \/>\n<meta property=\"og:title\" content=\"Salvatore Ferragamo celebra su 20 aniversario en M\u00e9xico con un bolso de edici\u00f3n especial\" \/>\n<meta property=\"og:description\" content=\"La firma italiana, Salvatore Ferragamo cumple 20 a\u00f1os en M\u00e9xico y lo celebra con un dise\u00f1o que conjuga el Made in Italy y la artesan\u00eda mexicana.\" \/>\n<meta property=\"og:url\" content=\"https:\/\/graziamagazine.com\/mx\/articles\/salvatore-ferragamo-celebra-20-aniversario-mexico\/\" \/>\n<meta property=\"og:site_name\" content=\"Grazia M\u00e9xico y Latinoam\u00e9rica\" \/>\n<meta property=\"article:modified_time\" content=\"2017-11-07T22:44:13+00:00\" \/>\n<meta property=\"og:image\" content=\"https:\/\/graziamagazine.com\/mx\/wp-content\/uploads\/sites\/13\/2017\/11\/salvatore-ferragamo-celebra-20-aniversario-mexico-destacada.jpg?fit=7360%2C4912\" \/>\n\t<meta property=\"og:image:width\" content=\"7360\" \/>\n\t<meta property=\"og:image:height\" content=\"4912\" \/>\n\t<meta property=\"og:image:type\" content=\"image\/jpeg\" \/>\n<meta name=\"twitter:card\" content=\"summary_large_image\" \/>\n<meta name=\"twitter:label1\" content=\"Est. reading time\" \/>\n\t<meta name=\"twitter:data1\" content=\"1 minuto\" \/>\n<script type=\"application\/ld+json\" class=\"yoast-schema-graph\">{\"@context\":\"https:\/\/schema.org\",\"@graph\":[{\"@type\":\"WebPage\",\"@id\":\"https:\/\/graziamagazine.com\/mx\/articles\/salvatore-ferragamo-celebra-20-aniversario-mexico\/\",\"url\":\"https:\/\/graziamagazine.com\/mx\/articles\/salvatore-ferragamo-celebra-20-aniversario-mexico\/\",\"name\":\"Salvatore Ferragamo celebra su 20 aniversario en M\u00e9xico con un bolso de edici\u00f3n especial | Grazia M\u00e9xico y Latinoam\u00e9rica\",\"isPartOf\":{\"@id\":\"https:\/\/graziamagazine.com\/mx\/#website\"},\"datePublished\":\"2017-11-07T22:40:17+00:00\",\"dateModified\":\"2017-11-07T22:44:13+00:00\",\"description\":\"La firma italiana, Salvatore Ferragamo cumple 20 a\u00f1os en M\u00e9xico y lo celebra con un dise\u00f1o que conjuga el Made in Italy y la artesan\u00eda mexicana.\",\"breadcrumb\":{\"@id\":\"https:\/\/graziamagazine.com\/mx\/articles\/salvatore-ferragamo-celebra-20-aniversario-mexico\/#breadcrumb\"},\"inLanguage\":\"es-MX\",\"potentialAction\":[{\"@type\":\"ReadAction\",\"target\":[\"https:\/\/graziamagazine.com\/mx\/articles\/salvatore-ferragamo-celebra-20-aniversario-mexico\/\"]}]},{\"@type\":\"BreadcrumbList\",\"@id\":\"https:\/\/graziamagazine.com\/mx\/articles\/salvatore-ferragamo-celebra-20-aniversario-mexico\/#breadcrumb\",\"itemListElement\":[{\"@type\":\"ListItem\",\"position\":1,\"name\":\"Home\",\"item\":\"https:\/\/graziamagazine.com\/mx\/\"},{\"@type\":\"ListItem\",\"position\":2,\"name\":\"Salvatore Ferragamo celebra su 20 aniversario en M\u00e9xico con un bolso de edici\u00f3n especial\"}]},{\"@type\":\"WebSite\",\"@id\":\"https:\/\/graziamagazine.com\/mx\/#website\",\"url\":\"https:\/\/graziamagazine.com\/mx\/\",\"name\":\"Grazia M\u00e9xico y Latinoam\u00e9rica\",\"description\":\"Grazia es moda, belleza y noticias  de actualidad \",\"potentialAction\":[{\"@type\":\"SearchAction\",\"target\":{\"@type\":\"EntryPoint\",\"urlTemplate\":\"https:\/\/graziamagazine.com\/mx\/?s={search_term_string}\"},\"query-input\":\"required name=search_term_string\"}],\"inLanguage\":\"es-MX\"}]}<\/script>\n<!-- \/ Yoast SEO Premium plugin. -->","yoast_head_json":{"title":"Salvatore Ferragamo celebra su 20 aniversario en M\u00e9xico con un bolso de edici\u00f3n especial | Grazia M\u00e9xico y Latinoam\u00e9rica","description":"La firma italiana, Salvatore Ferragamo cumple 20 a\u00f1os en M\u00e9xico y lo celebra con un dise\u00f1o que conjuga el Made in Italy y la artesan\u00eda mexicana.","robots":{"index":"index","follow":"follow","max-snippet":"max-snippet:-1","max-image-preview":"max-image-preview:large","max-video-preview":"max-video-preview:-1"},"canonical":"https:\/\/graziamagazine.com\/mx\/articles\/salvatore-ferragamo-celebra-20-aniversario-mexico\/","og_locale":"es_MX","og_type":"article","og_title":"Salvatore Ferragamo celebra su 20 aniversario en M\u00e9xico con un bolso de edici\u00f3n especial","og_description":"La firma italiana, Salvatore Ferragamo cumple 20 a\u00f1os en M\u00e9xico y lo celebra con un dise\u00f1o que conjuga el Made in Italy y la artesan\u00eda mexicana.","og_url":"https:\/\/graziamagazine.com\/mx\/articles\/salvatore-ferragamo-celebra-20-aniversario-mexico\/","og_site_name":"Grazia M\u00e9xico y Latinoam\u00e9rica","article_modified_time":"2017-11-07T22:44:13+00:00","og_image":[{"width":7360,"height":4912,"url":"https:\/\/graziamagazine.com\/mx\/wp-content\/uploads\/sites\/13\/2017\/11\/salvatore-ferragamo-celebra-20-aniversario-mexico-destacada.jpg?fit=7360%2C4912","type":"image\/jpeg"}],"twitter_card":"summary_large_image","twitter_misc":{"Est. reading time":"1 minuto"},"schema":{"@context":"https:\/\/schema.org","@graph":[{"@type":"WebPage","@id":"https:\/\/graziamagazine.com\/mx\/articles\/salvatore-ferragamo-celebra-20-aniversario-mexico\/","url":"https:\/\/graziamagazine.com\/mx\/articles\/salvatore-ferragamo-celebra-20-aniversario-mexico\/","name":"Salvatore Ferragamo celebra su 20 aniversario en M\u00e9xico con un bolso de edici\u00f3n especial | Grazia M\u00e9xico y Latinoam\u00e9rica","isPartOf":{"@id":"https:\/\/graziamagazine.com\/mx\/#website"},"datePublished":"2017-11-07T22:40:17+00:00","dateModified":"2017-11-07T22:44:13+00:00","description":"La firma italiana, Salvatore Ferragamo cumple 20 a\u00f1os en M\u00e9xico y lo celebra con un dise\u00f1o que conjuga el Made in Italy y la artesan\u00eda mexicana.","breadcrumb":{"@id":"https:\/\/graziamagazine.com\/mx\/articles\/salvatore-ferragamo-celebra-20-aniversario-mexico\/#breadcrumb"},"inLanguage":"es-MX","potentialAction":[{"@type":"ReadAction","target":["https:\/\/graziamagazine.com\/mx\/articles\/salvatore-ferragamo-celebra-20-aniversario-mexico\/"]}]},{"@type":"BreadcrumbList","@id":"https:\/\/graziamagazine.com\/mx\/articles\/salvatore-ferragamo-celebra-20-aniversario-mexico\/#breadcrumb","itemListElement":[{"@type":"ListItem","position":1,"name":"Home","item":"https:\/\/graziamagazine.com\/mx\/"},{"@type":"ListItem","position":2,"name":"Salvatore Ferragamo celebra su 20 aniversario en M\u00e9xico con un bolso de edici\u00f3n especial"}]},{"@type":"WebSite","@id":"https:\/\/graziamagazine.com\/mx\/#website","url":"https:\/\/graziamagazine.com\/mx\/","name":"Grazia M\u00e9xico y Latinoam\u00e9rica","description":"Grazia es moda, belleza y noticias  de actualidad ","potentialAction":[{"@type":"SearchAction","target":{"@type":"EntryPoint","urlTemplate":"https:\/\/graziamagazine.com\/mx\/?s={search_term_string}"},"query-input":"required name=search_term_string"}],"inLanguage":"es-MX"}]}},"jetpack_sharing_enabled":true,"distributor_meta":false,"distributor_terms":false,"distributor_media":false,"distributor_original_site_name":"Grazia M\u00e9xico y Latinoam\u00e9rica","distributor_original_site_url":"https:\/\/graziamagazine.com\/mx","push-errors":false,"_links":{"self":[{"href":"https:\/\/graziamagazine.com\/mx\/wp-json\/wp\/v2\/articles\/36190"}],"collection":[{"href":"https:\/\/graziamagazine.com\/mx\/wp-json\/wp\/v2\/articles"}],"about":[{"href":"https:\/\/graziamagazine.com\/mx\/wp-json\/wp\/v2\/types\/articles"}],"author":[{"embeddable":true,"href":"https:\/\/graziamagazine.com\/mx\/wp-json\/wp\/v2\/users\/11636"}],"wp:featuredmedia":[{"embeddable":true,"href":"https:\/\/graziamagazine.com\/mx\/wp-json\/wp\/v2\/media\/36195"}],"wp:attachment":[{"href":"https:\/\/graziamagazine.com\/mx\/wp-json\/wp\/v2\/media?parent=36190"}],"wp:term":[{"taxonomy":"category","embeddable":true,"href":"https:\/\/graziamagazine.com\/mx\/wp-json\/wp\/v2\/categories?post=36190"}],"curies":[{"name":"wp","href":"https:\/\/api.w.org\/{rel}","templated":true}]}}