{"id":35960,"date":"2017-11-03T13:38:56","date_gmt":"2017-11-03T19:38:56","guid":{"rendered":"https:\/\/graziamagazine.com\/mx\/?p=35960"},"modified":"2017-11-03T13:47:10","modified_gmt":"2017-11-03T19:47:10","slug":"dolce-gabbana-se-apodera-harrods","status":"publish","type":"articles","link":"https:\/\/graziamagazine.com\/mx\/articles\/dolce-gabbana-se-apodera-harrods\/","title":{"rendered":"Dolce &#038; Gabbana se apodera de Harrods en una colaboraci\u00f3n especial para las fiestas navide\u00f1as"},"content":{"rendered":"<p><b>La firma italiana liderada por Domenico Dolce y Stefano Gabbana hace un <i>takeover<\/i> especial en la tienda departamental londinense, Harrods, para las celebraciones navide\u00f1as.<\/b><!--more--><\/p>\n<p>Italia se apodera de Londres a trav\u00e9s de <strong>Dolce &amp; Gabbana<\/strong> y <strong>Harrods<\/strong>. La firma que ha resaltado su herencia italiana desde su concepci\u00f3n transporta sus tradicionales dise\u00f1os al mundo de fantas\u00eda que crea la \u00e9poca decembrina.<\/p>\n<p>El <i>takeover<\/i> es una celebraci\u00f3n especial pues Dolce &amp; Gabbana estuvo a cargo de la decoraci\u00f3n que inunda A la tienda departamental. Adem\u00e1s la firma vuelve a sus ra\u00edces sicilianas con una colecci\u00f3n c\u00e1psula\u00a0<i>ready-to-wear<\/i> creada exclusivamente para la temporada y Harrods.<\/p>\n<p>La fantas\u00eda comienza a las afueras de la reconocida tienda departamental con un \u00e1rbol navide\u00f1o dise\u00f1ado por el d\u00fao creativo. Asimismo los <i>window displays<\/i> destapan el esp\u00edritu navide\u00f1o en m\u00faltiples escenas inspiradas en el teatro de marionetas de Sicilia.<\/p>\n<p><img decoding=\"async\" class=\"alignnone size-large wp-image-35962\" src=\"https:\/\/graziamagazine.com\/mx\/wp-content\/uploads\/sites\/13\/2017\/11\/dolce-gabbana-se-apodera-harrods-3-700x467.jpg\" alt=\"dolce-gabbana-se-apodera-harrods-3\" \/><\/p>\n<p>Al interior de la tienda la magia se apoderar\u00e1 de ti a partir del primer piso con una <i>pop-up store<\/i>, mientras que en el cuarto piso podr\u00e1s disfrutar de un mercado tradicional italiano con <em>souvenirs<\/em>\u00a0muy <em>millennials<\/em>\u00a0de la firma.<\/p>\n<p>Y por si fuera poco, un pintor estar\u00e1 presente para que puedas personalizar tu <i>Sicily Bag<\/i> con obras de arte espectaculares.<\/p>\n<p>Si tus vacaciones involucran Londres, no puedes perderte este grandioso <i>takeover<\/i> que estamos seguras te encantar\u00e1.<\/p>\n<p><img decoding=\"async\" class=\"alignnone size-large wp-image-35963\" src=\"https:\/\/graziamagazine.com\/mx\/wp-content\/uploads\/sites\/13\/2017\/11\/dolce-gabbana-se-apodera-harrods-4-700x467.jpg\" alt=\"dolce-gabbana-se-apodera-harrods-4\" \/><\/p>\n<p>&nbsp;<\/p>\n<h5><em>*IM\u00c1GENES: Cortes\u00eda de Dolce &amp; Gabbana<\/em><\/h5>\n","protected":false},"author":11636,"featured_media":35966,"template":"","format":"standard","categories":[114],"acf":[],"yoast_head":"<!-- This site is optimized with the Yoast SEO Premium plugin v18.5 (Yoast SEO v20.4) - https:\/\/yoast.com\/wordpress\/plugins\/seo\/ -->\n<title>Dolce &amp; Gabbana se apodera de Harrods en una colaboraci\u00f3n especial para las fiestas navide\u00f1as | Grazia M\u00e9xico y Latinoam\u00e9rica<\/title>\n<meta name=\"description\" content=\"La firma italiana Dolce &amp; Gabbana, liderada por Domenico Dolce y Stefano Gabbana, hace un takeover especial en Harrods para las celebraciones navide\u00f1as.\" \/>\n<meta name=\"robots\" content=\"index, follow, max-snippet:-1, max-image-preview:large, max-video-preview:-1\" \/>\n<link rel=\"canonical\" href=\"https:\/\/graziamagazine.com\/mx\/articles\/dolce-gabbana-se-apodera-harrods\/\" \/>\n<meta property=\"og:locale\" content=\"es_MX\" \/>\n<meta property=\"og:type\" content=\"article\" \/>\n<meta property=\"og:title\" content=\"Dolce &amp; Gabbana se apodera de Harrods en una colaboraci\u00f3n especial para las fiestas navide\u00f1as\" \/>\n<meta property=\"og:description\" content=\"La firma italiana Dolce &amp; Gabbana, liderada por Domenico Dolce y Stefano Gabbana, hace un takeover especial en Harrods para las celebraciones navide\u00f1as.\" \/>\n<meta property=\"og:url\" content=\"https:\/\/graziamagazine.com\/mx\/articles\/dolce-gabbana-se-apodera-harrods\/\" \/>\n<meta property=\"og:site_name\" content=\"Grazia M\u00e9xico y Latinoam\u00e9rica\" \/>\n<meta property=\"article:modified_time\" content=\"2017-11-03T19:47:10+00:00\" \/>\n<meta property=\"og:image\" content=\"https:\/\/graziamagazine.com\/mx\/wp-content\/uploads\/sites\/13\/2017\/11\/dolce-gabbana-se-apodera-harrods-destacada-1.jpg?fit=8256%2C5504\" \/>\n\t<meta property=\"og:image:width\" content=\"8256\" \/>\n\t<meta property=\"og:image:height\" content=\"5504\" \/>\n\t<meta property=\"og:image:type\" content=\"image\/jpeg\" \/>\n<meta name=\"twitter:card\" content=\"summary_large_image\" \/>\n<meta name=\"twitter:label1\" content=\"Est. reading time\" \/>\n\t<meta name=\"twitter:data1\" content=\"1 minuto\" \/>\n<script type=\"application\/ld+json\" class=\"yoast-schema-graph\">{\"@context\":\"https:\/\/schema.org\",\"@graph\":[{\"@type\":\"WebPage\",\"@id\":\"https:\/\/graziamagazine.com\/mx\/articles\/dolce-gabbana-se-apodera-harrods\/\",\"url\":\"https:\/\/graziamagazine.com\/mx\/articles\/dolce-gabbana-se-apodera-harrods\/\",\"name\":\"Dolce & Gabbana se apodera de Harrods en una colaboraci\u00f3n especial para las fiestas navide\u00f1as | Grazia M\u00e9xico y Latinoam\u00e9rica\",\"isPartOf\":{\"@id\":\"https:\/\/graziamagazine.com\/mx\/#website\"},\"datePublished\":\"2017-11-03T19:38:56+00:00\",\"dateModified\":\"2017-11-03T19:47:10+00:00\",\"description\":\"La firma italiana Dolce & Gabbana, liderada por Domenico Dolce y Stefano Gabbana, hace un takeover especial en Harrods para las celebraciones navide\u00f1as.\",\"breadcrumb\":{\"@id\":\"https:\/\/graziamagazine.com\/mx\/articles\/dolce-gabbana-se-apodera-harrods\/#breadcrumb\"},\"inLanguage\":\"es-MX\",\"potentialAction\":[{\"@type\":\"ReadAction\",\"target\":[\"https:\/\/graziamagazine.com\/mx\/articles\/dolce-gabbana-se-apodera-harrods\/\"]}]},{\"@type\":\"BreadcrumbList\",\"@id\":\"https:\/\/graziamagazine.com\/mx\/articles\/dolce-gabbana-se-apodera-harrods\/#breadcrumb\",\"itemListElement\":[{\"@type\":\"ListItem\",\"position\":1,\"name\":\"Home\",\"item\":\"https:\/\/graziamagazine.com\/mx\/\"},{\"@type\":\"ListItem\",\"position\":2,\"name\":\"Dolce &#038; Gabbana se apodera de Harrods en una colaboraci\u00f3n especial para las fiestas navide\u00f1as\"}]},{\"@type\":\"WebSite\",\"@id\":\"https:\/\/graziamagazine.com\/mx\/#website\",\"url\":\"https:\/\/graziamagazine.com\/mx\/\",\"name\":\"Grazia M\u00e9xico y Latinoam\u00e9rica\",\"description\":\"Grazia es moda, belleza y noticias  de actualidad \",\"potentialAction\":[{\"@type\":\"SearchAction\",\"target\":{\"@type\":\"EntryPoint\",\"urlTemplate\":\"https:\/\/graziamagazine.com\/mx\/?s={search_term_string}\"},\"query-input\":\"required name=search_term_string\"}],\"inLanguage\":\"es-MX\"}]}<\/script>\n<!-- \/ Yoast SEO Premium plugin. -->","yoast_head_json":{"title":"Dolce & Gabbana se apodera de Harrods en una colaboraci\u00f3n especial para las fiestas navide\u00f1as | Grazia M\u00e9xico y Latinoam\u00e9rica","description":"La firma italiana Dolce & Gabbana, liderada por Domenico Dolce y Stefano Gabbana, hace un takeover especial en Harrods para las celebraciones navide\u00f1as.","robots":{"index":"index","follow":"follow","max-snippet":"max-snippet:-1","max-image-preview":"max-image-preview:large","max-video-preview":"max-video-preview:-1"},"canonical":"https:\/\/graziamagazine.com\/mx\/articles\/dolce-gabbana-se-apodera-harrods\/","og_locale":"es_MX","og_type":"article","og_title":"Dolce & Gabbana se apodera de Harrods en una colaboraci\u00f3n especial para las fiestas navide\u00f1as","og_description":"La firma italiana Dolce & Gabbana, liderada por Domenico Dolce y Stefano Gabbana, hace un takeover especial en Harrods para las celebraciones navide\u00f1as.","og_url":"https:\/\/graziamagazine.com\/mx\/articles\/dolce-gabbana-se-apodera-harrods\/","og_site_name":"Grazia M\u00e9xico y Latinoam\u00e9rica","article_modified_time":"2017-11-03T19:47:10+00:00","og_image":[{"width":8256,"height":5504,"url":"https:\/\/graziamagazine.com\/mx\/wp-content\/uploads\/sites\/13\/2017\/11\/dolce-gabbana-se-apodera-harrods-destacada-1.jpg?fit=8256%2C5504","type":"image\/jpeg"}],"twitter_card":"summary_large_image","twitter_misc":{"Est. reading time":"1 minuto"},"schema":{"@context":"https:\/\/schema.org","@graph":[{"@type":"WebPage","@id":"https:\/\/graziamagazine.com\/mx\/articles\/dolce-gabbana-se-apodera-harrods\/","url":"https:\/\/graziamagazine.com\/mx\/articles\/dolce-gabbana-se-apodera-harrods\/","name":"Dolce & Gabbana se apodera de Harrods en una colaboraci\u00f3n especial para las fiestas navide\u00f1as | Grazia M\u00e9xico y Latinoam\u00e9rica","isPartOf":{"@id":"https:\/\/graziamagazine.com\/mx\/#website"},"datePublished":"2017-11-03T19:38:56+00:00","dateModified":"2017-11-03T19:47:10+00:00","description":"La firma italiana Dolce & Gabbana, liderada por Domenico Dolce y Stefano Gabbana, hace un takeover especial en Harrods para las celebraciones navide\u00f1as.","breadcrumb":{"@id":"https:\/\/graziamagazine.com\/mx\/articles\/dolce-gabbana-se-apodera-harrods\/#breadcrumb"},"inLanguage":"es-MX","potentialAction":[{"@type":"ReadAction","target":["https:\/\/graziamagazine.com\/mx\/articles\/dolce-gabbana-se-apodera-harrods\/"]}]},{"@type":"BreadcrumbList","@id":"https:\/\/graziamagazine.com\/mx\/articles\/dolce-gabbana-se-apodera-harrods\/#breadcrumb","itemListElement":[{"@type":"ListItem","position":1,"name":"Home","item":"https:\/\/graziamagazine.com\/mx\/"},{"@type":"ListItem","position":2,"name":"Dolce &#038; Gabbana se apodera de Harrods en una colaboraci\u00f3n especial para las fiestas navide\u00f1as"}]},{"@type":"WebSite","@id":"https:\/\/graziamagazine.com\/mx\/#website","url":"https:\/\/graziamagazine.com\/mx\/","name":"Grazia M\u00e9xico y Latinoam\u00e9rica","description":"Grazia es moda, belleza y noticias  de actualidad ","potentialAction":[{"@type":"SearchAction","target":{"@type":"EntryPoint","urlTemplate":"https:\/\/graziamagazine.com\/mx\/?s={search_term_string}"},"query-input":"required name=search_term_string"}],"inLanguage":"es-MX"}]}},"jetpack_sharing_enabled":true,"distributor_meta":false,"distributor_terms":false,"distributor_media":false,"distributor_original_site_name":"Grazia M\u00e9xico y Latinoam\u00e9rica","distributor_original_site_url":"https:\/\/graziamagazine.com\/mx","push-errors":false,"_links":{"self":[{"href":"https:\/\/graziamagazine.com\/mx\/wp-json\/wp\/v2\/articles\/35960"}],"collection":[{"href":"https:\/\/graziamagazine.com\/mx\/wp-json\/wp\/v2\/articles"}],"about":[{"href":"https:\/\/graziamagazine.com\/mx\/wp-json\/wp\/v2\/types\/articles"}],"author":[{"embeddable":true,"href":"https:\/\/graziamagazine.com\/mx\/wp-json\/wp\/v2\/users\/11636"}],"wp:featuredmedia":[{"embeddable":true,"href":"https:\/\/graziamagazine.com\/mx\/wp-json\/wp\/v2\/media\/35966"}],"wp:attachment":[{"href":"https:\/\/graziamagazine.com\/mx\/wp-json\/wp\/v2\/media?parent=35960"}],"wp:term":[{"taxonomy":"category","embeddable":true,"href":"https:\/\/graziamagazine.com\/mx\/wp-json\/wp\/v2\/categories?post=35960"}],"curies":[{"name":"wp","href":"https:\/\/api.w.org\/{rel}","templated":true}]}}