{"id":35531,"date":"2017-11-06T14:21:38","date_gmt":"2017-11-06T20:21:38","guid":{"rendered":"https:\/\/graziamagazine.com\/mx\/?p=35531"},"modified":"2020-01-16T15:06:22","modified_gmt":"2020-01-16T20:06:22","slug":"colette-cierra-broche-chanel","status":"publish","type":"articles","link":"https:\/\/graziamagazine.com\/mx\/articles\/colette-cierra-broche-chanel\/","title":{"rendered":"Colette cierra con broche de\u2026 Chanel"},"content":{"rendered":"<p><strong>Una combinaci\u00f3n de sentimientos es lo que nos da el cierre de Colette, tal vez la primera <em>concept store<\/em> del planeta, y es que adem\u00e1s de la obvia tristeza, Chanel tiene mucho que ver con una fugaz alegr\u00eda para todos los <em>fashion addicts<\/em>.<\/strong><!--more--><\/p>\n<p>Del <strong>30 de octubre al 25 de noviembre de 2017<\/strong>, <strong>Colette vivir\u00e1 al ritmo de CHANEL<\/strong>, <em>maison<\/em> que tomar\u00e1 todo el primer piso de la tienda para usarlo como escenario de su muy particular universo.<\/p>\n<p>Las siluetas de la colecci\u00f3n <strong>FW17<\/strong> se presentar\u00e1n a partir del 30 de octubre y pronto se unir\u00e1 la colecci\u00f3n <strong>Resort 18<\/strong> que comenzar\u00e1 el 6 de noviembre. Nuevos productos de edici\u00f3n limitada tambi\u00e9n estar\u00e1n disponibles durante todo noviembre: playeras creadas por <strong>Karl Lagerfeld<\/strong>, una compilaci\u00f3n de m\u00fasica hecha por <strong>Michel Gaubert<\/strong> y al final del evento, <strong>Adidas Originals = PHARRELL WILLIAMS Hu NMD<\/strong> personalizado por Pharrell Williams especialmente para CHANEL en Colette.<\/p>\n<p>No podr\u00e1s perderte el <strong>3.55<\/strong> \u2014<strong>el podcast de CHANEL en Colette<\/strong>\u2014, donde la periodista <strong>Daphn\u00e9 H\u00e9zard<\/strong> dar\u00e1 la bienvenida a amigos de la marca entre quienes se encuentran celebridades del mundo del cine, literatura, m\u00fasica y danza, todos los martes y jueves.<\/p>\n<p>Al combinar moda, belleza y m\u00fasica, CHANEL en Colette firma una combinaci\u00f3n creativa y moderna, que te har\u00e1 vivir la marca, literalmente.<\/p>\n<p>Todas las ganancias de esta acci\u00f3n en Colette ser\u00e1n donadas a organizaciones de caridad respaldadas por la <strong>Fundaci\u00f3n CHANEL<\/strong>. As\u00ed que moda, diversi\u00f3n y ayuda nunca tuvieron una mejor despedida, <strong><em>\u00e0 bient\u00f4t<\/em> Colette<\/strong>.<\/p>\n<p>Te dejamos la cartelera completa y un\u00a0<em>sneak peek<\/em> del <em>takeover<\/em> especial.<\/p>\n<p><img loading=\"lazy\" decoding=\"async\" class=\"alignnone wp-image-36114 size-large\" title=\"Colette cierra con broche de\u2026 Chanel\" src=\"https:\/\/graziamagazine.com\/mx\/wp-content\/uploads\/sites\/13\/2017\/10\/colette-cierra-broche-chanel-cartelera-700x394.jpg\" alt=\"Colette cierra con broche de\u2026 Chanel\" width=\"700\" height=\"394\" \/><\/p>\n<p><img loading=\"lazy\" decoding=\"async\" class=\"alignnone wp-image-36115 size-large\" title=\"Colette cierra con broche de\u2026 Chanel\" src=\"https:\/\/graziamagazine.com\/mx\/wp-content\/uploads\/sites\/13\/2017\/10\/colette-cierra-broche-chanel-1-700x467.jpg\" alt=\"Colette cierra con broche de\u2026 Chanel\" width=\"700\" height=\"467\" \/><\/p>\n<p><img loading=\"lazy\" decoding=\"async\" class=\"alignnone wp-image-36116 size-large\" title=\"Colette cierra con broche de\u2026 Chanel\" src=\"https:\/\/graziamagazine.com\/mx\/wp-content\/uploads\/sites\/13\/2017\/10\/colette-cierra-broche-chanel-2-700x467.jpg\" alt=\"Colette cierra con broche de\u2026 Chanel\" width=\"700\" height=\"467\" \/><\/p>\n<p><img loading=\"lazy\" decoding=\"async\" class=\"alignnone wp-image-36117 size-large\" title=\"Colette cierra con broche de\u2026 Chanel\" src=\"https:\/\/graziamagazine.com\/mx\/wp-content\/uploads\/sites\/13\/2017\/10\/colette-cierra-broche-chanel-3-700x467.jpg\" alt=\"Colette cierra con broche de\u2026 Chanel\" width=\"700\" height=\"467\" \/><\/p>\n<p>&nbsp;<\/p>\n<h5><strong><em>*IM\u00c1GENES: Cortes\u00eda de Chanel.<\/em><\/strong><\/h5>\n","protected":false},"author":11655,"featured_media":35532,"template":"","format":"standard","categories":[114],"acf":[],"yoast_head":"<!-- This site is optimized with the Yoast SEO Premium plugin v18.5 (Yoast SEO v20.4) - https:\/\/yoast.com\/wordpress\/plugins\/seo\/ -->\n<title>Colette cierra con broche de\u2026 Chanel | Grazia M\u00e9xico y Latinoam\u00e9rica<\/title>\n<meta name=\"description\" content=\"Una combinaci\u00f3n de sentimientos es lo que nos da el cierre de Colette. Chanel tiene mucho que ver con una fugaz alegr\u00eda para todos los fashion addicts.\" \/>\n<meta name=\"robots\" content=\"index, follow, max-snippet:-1, max-image-preview:large, max-video-preview:-1\" \/>\n<link rel=\"canonical\" href=\"https:\/\/graziamagazine.com\/mx\/articles\/colette-cierra-broche-chanel\/\" \/>\n<meta property=\"og:locale\" content=\"es_MX\" \/>\n<meta property=\"og:type\" content=\"article\" \/>\n<meta property=\"og:title\" content=\"Colette cierra con broche de\u2026 Chanel\" \/>\n<meta property=\"og:description\" content=\"Una combinaci\u00f3n de sentimientos es lo que nos da el cierre de Colette. Chanel tiene mucho que ver con una fugaz alegr\u00eda para todos los fashion addicts.\" \/>\n<meta property=\"og:url\" content=\"https:\/\/graziamagazine.com\/mx\/articles\/colette-cierra-broche-chanel\/\" \/>\n<meta property=\"og:site_name\" content=\"Grazia M\u00e9xico y Latinoam\u00e9rica\" \/>\n<meta property=\"article:modified_time\" content=\"2020-01-16T20:06:22+00:00\" \/>\n<meta property=\"og:image\" content=\"https:\/\/graziamagazine.com\/mx\/wp-content\/uploads\/sites\/13\/2017\/10\/COLETTE-CHANEL-DESTACADA-e1579205162427.jpg?fit=1000%2C1415\" \/>\n\t<meta property=\"og:image:width\" content=\"1000\" \/>\n\t<meta property=\"og:image:height\" content=\"1415\" \/>\n\t<meta property=\"og:image:type\" content=\"image\/jpeg\" \/>\n<meta name=\"twitter:card\" content=\"summary_large_image\" \/>\n<meta name=\"twitter:label1\" content=\"Est. reading time\" \/>\n\t<meta name=\"twitter:data1\" content=\"1 minuto\" \/>\n<script type=\"application\/ld+json\" class=\"yoast-schema-graph\">{\"@context\":\"https:\/\/schema.org\",\"@graph\":[{\"@type\":\"WebPage\",\"@id\":\"https:\/\/graziamagazine.com\/mx\/articles\/colette-cierra-broche-chanel\/\",\"url\":\"https:\/\/graziamagazine.com\/mx\/articles\/colette-cierra-broche-chanel\/\",\"name\":\"Colette cierra con broche de\u2026 Chanel | Grazia M\u00e9xico y Latinoam\u00e9rica\",\"isPartOf\":{\"@id\":\"https:\/\/graziamagazine.com\/mx\/#website\"},\"datePublished\":\"2017-11-06T20:21:38+00:00\",\"dateModified\":\"2020-01-16T20:06:22+00:00\",\"description\":\"Una combinaci\u00f3n de sentimientos es lo que nos da el cierre de Colette. Chanel tiene mucho que ver con una fugaz alegr\u00eda para todos los fashion addicts.\",\"breadcrumb\":{\"@id\":\"https:\/\/graziamagazine.com\/mx\/articles\/colette-cierra-broche-chanel\/#breadcrumb\"},\"inLanguage\":\"es-MX\",\"potentialAction\":[{\"@type\":\"ReadAction\",\"target\":[\"https:\/\/graziamagazine.com\/mx\/articles\/colette-cierra-broche-chanel\/\"]}]},{\"@type\":\"BreadcrumbList\",\"@id\":\"https:\/\/graziamagazine.com\/mx\/articles\/colette-cierra-broche-chanel\/#breadcrumb\",\"itemListElement\":[{\"@type\":\"ListItem\",\"position\":1,\"name\":\"Home\",\"item\":\"https:\/\/graziamagazine.com\/mx\/\"},{\"@type\":\"ListItem\",\"position\":2,\"name\":\"Colette cierra con broche de\u2026 Chanel\"}]},{\"@type\":\"WebSite\",\"@id\":\"https:\/\/graziamagazine.com\/mx\/#website\",\"url\":\"https:\/\/graziamagazine.com\/mx\/\",\"name\":\"Grazia M\u00e9xico y Latinoam\u00e9rica\",\"description\":\"Grazia es moda, belleza y noticias  de actualidad \",\"potentialAction\":[{\"@type\":\"SearchAction\",\"target\":{\"@type\":\"EntryPoint\",\"urlTemplate\":\"https:\/\/graziamagazine.com\/mx\/?s={search_term_string}\"},\"query-input\":\"required name=search_term_string\"}],\"inLanguage\":\"es-MX\"}]}<\/script>\n<!-- \/ Yoast SEO Premium plugin. -->","yoast_head_json":{"title":"Colette cierra con broche de\u2026 Chanel | Grazia M\u00e9xico y Latinoam\u00e9rica","description":"Una combinaci\u00f3n de sentimientos es lo que nos da el cierre de Colette. Chanel tiene mucho que ver con una fugaz alegr\u00eda para todos los fashion addicts.","robots":{"index":"index","follow":"follow","max-snippet":"max-snippet:-1","max-image-preview":"max-image-preview:large","max-video-preview":"max-video-preview:-1"},"canonical":"https:\/\/graziamagazine.com\/mx\/articles\/colette-cierra-broche-chanel\/","og_locale":"es_MX","og_type":"article","og_title":"Colette cierra con broche de\u2026 Chanel","og_description":"Una combinaci\u00f3n de sentimientos es lo que nos da el cierre de Colette. Chanel tiene mucho que ver con una fugaz alegr\u00eda para todos los fashion addicts.","og_url":"https:\/\/graziamagazine.com\/mx\/articles\/colette-cierra-broche-chanel\/","og_site_name":"Grazia M\u00e9xico y Latinoam\u00e9rica","article_modified_time":"2020-01-16T20:06:22+00:00","og_image":[{"width":1000,"height":1415,"url":"https:\/\/graziamagazine.com\/mx\/wp-content\/uploads\/sites\/13\/2017\/10\/COLETTE-CHANEL-DESTACADA-e1579205162427.jpg?fit=1000%2C1415","type":"image\/jpeg"}],"twitter_card":"summary_large_image","twitter_misc":{"Est. reading time":"1 minuto"},"schema":{"@context":"https:\/\/schema.org","@graph":[{"@type":"WebPage","@id":"https:\/\/graziamagazine.com\/mx\/articles\/colette-cierra-broche-chanel\/","url":"https:\/\/graziamagazine.com\/mx\/articles\/colette-cierra-broche-chanel\/","name":"Colette cierra con broche de\u2026 Chanel | Grazia M\u00e9xico y Latinoam\u00e9rica","isPartOf":{"@id":"https:\/\/graziamagazine.com\/mx\/#website"},"datePublished":"2017-11-06T20:21:38+00:00","dateModified":"2020-01-16T20:06:22+00:00","description":"Una combinaci\u00f3n de sentimientos es lo que nos da el cierre de Colette. Chanel tiene mucho que ver con una fugaz alegr\u00eda para todos los fashion addicts.","breadcrumb":{"@id":"https:\/\/graziamagazine.com\/mx\/articles\/colette-cierra-broche-chanel\/#breadcrumb"},"inLanguage":"es-MX","potentialAction":[{"@type":"ReadAction","target":["https:\/\/graziamagazine.com\/mx\/articles\/colette-cierra-broche-chanel\/"]}]},{"@type":"BreadcrumbList","@id":"https:\/\/graziamagazine.com\/mx\/articles\/colette-cierra-broche-chanel\/#breadcrumb","itemListElement":[{"@type":"ListItem","position":1,"name":"Home","item":"https:\/\/graziamagazine.com\/mx\/"},{"@type":"ListItem","position":2,"name":"Colette cierra con broche de\u2026 Chanel"}]},{"@type":"WebSite","@id":"https:\/\/graziamagazine.com\/mx\/#website","url":"https:\/\/graziamagazine.com\/mx\/","name":"Grazia M\u00e9xico y Latinoam\u00e9rica","description":"Grazia es moda, belleza y noticias  de actualidad ","potentialAction":[{"@type":"SearchAction","target":{"@type":"EntryPoint","urlTemplate":"https:\/\/graziamagazine.com\/mx\/?s={search_term_string}"},"query-input":"required name=search_term_string"}],"inLanguage":"es-MX"}]}},"jetpack_sharing_enabled":true,"distributor_meta":false,"distributor_terms":false,"distributor_media":false,"distributor_original_site_name":"Grazia M\u00e9xico y Latinoam\u00e9rica","distributor_original_site_url":"https:\/\/graziamagazine.com\/mx","push-errors":false,"_links":{"self":[{"href":"https:\/\/graziamagazine.com\/mx\/wp-json\/wp\/v2\/articles\/35531"}],"collection":[{"href":"https:\/\/graziamagazine.com\/mx\/wp-json\/wp\/v2\/articles"}],"about":[{"href":"https:\/\/graziamagazine.com\/mx\/wp-json\/wp\/v2\/types\/articles"}],"author":[{"embeddable":true,"href":"https:\/\/graziamagazine.com\/mx\/wp-json\/wp\/v2\/users\/11655"}],"wp:featuredmedia":[{"embeddable":true,"href":"https:\/\/graziamagazine.com\/mx\/wp-json\/wp\/v2\/media\/35532"}],"wp:attachment":[{"href":"https:\/\/graziamagazine.com\/mx\/wp-json\/wp\/v2\/media?parent=35531"}],"wp:term":[{"taxonomy":"category","embeddable":true,"href":"https:\/\/graziamagazine.com\/mx\/wp-json\/wp\/v2\/categories?post=35531"}],"curies":[{"name":"wp","href":"https:\/\/api.w.org\/{rel}","templated":true}]}}