{"id":35508,"date":"2017-10-26T10:22:31","date_gmt":"2017-10-26T16:22:31","guid":{"rendered":"https:\/\/graziamagazine.com\/mx\/?p=35508"},"modified":"2017-10-26T11:05:48","modified_gmt":"2017-10-26T17:05:48","slug":"mila-kunis-ashton-kutcher-vida-familia","status":"publish","type":"articles","link":"https:\/\/graziamagazine.com\/mx\/articles\/mila-kunis-ashton-kutcher-vida-familia\/","title":{"rendered":"MILA KUNIS NOS DA UN INSIGHT A SU RELACI\u00d3N CON ASHTON KUTCHER Y SU VIDA EN FAMILIA"},"content":{"rendered":"<p><strong>Mila Kunis y Ashton Kutcher siguen derramando miel y han hecho una familia \u00fanica. Adem\u00e1s de hablar sobre su relaci\u00f3n, Mila nos dio un \u2018insight\u2019 de su vida familiar.<\/strong><!--more--><\/p>\n<p><span style=\"font-weight: 400;\">Parece ser que las parejas de <strong>Hollywood<\/strong> no son tan diferentes a nosotros. Esta vez nos referimos a nuestra pareja favorita salida de \u201c<strong>That \u201870s Show<\/strong>\u201d, <strong>Mila Kunis y Ashton Kutcher<\/strong>. Desde que empezaron su relaci\u00f3n en 2012 no han parado de divertirnos y darnos envidia al mismo tiempo (<\/span><i><span style=\"font-weight: 400;\">aka <strong>#RelationshipGoals<\/strong><\/span><\/i><span style=\"font-weight: 400;\">).<\/span><\/p>\n<p><span style=\"font-weight: 400;\">En una reciente entrevista con el canal de entretenimiento <\/span><a href=\"http:\/\/www.eonline.com\/news\/889211\/mila-kunis-and-kristen-bell-get-real-about-marriage-kids-and-holiday-traditions\" target=\"_blank\" rel=\"noopener\" target=\"_blank\"><i><span style=\"font-weight: 400;\">E!<\/span><\/i><\/a><span style=\"font-weight: 400;\">, Mila confiesa que su relaci\u00f3n sigue siendo <strong>color de rosa<\/strong>. Y aunque est\u00e1 consciente de que la perfecci\u00f3n no es para siempre y vendr\u00e1n altas y bajas, la actriz dijo estar <strong>contenta con su peque\u00f1a familia<\/strong>.<\/span><\/p>\n<p><span style=\"font-weight: 400;\">No es extra\u00f1o que uno de este par hable sobre su vida en pareja. Por su lado, Ashton coment\u00f3 hace algunos meses en un programa de radio sobre su primer beso en la serie que los catapult\u00f3 al ojo medi\u00e1tico.<\/span><\/p>\n<p><span style=\"font-weight: 400;\">Ahora, con dos hijos, parece ser que su vida cotidiana es tranquila. La protagonista de la nueva pel\u00edcula \u201c<strong>Bad Moms Christmas<\/strong>\u201d dijo que su hija <strong>Wyatt Isabelle<\/strong> es muy curiosa y serena. Adem\u00e1s en otra entrevista con <a href=\"http:\/\/www.independent.co.uk\/arts-entertainment\/films\/news\/mila-kunis-daughter-drink-wine-shabbat-wyatt-three-year-old-ashton-kutcher-a8021286.html\" target=\"_blank\" rel=\"noopener\" target=\"_blank\"><em>Extra TV<\/em><\/a> revel\u00f3 que su primog\u00e9nita es <strong>fan\u00e1tica del vino<\/strong>:<\/span><\/p>\n<blockquote><p><span style=\"font-weight: 400;\">\u201cCelebramos el Shabbat en nuestra casa. En Shabbat, tomas un sorbo de vino. Mi hija ha tomado un sorbo de vino desde que naci\u00f3. Cuando se despierta el viernes en la ma\u00f1ana y le digo \u2018es viernes\u2019, me contesta, \u2018\u00bfpuedo tomar vino?\u2019\u201d<\/span><\/p><\/blockquote>\n<p>Dej\u00e9moslo en manos de Mila y Ashton quienes pretenden educar a sus hijos al igual que como ellos crecieron.<\/p>\n","protected":false},"author":11636,"featured_media":35509,"template":"","format":"standard","categories":[2],"acf":[],"yoast_head":"<!-- This site is optimized with the Yoast SEO Premium plugin v18.5 (Yoast SEO v20.4) - https:\/\/yoast.com\/wordpress\/plugins\/seo\/ -->\n<title>MILA KUNIS NOS DA UN INSIGHT A SU RELACI\u00d3N CON ASHTON KUTCHER Y SU VIDA EN FAMILIA | Grazia M\u00e9xico y Latinoam\u00e9rica<\/title>\n<meta name=\"description\" content=\"Mila Kunis y Ashton Kutcher siguen derramando miel y han hecho una familia \u00fanica. Mila nos dio un insight de su vida familiar.\" \/>\n<meta name=\"robots\" content=\"index, follow, max-snippet:-1, max-image-preview:large, max-video-preview:-1\" \/>\n<link rel=\"canonical\" href=\"https:\/\/graziamagazine.com\/mx\/articles\/mila-kunis-ashton-kutcher-vida-familia\/\" \/>\n<meta property=\"og:locale\" content=\"es_MX\" \/>\n<meta property=\"og:type\" content=\"article\" \/>\n<meta property=\"og:title\" content=\"MILA KUNIS NOS DA UN INSIGHT A SU RELACI\u00d3N CON ASHTON KUTCHER Y SU VIDA EN FAMILIA\" \/>\n<meta property=\"og:description\" content=\"Mila Kunis y Ashton Kutcher siguen derramando miel y han hecho una familia \u00fanica. Mila nos dio un insight de su vida familiar.\" \/>\n<meta property=\"og:url\" content=\"https:\/\/graziamagazine.com\/mx\/articles\/mila-kunis-ashton-kutcher-vida-familia\/\" \/>\n<meta property=\"og:site_name\" content=\"Grazia M\u00e9xico y Latinoam\u00e9rica\" \/>\n<meta property=\"article:modified_time\" content=\"2017-10-26T17:05:48+00:00\" \/>\n<meta property=\"og:image\" content=\"https:\/\/graziamagazine.com\/mx\/wp-content\/uploads\/sites\/13\/2017\/10\/mila-kunis-insight-ashton-kutcher-destacada.jpg?fit=720%2C540\" \/>\n\t<meta property=\"og:image:width\" content=\"720\" \/>\n\t<meta property=\"og:image:height\" content=\"540\" \/>\n\t<meta property=\"og:image:type\" content=\"image\/jpeg\" \/>\n<meta name=\"twitter:card\" content=\"summary_large_image\" \/>\n<meta name=\"twitter:label1\" content=\"Est. reading time\" \/>\n\t<meta name=\"twitter:data1\" content=\"1 minuto\" \/>\n<script type=\"application\/ld+json\" class=\"yoast-schema-graph\">{\"@context\":\"https:\/\/schema.org\",\"@graph\":[{\"@type\":\"WebPage\",\"@id\":\"https:\/\/graziamagazine.com\/mx\/articles\/mila-kunis-ashton-kutcher-vida-familia\/\",\"url\":\"https:\/\/graziamagazine.com\/mx\/articles\/mila-kunis-ashton-kutcher-vida-familia\/\",\"name\":\"MILA KUNIS NOS DA UN INSIGHT A SU RELACI\u00d3N CON ASHTON KUTCHER Y SU VIDA EN FAMILIA | Grazia M\u00e9xico y Latinoam\u00e9rica\",\"isPartOf\":{\"@id\":\"https:\/\/graziamagazine.com\/mx\/#website\"},\"datePublished\":\"2017-10-26T16:22:31+00:00\",\"dateModified\":\"2017-10-26T17:05:48+00:00\",\"description\":\"Mila Kunis y Ashton Kutcher siguen derramando miel y han hecho una familia \u00fanica. Mila nos dio un insight de su vida familiar.\",\"breadcrumb\":{\"@id\":\"https:\/\/graziamagazine.com\/mx\/articles\/mila-kunis-ashton-kutcher-vida-familia\/#breadcrumb\"},\"inLanguage\":\"es-MX\",\"potentialAction\":[{\"@type\":\"ReadAction\",\"target\":[\"https:\/\/graziamagazine.com\/mx\/articles\/mila-kunis-ashton-kutcher-vida-familia\/\"]}]},{\"@type\":\"BreadcrumbList\",\"@id\":\"https:\/\/graziamagazine.com\/mx\/articles\/mila-kunis-ashton-kutcher-vida-familia\/#breadcrumb\",\"itemListElement\":[{\"@type\":\"ListItem\",\"position\":1,\"name\":\"Home\",\"item\":\"https:\/\/graziamagazine.com\/mx\/\"},{\"@type\":\"ListItem\",\"position\":2,\"name\":\"MILA KUNIS NOS DA UN INSIGHT A SU RELACI\u00d3N CON ASHTON KUTCHER Y SU VIDA EN FAMILIA\"}]},{\"@type\":\"WebSite\",\"@id\":\"https:\/\/graziamagazine.com\/mx\/#website\",\"url\":\"https:\/\/graziamagazine.com\/mx\/\",\"name\":\"Grazia M\u00e9xico y Latinoam\u00e9rica\",\"description\":\"Grazia es moda, belleza y noticias  de actualidad \",\"potentialAction\":[{\"@type\":\"SearchAction\",\"target\":{\"@type\":\"EntryPoint\",\"urlTemplate\":\"https:\/\/graziamagazine.com\/mx\/?s={search_term_string}\"},\"query-input\":\"required name=search_term_string\"}],\"inLanguage\":\"es-MX\"}]}<\/script>\n<!-- \/ Yoast SEO Premium plugin. -->","yoast_head_json":{"title":"MILA KUNIS NOS DA UN INSIGHT A SU RELACI\u00d3N CON ASHTON KUTCHER Y SU VIDA EN FAMILIA | Grazia M\u00e9xico y Latinoam\u00e9rica","description":"Mila Kunis y Ashton Kutcher siguen derramando miel y han hecho una familia \u00fanica. Mila nos dio un insight de su vida familiar.","robots":{"index":"index","follow":"follow","max-snippet":"max-snippet:-1","max-image-preview":"max-image-preview:large","max-video-preview":"max-video-preview:-1"},"canonical":"https:\/\/graziamagazine.com\/mx\/articles\/mila-kunis-ashton-kutcher-vida-familia\/","og_locale":"es_MX","og_type":"article","og_title":"MILA KUNIS NOS DA UN INSIGHT A SU RELACI\u00d3N CON ASHTON KUTCHER Y SU VIDA EN FAMILIA","og_description":"Mila Kunis y Ashton Kutcher siguen derramando miel y han hecho una familia \u00fanica. Mila nos dio un insight de su vida familiar.","og_url":"https:\/\/graziamagazine.com\/mx\/articles\/mila-kunis-ashton-kutcher-vida-familia\/","og_site_name":"Grazia M\u00e9xico y Latinoam\u00e9rica","article_modified_time":"2017-10-26T17:05:48+00:00","og_image":[{"width":720,"height":540,"url":"https:\/\/graziamagazine.com\/mx\/wp-content\/uploads\/sites\/13\/2017\/10\/mila-kunis-insight-ashton-kutcher-destacada.jpg?fit=720%2C540","type":"image\/jpeg"}],"twitter_card":"summary_large_image","twitter_misc":{"Est. reading time":"1 minuto"},"schema":{"@context":"https:\/\/schema.org","@graph":[{"@type":"WebPage","@id":"https:\/\/graziamagazine.com\/mx\/articles\/mila-kunis-ashton-kutcher-vida-familia\/","url":"https:\/\/graziamagazine.com\/mx\/articles\/mila-kunis-ashton-kutcher-vida-familia\/","name":"MILA KUNIS NOS DA UN INSIGHT A SU RELACI\u00d3N CON ASHTON KUTCHER Y SU VIDA EN FAMILIA | Grazia M\u00e9xico y Latinoam\u00e9rica","isPartOf":{"@id":"https:\/\/graziamagazine.com\/mx\/#website"},"datePublished":"2017-10-26T16:22:31+00:00","dateModified":"2017-10-26T17:05:48+00:00","description":"Mila Kunis y Ashton Kutcher siguen derramando miel y han hecho una familia \u00fanica. Mila nos dio un insight de su vida familiar.","breadcrumb":{"@id":"https:\/\/graziamagazine.com\/mx\/articles\/mila-kunis-ashton-kutcher-vida-familia\/#breadcrumb"},"inLanguage":"es-MX","potentialAction":[{"@type":"ReadAction","target":["https:\/\/graziamagazine.com\/mx\/articles\/mila-kunis-ashton-kutcher-vida-familia\/"]}]},{"@type":"BreadcrumbList","@id":"https:\/\/graziamagazine.com\/mx\/articles\/mila-kunis-ashton-kutcher-vida-familia\/#breadcrumb","itemListElement":[{"@type":"ListItem","position":1,"name":"Home","item":"https:\/\/graziamagazine.com\/mx\/"},{"@type":"ListItem","position":2,"name":"MILA KUNIS NOS DA UN INSIGHT A SU RELACI\u00d3N CON ASHTON KUTCHER Y SU VIDA EN FAMILIA"}]},{"@type":"WebSite","@id":"https:\/\/graziamagazine.com\/mx\/#website","url":"https:\/\/graziamagazine.com\/mx\/","name":"Grazia M\u00e9xico y Latinoam\u00e9rica","description":"Grazia es moda, belleza y noticias  de actualidad ","potentialAction":[{"@type":"SearchAction","target":{"@type":"EntryPoint","urlTemplate":"https:\/\/graziamagazine.com\/mx\/?s={search_term_string}"},"query-input":"required name=search_term_string"}],"inLanguage":"es-MX"}]}},"jetpack_sharing_enabled":true,"distributor_meta":false,"distributor_terms":false,"distributor_media":false,"distributor_original_site_name":"Grazia M\u00e9xico y Latinoam\u00e9rica","distributor_original_site_url":"https:\/\/graziamagazine.com\/mx","push-errors":false,"_links":{"self":[{"href":"https:\/\/graziamagazine.com\/mx\/wp-json\/wp\/v2\/articles\/35508"}],"collection":[{"href":"https:\/\/graziamagazine.com\/mx\/wp-json\/wp\/v2\/articles"}],"about":[{"href":"https:\/\/graziamagazine.com\/mx\/wp-json\/wp\/v2\/types\/articles"}],"author":[{"embeddable":true,"href":"https:\/\/graziamagazine.com\/mx\/wp-json\/wp\/v2\/users\/11636"}],"wp:featuredmedia":[{"embeddable":true,"href":"https:\/\/graziamagazine.com\/mx\/wp-json\/wp\/v2\/media\/35509"}],"wp:attachment":[{"href":"https:\/\/graziamagazine.com\/mx\/wp-json\/wp\/v2\/media?parent=35508"}],"wp:term":[{"taxonomy":"category","embeddable":true,"href":"https:\/\/graziamagazine.com\/mx\/wp-json\/wp\/v2\/categories?post=35508"}],"curies":[{"name":"wp","href":"https:\/\/api.w.org\/{rel}","templated":true}]}}