{"id":35497,"date":"2017-10-25T18:57:17","date_gmt":"2017-10-26T00:57:17","guid":{"rendered":"https:\/\/graziamagazine.com\/mx\/?p=35497"},"modified":"2017-10-25T19:07:14","modified_gmt":"2017-10-26T01:07:14","slug":"liverpool-170-anos","status":"publish","type":"articles","link":"https:\/\/graziamagazine.com\/mx\/articles\/liverpool-170-anos\/","title":{"rendered":"LIVERPOOL: 170 A\u00d1OS SIENDO PARTE DE TU VIDA"},"content":{"rendered":"<p><strong>170 a\u00f1os. Esos son los que cumple Liverpool este a\u00f1o y que est\u00e1 festejando en grande. La celebraci\u00f3n incluye, adem\u00e1s de una carrera y una exposici\u00f3n, un documental en <i>National Geographic<\/i>\u00a0que nos llama la atenci\u00f3n porque no solo cuenta el nacimiento de este almac\u00e9n sino que refleja parte importante de la historia de M\u00e9xico.<\/strong><!--more--><\/p>\n<p><strong>Liverpool<\/strong>\u00a0<strong>empez\u00f3 en 1847<\/strong> con un caj\u00f3n de telas que <strong>Jean Baptiste Ebrard<\/strong> trajo de Europa desde el puerto de Liverpool. En <strong>1936 inaugura su primer edificio<\/strong>\u00a0 en el <strong>centro hist\u00f3rico<\/strong> de la capital, en la calle 20 de noviembre y donde se instalaron las <strong>primeras escaleras el\u00e9ctricas<\/strong> de toda la <strong>Ciudad de M\u00e9xico<\/strong>.<\/p>\n<p><img loading=\"lazy\" decoding=\"async\" width=\"654\" height=\"890\" class=\"alignnone size-full wp-image-35501\" src=\"https:\/\/graziamagazine.com\/mx\/wp-content\/uploads\/sites\/13\/2017\/10\/LIVERPOOL-170-PARTE-DE-TU-VIDA-1.jpg\" alt=\"LIVERPOOL-170-PARTE-DE-TU-VIDA-1\" srcset=\"https:\/\/graziamagazine.com\/mx\/wp-content\/uploads\/sites\/13\/2017\/10\/LIVERPOOL-170-PARTE-DE-TU-VIDA-1.jpg 654w, https:\/\/graziamagazine.com\/mx\/wp-content\/uploads\/sites\/13\/2017\/10\/LIVERPOOL-170-PARTE-DE-TU-VIDA-1.jpg?resize=331,450 331w, https:\/\/graziamagazine.com\/mx\/wp-content\/uploads\/sites\/13\/2017\/10\/LIVERPOOL-170-PARTE-DE-TU-VIDA-1.jpg?resize=155,211 155w\" sizes=\"(max-width: 654px) 100vw, 654px\" \/><\/p>\n<p><strong>En 1962<\/strong>, el almacen\u00a0<strong>abri\u00f3 su primera sucursal<\/strong> y desde ah\u00ed no ha dejado de crecer, siendo las <strong>d\u00e9cadas de los ochenta y noventa<\/strong> las de mayor desarrollo ubicando <strong>85 tiendas en 59 ciudades<\/strong> del pa\u00eds. Si te interesa la moda, este es un buen pretexto para <strong>adentrarte en uno de los pilares de la industria en M\u00e9xico<\/strong>.<\/p>\n<p><img decoding=\"async\" class=\"alignnone size-large wp-image-35502\" src=\"https:\/\/graziamagazine.com\/mx\/wp-content\/uploads\/sites\/13\/2017\/10\/LIVERPOOL-170-PARTE-DE-TU-VIDA-2-700x493.jpg\" alt=\"\" \/><\/p>\n<p><em>El documental se estrenar\u00e1 el 27 de octubre a las 22:00 hrs. en NatGeo. Tambi\u00e9n puedes compartir tu historia con Liverpool en redes sociales a trav\u00e9s del hashtag\u00a0<strong>#Liverpool170.<\/strong><\/em><\/p>\n<p>&nbsp;<\/p>\n<p><strong><em>*IM\u00c1GENES: Cortes\u00eda<\/em><\/strong><\/p>\n","protected":false},"author":11636,"featured_media":35503,"template":"","format":"standard","categories":[114],"acf":[],"yoast_head":"<!-- This site is optimized with the Yoast SEO Premium plugin v18.5 (Yoast SEO v20.4) - https:\/\/yoast.com\/wordpress\/plugins\/seo\/ -->\n<title>LIVERPOOL: 170 A\u00d1OS SIENDO PARTE DE TU VIDA | Grazia M\u00e9xico y Latinoam\u00e9rica<\/title>\n<meta name=\"description\" content=\"170 a\u00f1os. Esos son los que cumple Liverpool este a\u00f1o y que est\u00e1 festejando en grande. La celebraci\u00f3n incluye un documental en National Geographic.\" \/>\n<meta name=\"robots\" content=\"index, follow, max-snippet:-1, max-image-preview:large, max-video-preview:-1\" \/>\n<link rel=\"canonical\" href=\"https:\/\/graziamagazine.com\/mx\/articles\/liverpool-170-anos\/\" \/>\n<meta property=\"og:locale\" content=\"es_MX\" \/>\n<meta property=\"og:type\" content=\"article\" \/>\n<meta property=\"og:title\" content=\"LIVERPOOL: 170 A\u00d1OS SIENDO PARTE DE TU VIDA\" \/>\n<meta property=\"og:description\" content=\"170 a\u00f1os. Esos son los que cumple Liverpool este a\u00f1o y que est\u00e1 festejando en grande. La celebraci\u00f3n incluye un documental en National Geographic.\" \/>\n<meta property=\"og:url\" content=\"https:\/\/graziamagazine.com\/mx\/articles\/liverpool-170-anos\/\" \/>\n<meta property=\"og:site_name\" content=\"Grazia M\u00e9xico y Latinoam\u00e9rica\" \/>\n<meta property=\"article:modified_time\" content=\"2017-10-26T01:07:14+00:00\" \/>\n<meta property=\"og:image\" content=\"https:\/\/graziamagazine.com\/mx\/wp-content\/uploads\/sites\/13\/2017\/10\/LIVERPOOL-170-PARTE-DE-TU-VIDA-DESTACADA.jpg?resize=1024,583\" \/>\n\t<meta property=\"og:image:width\" content=\"1024\" \/>\n\t<meta property=\"og:image:height\" content=\"583\" \/>\n\t<meta property=\"og:image:type\" content=\"image\/jpeg\" \/>\n<meta name=\"twitter:card\" content=\"summary_large_image\" \/>\n<meta name=\"twitter:label1\" content=\"Est. reading time\" \/>\n\t<meta name=\"twitter:data1\" content=\"1 minuto\" \/>\n<script type=\"application\/ld+json\" class=\"yoast-schema-graph\">{\"@context\":\"https:\/\/schema.org\",\"@graph\":[{\"@type\":\"WebPage\",\"@id\":\"https:\/\/graziamagazine.com\/mx\/articles\/liverpool-170-anos\/\",\"url\":\"https:\/\/graziamagazine.com\/mx\/articles\/liverpool-170-anos\/\",\"name\":\"LIVERPOOL: 170 A\u00d1OS SIENDO PARTE DE TU VIDA | Grazia M\u00e9xico y Latinoam\u00e9rica\",\"isPartOf\":{\"@id\":\"https:\/\/graziamagazine.com\/mx\/#website\"},\"datePublished\":\"2017-10-26T00:57:17+00:00\",\"dateModified\":\"2017-10-26T01:07:14+00:00\",\"description\":\"170 a\u00f1os. Esos son los que cumple Liverpool este a\u00f1o y que est\u00e1 festejando en grande. La celebraci\u00f3n incluye un documental en National Geographic.\",\"breadcrumb\":{\"@id\":\"https:\/\/graziamagazine.com\/mx\/articles\/liverpool-170-anos\/#breadcrumb\"},\"inLanguage\":\"es-MX\",\"potentialAction\":[{\"@type\":\"ReadAction\",\"target\":[\"https:\/\/graziamagazine.com\/mx\/articles\/liverpool-170-anos\/\"]}]},{\"@type\":\"BreadcrumbList\",\"@id\":\"https:\/\/graziamagazine.com\/mx\/articles\/liverpool-170-anos\/#breadcrumb\",\"itemListElement\":[{\"@type\":\"ListItem\",\"position\":1,\"name\":\"Home\",\"item\":\"https:\/\/graziamagazine.com\/mx\/\"},{\"@type\":\"ListItem\",\"position\":2,\"name\":\"LIVERPOOL: 170 A\u00d1OS SIENDO PARTE DE TU VIDA\"}]},{\"@type\":\"WebSite\",\"@id\":\"https:\/\/graziamagazine.com\/mx\/#website\",\"url\":\"https:\/\/graziamagazine.com\/mx\/\",\"name\":\"Grazia M\u00e9xico y Latinoam\u00e9rica\",\"description\":\"Grazia es moda, belleza y noticias  de actualidad \",\"potentialAction\":[{\"@type\":\"SearchAction\",\"target\":{\"@type\":\"EntryPoint\",\"urlTemplate\":\"https:\/\/graziamagazine.com\/mx\/?s={search_term_string}\"},\"query-input\":\"required name=search_term_string\"}],\"inLanguage\":\"es-MX\"}]}<\/script>\n<!-- \/ Yoast SEO Premium plugin. -->","yoast_head_json":{"title":"LIVERPOOL: 170 A\u00d1OS SIENDO PARTE DE TU VIDA | Grazia M\u00e9xico y Latinoam\u00e9rica","description":"170 a\u00f1os. Esos son los que cumple Liverpool este a\u00f1o y que est\u00e1 festejando en grande. La celebraci\u00f3n incluye un documental en National Geographic.","robots":{"index":"index","follow":"follow","max-snippet":"max-snippet:-1","max-image-preview":"max-image-preview:large","max-video-preview":"max-video-preview:-1"},"canonical":"https:\/\/graziamagazine.com\/mx\/articles\/liverpool-170-anos\/","og_locale":"es_MX","og_type":"article","og_title":"LIVERPOOL: 170 A\u00d1OS SIENDO PARTE DE TU VIDA","og_description":"170 a\u00f1os. Esos son los que cumple Liverpool este a\u00f1o y que est\u00e1 festejando en grande. La celebraci\u00f3n incluye un documental en National Geographic.","og_url":"https:\/\/graziamagazine.com\/mx\/articles\/liverpool-170-anos\/","og_site_name":"Grazia M\u00e9xico y Latinoam\u00e9rica","article_modified_time":"2017-10-26T01:07:14+00:00","og_image":[{"width":1024,"height":583,"url":"https:\/\/graziamagazine.com\/mx\/wp-content\/uploads\/sites\/13\/2017\/10\/LIVERPOOL-170-PARTE-DE-TU-VIDA-DESTACADA.jpg?resize=1024,583","type":"image\/jpeg"}],"twitter_card":"summary_large_image","twitter_misc":{"Est. reading time":"1 minuto"},"schema":{"@context":"https:\/\/schema.org","@graph":[{"@type":"WebPage","@id":"https:\/\/graziamagazine.com\/mx\/articles\/liverpool-170-anos\/","url":"https:\/\/graziamagazine.com\/mx\/articles\/liverpool-170-anos\/","name":"LIVERPOOL: 170 A\u00d1OS SIENDO PARTE DE TU VIDA | Grazia M\u00e9xico y Latinoam\u00e9rica","isPartOf":{"@id":"https:\/\/graziamagazine.com\/mx\/#website"},"datePublished":"2017-10-26T00:57:17+00:00","dateModified":"2017-10-26T01:07:14+00:00","description":"170 a\u00f1os. Esos son los que cumple Liverpool este a\u00f1o y que est\u00e1 festejando en grande. La celebraci\u00f3n incluye un documental en National Geographic.","breadcrumb":{"@id":"https:\/\/graziamagazine.com\/mx\/articles\/liverpool-170-anos\/#breadcrumb"},"inLanguage":"es-MX","potentialAction":[{"@type":"ReadAction","target":["https:\/\/graziamagazine.com\/mx\/articles\/liverpool-170-anos\/"]}]},{"@type":"BreadcrumbList","@id":"https:\/\/graziamagazine.com\/mx\/articles\/liverpool-170-anos\/#breadcrumb","itemListElement":[{"@type":"ListItem","position":1,"name":"Home","item":"https:\/\/graziamagazine.com\/mx\/"},{"@type":"ListItem","position":2,"name":"LIVERPOOL: 170 A\u00d1OS SIENDO PARTE DE TU VIDA"}]},{"@type":"WebSite","@id":"https:\/\/graziamagazine.com\/mx\/#website","url":"https:\/\/graziamagazine.com\/mx\/","name":"Grazia M\u00e9xico y Latinoam\u00e9rica","description":"Grazia es moda, belleza y noticias  de actualidad ","potentialAction":[{"@type":"SearchAction","target":{"@type":"EntryPoint","urlTemplate":"https:\/\/graziamagazine.com\/mx\/?s={search_term_string}"},"query-input":"required name=search_term_string"}],"inLanguage":"es-MX"}]}},"jetpack_sharing_enabled":true,"distributor_meta":false,"distributor_terms":false,"distributor_media":false,"distributor_original_site_name":"Grazia M\u00e9xico y Latinoam\u00e9rica","distributor_original_site_url":"https:\/\/graziamagazine.com\/mx","push-errors":false,"_links":{"self":[{"href":"https:\/\/graziamagazine.com\/mx\/wp-json\/wp\/v2\/articles\/35497"}],"collection":[{"href":"https:\/\/graziamagazine.com\/mx\/wp-json\/wp\/v2\/articles"}],"about":[{"href":"https:\/\/graziamagazine.com\/mx\/wp-json\/wp\/v2\/types\/articles"}],"author":[{"embeddable":true,"href":"https:\/\/graziamagazine.com\/mx\/wp-json\/wp\/v2\/users\/11636"}],"wp:featuredmedia":[{"embeddable":true,"href":"https:\/\/graziamagazine.com\/mx\/wp-json\/wp\/v2\/media\/35503"}],"wp:attachment":[{"href":"https:\/\/graziamagazine.com\/mx\/wp-json\/wp\/v2\/media?parent=35497"}],"wp:term":[{"taxonomy":"category","embeddable":true,"href":"https:\/\/graziamagazine.com\/mx\/wp-json\/wp\/v2\/categories?post=35497"}],"curies":[{"name":"wp","href":"https:\/\/api.w.org\/{rel}","templated":true}]}}