{"id":35309,"date":"2017-10-23T14:43:07","date_gmt":"2017-10-23T20:43:07","guid":{"rendered":"https:\/\/graziamagazine.com\/mx\/?p=35309"},"modified":"2020-01-14T11:53:20","modified_gmt":"2020-01-14T16:53:20","slug":"nominados-fashion-awards-estan-aqui","status":"publish","type":"articles","link":"https:\/\/graziamagazine.com\/mx\/articles\/nominados-fashion-awards-estan-aqui\/","title":{"rendered":"Los nominados a los Fashion Awards del British Fashion Council ya est\u00e1n aqu\u00ed"},"content":{"rendered":"<p><strong>Uno de los eventos m\u00e1s importantes de la industria de la moda. Los <em>Fashion Awards<\/em> ya tiene lista de nominados.\u00a0Alessandro Michele, Maria Grazia Chiuri y Jonathan Anderson forman parte de la lista. \u00bfQui\u00e9nes ser\u00e1n los galardonados este a\u00f1o?<\/strong><br \/>\n<!--more--><\/p>\n<p>Sabemos que los <strong><i>Fashion Awards<\/i><\/strong> es uno de los eventos m\u00e1s importantes en la industria. Como ya es tradici\u00f3n, el evento ser\u00e1 en el prestigioso <strong><i>Royal Albert Hall<\/i> en Londres el pr\u00f3ximo 4 de diciembre<\/strong>. La lista de nominados fue dada a conocer esta ma\u00f1ana por <strong>Nadja Swarovski<\/strong> quien es miembro de la junta ejecutiva de <strong>Swarovski<\/strong>.<\/p>\n<p>Adem\u00e1s de reconocer el trabajo de quienes mueven la moda, los <em>Fashion Awards<\/em>\u00a0tambi\u00e9n <strong>recaudan fondos<\/strong> para apoyar la <strong>educaci\u00f3n de nuevos talentos<\/strong>. De acuerdo a <a href=\"https:\/\/www.businessoffashion.com\/articles\/news-analysis\/supreme-rihanna-among-nominees-for-the-british-fashion-councils-2017-fashion-awards\" target=\"_blank\" rel=\"noopener\" target=\"_blank\"><i>The Business of Fashion<\/i><\/a> el a\u00f1o pasado el <i>British Fashion Council<\/i> recaud\u00f3 la cantidad m\u00e1s alta desde su concepci\u00f3n en 1997.<\/p>\n<p>El dise\u00f1ador con <strong>m\u00e1s nominaciones<\/strong> este a\u00f1o es <strong>Jonathan Anderson<\/strong>, mientras que <strong>Alessandro Michele<\/strong> est\u00e1 nominado a dos categor\u00edas \u2014incluyendo \u201c<strong>Accessories Designer of the Year<\/strong>\u201d y\u00a0\u201c<strong>Designer of the Year<\/strong>\u201d.<\/p>\n<p><img loading=\"lazy\" decoding=\"async\" class=\"alignnone wp-image-35319 size-large\" title=\"Los nominados a los Fashion Awards del British Fashion Council ya est\u00e1n aqu\u00ed\" src=\"https:\/\/graziamagazine.com\/mx\/wp-content\/uploads\/sites\/13\/2017\/10\/ASHION-AWARDS-NOMINADOS-ALESSANDRO-MICHELE-JARED-LETO-700x467.jpeg\" alt=\"Los nominados a los Fashion Awards del British Fashion Council ya est\u00e1n aqu\u00ed\" width=\"700\" height=\"467\" \/><\/p>\n<p>Lo m\u00e1s sorprendente de este a\u00f1o est\u00e1 en la categor\u00eda \u201c<strong>Urban Luxe Award<\/strong>\u201d, en donde las firmas <strong>Fenty x Puma y Supreme<\/strong> fueron nominados junto a <strong>Off-White, Vetements y Gosha Rubchinskiy<\/strong> \u2014el dise\u00f1ador ruso que recientemente colabor\u00f3 con Burberry en una colecci\u00f3n c\u00e1psula.<\/p>\n<p>Aqu\u00ed te dejamos la lista completa de los nominados para que vayas seleccionando a tus favoritos.<\/p>\n<p>&nbsp;<\/p>\n<p><b>Designer of the Year\u00a0<\/b><\/p>\n<p>Alessandro Michele por Gucci<\/p>\n<p>Jonathan Anderson por Loewe<\/p>\n<p>Maria Grazia Chiuri por Dior<\/p>\n<p>Phoebe Philo por C\u00e9line<\/p>\n<p>Raf Simons por Calvin Klein<\/p>\n<p>&nbsp;<\/p>\n<p><b>British Designer of the Year Womenswear<\/b><\/p>\n<p>Christopher Kane por Christopher Kane<\/p>\n<p>Erdem Moralioglu por Erdem<\/p>\n<p>Jonathan Anderson por J.W.Anderson<\/p>\n<p>Roksanda Ilincic por Roksanda<\/p>\n<p>Sarah Burton por Alexander McQueen<\/p>\n<p>&nbsp;<\/p>\n<p><b>British Designer of the Year Menswear<\/b><\/p>\n<p>Christopher Bailey por Burberry<\/p>\n<p>Craig Green por Craig Green<\/p>\n<p>Grace Wales Bonner por Wales Bonner<\/p>\n<p>Jonathan Anderson por J.W.Anderson<\/p>\n<p>Martine Rose por Martine Rose<\/p>\n<p>&nbsp;<\/p>\n<p><b>Accessories Designer of the Year<\/b><\/p>\n<p>Alessandro Michele por Gucci<\/p>\n<p>Anthony Vaccarello por Saint Laurent<\/p>\n<p>Demna Gvasalia por Balenciaga<\/p>\n<p>Jonathan Anderson por Loewe<\/p>\n<p>Stuart Vevers por Coach<\/p>\n<p>&nbsp;<\/p>\n<p><b>Urban Luxe Brand<\/b><\/p>\n<p>Fenty Puma by Rihanna<\/p>\n<p>Gosha Rubchinskiy<\/p>\n<p>Off-White<\/p>\n<p>Supreme<\/p>\n<p>Vetements<\/p>\n<p>&nbsp;<\/p>\n<p><b>British Emerging Talent Menswear<\/b><\/p>\n<p>Ben Cottrell and Matthew Dainty por Cottweiler<\/p>\n<p>Charles Jeffrey por Charles Jeffrey Loverboy<\/p>\n<p>Henry Holland por House of Holland<\/p>\n<p>Phoebe English por Phoebe English Man<\/p>\n<p>Samuel Ross por A-Cold-Wall*<\/p>\n<p>&nbsp;<\/p>\n<p><b>British Emerging Talent Womenswear<\/b><\/p>\n<p>Faustine Steinmetz por Faustine Steinmetz<\/p>\n<p>Matty Bovan por Matty Bovan<\/p>\n<p>Michael Halpern por Halpern<\/p>\n<p>Natalia Alaverdian por Awake<\/p>\n<p>Rejina Pyo por Rejina Pyo<\/p>\n<p>&nbsp;<\/p>\n<p><b>Business Leader<\/b><\/p>\n<p>Adrian Joffe por Dover Street Market<\/p>\n<p>Guram Gvasalia por Vetements<\/p>\n<p>Jose Neves por Farfetch<\/p>\n<p>Marco Bizzarri por Gucci<\/p>\n<p>Tom and Ruth Chapman por Matchesfashion.com<\/p>\n<p>&nbsp;<\/p>\n<p><b>Model of the Year<\/b><\/p>\n<p>Adwoa Aboah<\/p>\n<p>Bella Hadid<\/p>\n<p>Gigi Hadid<\/p>\n<p>Kaia Gerber<\/p>\n<p>Winnie Harlow<\/p>\n<p>&nbsp;<\/p>\n<p><strong><em>*IM\u00c1GENES: Cortes\u00eda<\/em><\/strong><\/p>\n","protected":false},"author":11641,"featured_media":35316,"template":"","format":"standard","categories":[4,10],"acf":[],"yoast_head":"<!-- This site is optimized with the Yoast SEO Premium plugin v18.5 (Yoast SEO v20.4) - https:\/\/yoast.com\/wordpress\/plugins\/seo\/ -->\n<title>Los nominados a los Fashion Awards del British Fashion Council ya est\u00e1n aqu\u00ed | Grazia M\u00e9xico y Latinoam\u00e9rica<\/title>\n<meta name=\"description\" content=\"Los Fashion Awards ya tienen lista de nominados. Te dejamos la lista completa para que escojas a tu favorito. \u00bfQui\u00e9nes ser\u00e1n los galardonados este a\u00f1o?\" \/>\n<meta name=\"robots\" content=\"index, follow, max-snippet:-1, max-image-preview:large, max-video-preview:-1\" \/>\n<link rel=\"canonical\" href=\"https:\/\/graziamagazine.com\/mx\/articles\/nominados-fashion-awards-estan-aqui\/\" \/>\n<meta property=\"og:locale\" content=\"es_MX\" \/>\n<meta property=\"og:type\" content=\"article\" \/>\n<meta property=\"og:title\" content=\"Los nominados a los Fashion Awards del British Fashion Council ya est\u00e1n aqu\u00ed\" \/>\n<meta property=\"og:description\" content=\"Los Fashion Awards ya tienen lista de nominados. Te dejamos la lista completa para que escojas a tu favorito. \u00bfQui\u00e9nes ser\u00e1n los galardonados este a\u00f1o?\" \/>\n<meta property=\"og:url\" content=\"https:\/\/graziamagazine.com\/mx\/articles\/nominados-fashion-awards-estan-aqui\/\" \/>\n<meta property=\"og:site_name\" content=\"Grazia M\u00e9xico y Latinoam\u00e9rica\" \/>\n<meta property=\"article:modified_time\" content=\"2020-01-14T16:53:20+00:00\" \/>\n<meta property=\"og:image\" content=\"https:\/\/graziamagazine.com\/mx\/wp-content\/uploads\/sites\/13\/2017\/10\/FASHION-AWARDS-NOMINADOS-DESTACADA-e1579020767331.jpg?fit=1000%2C667\" \/>\n\t<meta property=\"og:image:width\" content=\"1000\" \/>\n\t<meta property=\"og:image:height\" content=\"667\" \/>\n\t<meta property=\"og:image:type\" content=\"image\/jpeg\" \/>\n<meta name=\"twitter:card\" content=\"summary_large_image\" \/>\n<meta name=\"twitter:label1\" content=\"Est. reading time\" \/>\n\t<meta name=\"twitter:data1\" content=\"2 minutos\" \/>\n<script type=\"application\/ld+json\" class=\"yoast-schema-graph\">{\"@context\":\"https:\/\/schema.org\",\"@graph\":[{\"@type\":\"WebPage\",\"@id\":\"https:\/\/graziamagazine.com\/mx\/articles\/nominados-fashion-awards-estan-aqui\/\",\"url\":\"https:\/\/graziamagazine.com\/mx\/articles\/nominados-fashion-awards-estan-aqui\/\",\"name\":\"Los nominados a los Fashion Awards del British Fashion Council ya est\u00e1n aqu\u00ed | Grazia M\u00e9xico y Latinoam\u00e9rica\",\"isPartOf\":{\"@id\":\"https:\/\/graziamagazine.com\/mx\/#website\"},\"datePublished\":\"2017-10-23T20:43:07+00:00\",\"dateModified\":\"2020-01-14T16:53:20+00:00\",\"description\":\"Los Fashion Awards ya tienen lista de nominados. Te dejamos la lista completa para que escojas a tu favorito. \u00bfQui\u00e9nes ser\u00e1n los galardonados este a\u00f1o?\",\"breadcrumb\":{\"@id\":\"https:\/\/graziamagazine.com\/mx\/articles\/nominados-fashion-awards-estan-aqui\/#breadcrumb\"},\"inLanguage\":\"es-MX\",\"potentialAction\":[{\"@type\":\"ReadAction\",\"target\":[\"https:\/\/graziamagazine.com\/mx\/articles\/nominados-fashion-awards-estan-aqui\/\"]}]},{\"@type\":\"BreadcrumbList\",\"@id\":\"https:\/\/graziamagazine.com\/mx\/articles\/nominados-fashion-awards-estan-aqui\/#breadcrumb\",\"itemListElement\":[{\"@type\":\"ListItem\",\"position\":1,\"name\":\"Home\",\"item\":\"https:\/\/graziamagazine.com\/mx\/\"},{\"@type\":\"ListItem\",\"position\":2,\"name\":\"Los nominados a los Fashion Awards del British Fashion Council ya est\u00e1n aqu\u00ed\"}]},{\"@type\":\"WebSite\",\"@id\":\"https:\/\/graziamagazine.com\/mx\/#website\",\"url\":\"https:\/\/graziamagazine.com\/mx\/\",\"name\":\"Grazia M\u00e9xico y Latinoam\u00e9rica\",\"description\":\"Grazia es moda, belleza y noticias  de actualidad \",\"potentialAction\":[{\"@type\":\"SearchAction\",\"target\":{\"@type\":\"EntryPoint\",\"urlTemplate\":\"https:\/\/graziamagazine.com\/mx\/?s={search_term_string}\"},\"query-input\":\"required name=search_term_string\"}],\"inLanguage\":\"es-MX\"}]}<\/script>\n<!-- \/ Yoast SEO Premium plugin. -->","yoast_head_json":{"title":"Los nominados a los Fashion Awards del British Fashion Council ya est\u00e1n aqu\u00ed | Grazia M\u00e9xico y Latinoam\u00e9rica","description":"Los Fashion Awards ya tienen lista de nominados. Te dejamos la lista completa para que escojas a tu favorito. \u00bfQui\u00e9nes ser\u00e1n los galardonados este a\u00f1o?","robots":{"index":"index","follow":"follow","max-snippet":"max-snippet:-1","max-image-preview":"max-image-preview:large","max-video-preview":"max-video-preview:-1"},"canonical":"https:\/\/graziamagazine.com\/mx\/articles\/nominados-fashion-awards-estan-aqui\/","og_locale":"es_MX","og_type":"article","og_title":"Los nominados a los Fashion Awards del British Fashion Council ya est\u00e1n aqu\u00ed","og_description":"Los Fashion Awards ya tienen lista de nominados. Te dejamos la lista completa para que escojas a tu favorito. \u00bfQui\u00e9nes ser\u00e1n los galardonados este a\u00f1o?","og_url":"https:\/\/graziamagazine.com\/mx\/articles\/nominados-fashion-awards-estan-aqui\/","og_site_name":"Grazia M\u00e9xico y Latinoam\u00e9rica","article_modified_time":"2020-01-14T16:53:20+00:00","og_image":[{"width":1000,"height":667,"url":"https:\/\/graziamagazine.com\/mx\/wp-content\/uploads\/sites\/13\/2017\/10\/FASHION-AWARDS-NOMINADOS-DESTACADA-e1579020767331.jpg?fit=1000%2C667","type":"image\/jpeg"}],"twitter_card":"summary_large_image","twitter_misc":{"Est. reading time":"2 minutos"},"schema":{"@context":"https:\/\/schema.org","@graph":[{"@type":"WebPage","@id":"https:\/\/graziamagazine.com\/mx\/articles\/nominados-fashion-awards-estan-aqui\/","url":"https:\/\/graziamagazine.com\/mx\/articles\/nominados-fashion-awards-estan-aqui\/","name":"Los nominados a los Fashion Awards del British Fashion Council ya est\u00e1n aqu\u00ed | Grazia M\u00e9xico y Latinoam\u00e9rica","isPartOf":{"@id":"https:\/\/graziamagazine.com\/mx\/#website"},"datePublished":"2017-10-23T20:43:07+00:00","dateModified":"2020-01-14T16:53:20+00:00","description":"Los Fashion Awards ya tienen lista de nominados. Te dejamos la lista completa para que escojas a tu favorito. \u00bfQui\u00e9nes ser\u00e1n los galardonados este a\u00f1o?","breadcrumb":{"@id":"https:\/\/graziamagazine.com\/mx\/articles\/nominados-fashion-awards-estan-aqui\/#breadcrumb"},"inLanguage":"es-MX","potentialAction":[{"@type":"ReadAction","target":["https:\/\/graziamagazine.com\/mx\/articles\/nominados-fashion-awards-estan-aqui\/"]}]},{"@type":"BreadcrumbList","@id":"https:\/\/graziamagazine.com\/mx\/articles\/nominados-fashion-awards-estan-aqui\/#breadcrumb","itemListElement":[{"@type":"ListItem","position":1,"name":"Home","item":"https:\/\/graziamagazine.com\/mx\/"},{"@type":"ListItem","position":2,"name":"Los nominados a los Fashion Awards del British Fashion Council ya est\u00e1n aqu\u00ed"}]},{"@type":"WebSite","@id":"https:\/\/graziamagazine.com\/mx\/#website","url":"https:\/\/graziamagazine.com\/mx\/","name":"Grazia M\u00e9xico y Latinoam\u00e9rica","description":"Grazia es moda, belleza y noticias  de actualidad ","potentialAction":[{"@type":"SearchAction","target":{"@type":"EntryPoint","urlTemplate":"https:\/\/graziamagazine.com\/mx\/?s={search_term_string}"},"query-input":"required name=search_term_string"}],"inLanguage":"es-MX"}]}},"jetpack_sharing_enabled":true,"distributor_meta":false,"distributor_terms":false,"distributor_media":false,"distributor_original_site_name":"Grazia M\u00e9xico y Latinoam\u00e9rica","distributor_original_site_url":"https:\/\/graziamagazine.com\/mx","push-errors":false,"_links":{"self":[{"href":"https:\/\/graziamagazine.com\/mx\/wp-json\/wp\/v2\/articles\/35309"}],"collection":[{"href":"https:\/\/graziamagazine.com\/mx\/wp-json\/wp\/v2\/articles"}],"about":[{"href":"https:\/\/graziamagazine.com\/mx\/wp-json\/wp\/v2\/types\/articles"}],"author":[{"embeddable":true,"href":"https:\/\/graziamagazine.com\/mx\/wp-json\/wp\/v2\/users\/11641"}],"wp:featuredmedia":[{"embeddable":true,"href":"https:\/\/graziamagazine.com\/mx\/wp-json\/wp\/v2\/media\/35316"}],"wp:attachment":[{"href":"https:\/\/graziamagazine.com\/mx\/wp-json\/wp\/v2\/media?parent=35309"}],"wp:term":[{"taxonomy":"category","embeddable":true,"href":"https:\/\/graziamagazine.com\/mx\/wp-json\/wp\/v2\/categories?post=35309"}],"curies":[{"name":"wp","href":"https:\/\/api.w.org\/{rel}","templated":true}]}}