{"id":3529,"date":"2016-07-22T13:14:08","date_gmt":"2016-07-22T19:14:08","guid":{"rendered":"https:\/\/graziamagazine.com\/mx\/?p=3529"},"modified":"2016-07-22T14:48:23","modified_gmt":"2016-07-22T20:48:23","slug":"el-principe-george-cumple-4","status":"publish","type":"articles","link":"https:\/\/graziamagazine.com\/mx\/articles\/el-principe-george-cumple-4\/","title":{"rendered":"EL PR\u00cdNCIPE GEORGE CUMPLE 3 A\u00d1OS \u00a1Y SE VE LIND\u00cdSIMO!"},"content":{"rendered":"<p><b>El sitio oficial del Palacio de Buckingham revel\u00f3 los retratos oficiales de la celebraci\u00f3n del peque\u00f1o hijo de los duques de Cambridge<\/b><!--more--><\/p>\n<p><span style=\"font-weight: 400;\"><strong>Reino Unido y el mundo entero<\/strong>\u00a0 est\u00e1n locos por la fiebre real y no es de extra\u00f1arse. La peque\u00f1a familia de cuatro formada por <strong>William<\/strong> y <strong>Kate<\/strong>, se ha convertido en favorita de todos gracias a su estilo relajado de vivir bajo el protocolo real.<\/span><\/p>\n<p>Siguiendo el ejemplo de la fallecida <strong>Lady Di<\/strong>, el pr\u00edncipe ha consolidado la nueva imagen de la <strong>monarqu\u00eda brit\u00e1nica<\/strong> y todo con la ayuda de su amada <strong>duquesa<\/strong>. Hoy, toca el turno al primog\u00e9nito de la pareja de hacer encabezados por la situaci\u00f3n m\u00e1s adorable: para su cumplea\u00f1os n\u00famero tres, el palacio public\u00f3 cuatro retratos oficiales de la celebraci\u00f3n ocurrida a principios de este mes.<\/p>\n<p>Vistiendo dos atuendos muy apropiados para verano \u2013de shorts, playera y sueter a rayas\u2013 \u00a0el peque\u00f1o que hoy tiene su fecha de cumplea\u00f1os oficial, posa para la lente del fot\u00f3grafo<strong> Matt Porteous<\/strong> en la residencia familiar \u00a0de <strong>Anmer Hall<\/strong> en Norfolk, Inglaterra. Adem\u00e1s, <strong>Lupo<\/strong> \u2013el perro que adoptaron como su mascota\u2013 aparece en una de las im\u00e1genes junto al festejado, quien en una simp\u00e1tica (y bastante normal) escena, le acerca una paleta al hocico.<\/p>\n<p><span style=\"font-weight: 400;\">Desde su primer momento frente a las c\u00e1maras, luego de su nacimiento, <strong>George<\/strong> se ha mostrado como un ni\u00f1o alegre y vivaracho que de repente, tambi\u00e9n le hace berrinches a sus famosos padres. Retratos como estos, que lo muestran descalzo en un columpio \u2013con los nombres de sus padres grabados\u2013 y\u00a0en situaciones bastante comunes de un ni\u00f1o de tres\u00a0a\u00f1os, nos roban el coraz\u00f3n.<\/span><\/p>\n<p>&nbsp;<\/p>\n<p><!--[gallery ids=\"3533,3536,3535,3534\"]\n\n--><\/p>\n<p>&nbsp;<\/p>\n","protected":false},"author":11636,"featured_media":3531,"template":"","format":"standard","categories":[2,10],"acf":[],"yoast_head":"<!-- This site is optimized with the Yoast SEO Premium plugin v18.5 (Yoast SEO v20.4) - https:\/\/yoast.com\/wordpress\/plugins\/seo\/ -->\n<title>EL PR\u00cdNCIPE GEORGE CUMPLE 3 A\u00d1OS \u00a1Y SE VE LIND\u00cdSIMO! | Grazia M\u00e9xico y Latinoam\u00e9rica<\/title>\n<meta name=\"description\" content=\"El sitio oficial del Palacio de Buckingham revel\u00f3 los retratos oficiales de la celebraci\u00f3n del peque\u00f1o hijo de los duques de Cambridge Reino Unido y el\" \/>\n<meta name=\"robots\" content=\"index, follow, max-snippet:-1, max-image-preview:large, max-video-preview:-1\" \/>\n<link rel=\"canonical\" href=\"https:\/\/graziamagazine.com\/mx\/articles\/el-principe-george-cumple-4\/\" \/>\n<meta property=\"og:locale\" content=\"es_MX\" \/>\n<meta property=\"og:type\" content=\"article\" \/>\n<meta property=\"og:title\" content=\"EL PR\u00cdNCIPE GEORGE CUMPLE 3 A\u00d1OS \u00a1Y SE VE LIND\u00cdSIMO!\" \/>\n<meta property=\"og:description\" content=\"El sitio oficial del Palacio de Buckingham revel\u00f3 los retratos oficiales de la celebraci\u00f3n del peque\u00f1o hijo de los duques de Cambridge Reino Unido y el\" \/>\n<meta property=\"og:url\" content=\"https:\/\/graziamagazine.com\/mx\/articles\/el-principe-george-cumple-4\/\" \/>\n<meta property=\"og:site_name\" content=\"Grazia M\u00e9xico y Latinoam\u00e9rica\" \/>\n<meta property=\"article:modified_time\" content=\"2016-07-22T20:48:23+00:00\" \/>\n<meta property=\"og:image\" content=\"https:\/\/graziamagazine.com\/mx\/wp-content\/uploads\/sites\/13\/2016\/07\/princegeorgecov.jpg?fit=970%2C600\" \/>\n\t<meta property=\"og:image:width\" content=\"970\" \/>\n\t<meta property=\"og:image:height\" content=\"600\" \/>\n\t<meta property=\"og:image:type\" content=\"image\/jpeg\" \/>\n<meta name=\"twitter:card\" content=\"summary_large_image\" \/>\n<meta name=\"twitter:label1\" content=\"Est. reading time\" \/>\n\t<meta name=\"twitter:data1\" content=\"1 minuto\" \/>\n<script type=\"application\/ld+json\" class=\"yoast-schema-graph\">{\"@context\":\"https:\/\/schema.org\",\"@graph\":[{\"@type\":\"WebPage\",\"@id\":\"https:\/\/graziamagazine.com\/mx\/articles\/el-principe-george-cumple-4\/\",\"url\":\"https:\/\/graziamagazine.com\/mx\/articles\/el-principe-george-cumple-4\/\",\"name\":\"EL PR\u00cdNCIPE GEORGE CUMPLE 3 A\u00d1OS \u00a1Y SE VE LIND\u00cdSIMO! | Grazia M\u00e9xico y Latinoam\u00e9rica\",\"isPartOf\":{\"@id\":\"https:\/\/graziamagazine.com\/mx\/#website\"},\"datePublished\":\"2016-07-22T19:14:08+00:00\",\"dateModified\":\"2016-07-22T20:48:23+00:00\",\"description\":\"El sitio oficial del Palacio de Buckingham revel\u00f3 los retratos oficiales de la celebraci\u00f3n del peque\u00f1o hijo de los duques de Cambridge Reino Unido y el\",\"breadcrumb\":{\"@id\":\"https:\/\/graziamagazine.com\/mx\/articles\/el-principe-george-cumple-4\/#breadcrumb\"},\"inLanguage\":\"es-MX\",\"potentialAction\":[{\"@type\":\"ReadAction\",\"target\":[\"https:\/\/graziamagazine.com\/mx\/articles\/el-principe-george-cumple-4\/\"]}]},{\"@type\":\"BreadcrumbList\",\"@id\":\"https:\/\/graziamagazine.com\/mx\/articles\/el-principe-george-cumple-4\/#breadcrumb\",\"itemListElement\":[{\"@type\":\"ListItem\",\"position\":1,\"name\":\"Home\",\"item\":\"https:\/\/graziamagazine.com\/mx\/\"},{\"@type\":\"ListItem\",\"position\":2,\"name\":\"EL PR\u00cdNCIPE GEORGE CUMPLE 3 A\u00d1OS \u00a1Y SE VE LIND\u00cdSIMO!\"}]},{\"@type\":\"WebSite\",\"@id\":\"https:\/\/graziamagazine.com\/mx\/#website\",\"url\":\"https:\/\/graziamagazine.com\/mx\/\",\"name\":\"Grazia M\u00e9xico y Latinoam\u00e9rica\",\"description\":\"Grazia es moda, belleza y noticias  de actualidad \",\"potentialAction\":[{\"@type\":\"SearchAction\",\"target\":{\"@type\":\"EntryPoint\",\"urlTemplate\":\"https:\/\/graziamagazine.com\/mx\/?s={search_term_string}\"},\"query-input\":\"required name=search_term_string\"}],\"inLanguage\":\"es-MX\"}]}<\/script>\n<!-- \/ Yoast SEO Premium plugin. -->","yoast_head_json":{"title":"EL PR\u00cdNCIPE GEORGE CUMPLE 3 A\u00d1OS \u00a1Y SE VE LIND\u00cdSIMO! | Grazia M\u00e9xico y Latinoam\u00e9rica","description":"El sitio oficial del Palacio de Buckingham revel\u00f3 los retratos oficiales de la celebraci\u00f3n del peque\u00f1o hijo de los duques de Cambridge Reino Unido y el","robots":{"index":"index","follow":"follow","max-snippet":"max-snippet:-1","max-image-preview":"max-image-preview:large","max-video-preview":"max-video-preview:-1"},"canonical":"https:\/\/graziamagazine.com\/mx\/articles\/el-principe-george-cumple-4\/","og_locale":"es_MX","og_type":"article","og_title":"EL PR\u00cdNCIPE GEORGE CUMPLE 3 A\u00d1OS \u00a1Y SE VE LIND\u00cdSIMO!","og_description":"El sitio oficial del Palacio de Buckingham revel\u00f3 los retratos oficiales de la celebraci\u00f3n del peque\u00f1o hijo de los duques de Cambridge Reino Unido y el","og_url":"https:\/\/graziamagazine.com\/mx\/articles\/el-principe-george-cumple-4\/","og_site_name":"Grazia M\u00e9xico y Latinoam\u00e9rica","article_modified_time":"2016-07-22T20:48:23+00:00","og_image":[{"width":970,"height":600,"url":"https:\/\/graziamagazine.com\/mx\/wp-content\/uploads\/sites\/13\/2016\/07\/princegeorgecov.jpg?fit=970%2C600","type":"image\/jpeg"}],"twitter_card":"summary_large_image","twitter_misc":{"Est. reading time":"1 minuto"},"schema":{"@context":"https:\/\/schema.org","@graph":[{"@type":"WebPage","@id":"https:\/\/graziamagazine.com\/mx\/articles\/el-principe-george-cumple-4\/","url":"https:\/\/graziamagazine.com\/mx\/articles\/el-principe-george-cumple-4\/","name":"EL PR\u00cdNCIPE GEORGE CUMPLE 3 A\u00d1OS \u00a1Y SE VE LIND\u00cdSIMO! | Grazia M\u00e9xico y Latinoam\u00e9rica","isPartOf":{"@id":"https:\/\/graziamagazine.com\/mx\/#website"},"datePublished":"2016-07-22T19:14:08+00:00","dateModified":"2016-07-22T20:48:23+00:00","description":"El sitio oficial del Palacio de Buckingham revel\u00f3 los retratos oficiales de la celebraci\u00f3n del peque\u00f1o hijo de los duques de Cambridge Reino Unido y el","breadcrumb":{"@id":"https:\/\/graziamagazine.com\/mx\/articles\/el-principe-george-cumple-4\/#breadcrumb"},"inLanguage":"es-MX","potentialAction":[{"@type":"ReadAction","target":["https:\/\/graziamagazine.com\/mx\/articles\/el-principe-george-cumple-4\/"]}]},{"@type":"BreadcrumbList","@id":"https:\/\/graziamagazine.com\/mx\/articles\/el-principe-george-cumple-4\/#breadcrumb","itemListElement":[{"@type":"ListItem","position":1,"name":"Home","item":"https:\/\/graziamagazine.com\/mx\/"},{"@type":"ListItem","position":2,"name":"EL PR\u00cdNCIPE GEORGE CUMPLE 3 A\u00d1OS \u00a1Y SE VE LIND\u00cdSIMO!"}]},{"@type":"WebSite","@id":"https:\/\/graziamagazine.com\/mx\/#website","url":"https:\/\/graziamagazine.com\/mx\/","name":"Grazia M\u00e9xico y Latinoam\u00e9rica","description":"Grazia es moda, belleza y noticias  de actualidad ","potentialAction":[{"@type":"SearchAction","target":{"@type":"EntryPoint","urlTemplate":"https:\/\/graziamagazine.com\/mx\/?s={search_term_string}"},"query-input":"required name=search_term_string"}],"inLanguage":"es-MX"}]}},"jetpack_sharing_enabled":true,"distributor_meta":false,"distributor_terms":false,"distributor_media":false,"distributor_original_site_name":"Grazia M\u00e9xico y Latinoam\u00e9rica","distributor_original_site_url":"https:\/\/graziamagazine.com\/mx","push-errors":false,"_links":{"self":[{"href":"https:\/\/graziamagazine.com\/mx\/wp-json\/wp\/v2\/articles\/3529"}],"collection":[{"href":"https:\/\/graziamagazine.com\/mx\/wp-json\/wp\/v2\/articles"}],"about":[{"href":"https:\/\/graziamagazine.com\/mx\/wp-json\/wp\/v2\/types\/articles"}],"author":[{"embeddable":true,"href":"https:\/\/graziamagazine.com\/mx\/wp-json\/wp\/v2\/users\/11636"}],"wp:featuredmedia":[{"embeddable":true,"href":"https:\/\/graziamagazine.com\/mx\/wp-json\/wp\/v2\/media\/3531"}],"wp:attachment":[{"href":"https:\/\/graziamagazine.com\/mx\/wp-json\/wp\/v2\/media?parent=3529"}],"wp:term":[{"taxonomy":"category","embeddable":true,"href":"https:\/\/graziamagazine.com\/mx\/wp-json\/wp\/v2\/categories?post=3529"}],"curies":[{"name":"wp","href":"https:\/\/api.w.org\/{rel}","templated":true}]}}