{"id":35188,"date":"2017-10-20T10:00:00","date_gmt":"2017-10-20T16:00:00","guid":{"rendered":"https:\/\/graziamagazine.com\/mx\/?p=35188"},"modified":"2019-12-20T12:13:13","modified_gmt":"2019-12-20T17:13:13","slug":"meghan-markle-principe-harry-boda","status":"publish","type":"articles","link":"https:\/\/graziamagazine.com\/mx\/articles\/meghan-markle-principe-harry-boda\/","title":{"rendered":"Meghan Markle y el Pr\u00edncipe Harry tendr\u00edan fecha de boda"},"content":{"rendered":"<p><b>Los rumores en torno al pr\u00edncipe Harry y su novia son cada vez m\u00e1s intensos. Como que ya seleccionaron el d\u00eda de su boda, por ejemplo.<\/b><\/p>\n<p><!--more--><\/p>\n<p><span style=\"font-weight: 400;\">La realeza es uno de los temas favoritos de quienes creen en los cuentos con finales felices y la que tiene a todos emocionados es la de el <strong>pr\u00edncipe Harry<\/strong> y <strong>Meghan Markle.<\/strong><\/span><\/p>\n<p><span style=\"font-weight: 400;\">Tan pronto como se confirm\u00f3 el romance la prensa se volc\u00f3 en descubrir o hilar <a href=\"https:\/\/graziamagazine.com\/mx\/este-es-el-titulo-real-que-tendra-el-hijo-de-meghan-markle-y-prince-harry\/\" target=\"_blank\" rel=\"noopener\"><strong>historias<\/strong><\/a> en torno a una de las familias m\u00e1s herm\u00e9ticas de la corona. La m\u00e1s reciente los colocar\u00eda varios pasos adelante.<\/span><\/p>\n<p><span style=\"font-weight: 400;\">Seg\u00fan describieron fuentes a un medio, ya existe una fecha en el calendario para el enlace nupcial m\u00e1s esperado.<\/span><\/p>\n<blockquote><p><b><i>\u201cWilliam y Kate esperan a su tercer beb\u00e9 en abril y Harry no quiere opacar el nacimiento. Adem\u00e1s, la duquesa necesitar\u00e1 un tiempo para recuperarse antes de acudir a un evento de tan alto perfil\u201d.<\/i><\/b><\/p><\/blockquote>\n<p><span style=\"font-weight: 400;\">El lugar m\u00e1s discutido es la <strong>abad\u00eda de Westminster<\/strong> y otras alternativas ser\u00edan la iglesia de<strong> San Pablo, San Jaime<\/strong> o el <strong>castillo<\/strong> <strong>Windsor<\/strong>.<\/span><b><i> \u201cAunque no est\u00e1 completamente descartado que se casen en su natal Los \u00c1ngeles (Meghan), en febrero\u201d<\/i><\/b><span style=\"font-weight: 400;\">.<\/span><\/p>\n<p><span style=\"font-weight: 400;\">\u00bfCrees que sea verdad?<\/span><\/p>\n<p><img loading=\"lazy\" decoding=\"async\" class=\"alignnone wp-image-35190 size-full\" title=\"Meghan Markle y el Pr\u00edncipe Harry tendr\u00edan fecha de boda\" src=\"https:\/\/graziamagazine.com\/mx\/wp-content\/uploads\/sites\/13\/2017\/10\/MEGHAN-MARKLE-PRI\u0301NCIPE-HARRY-BODA-1.jpg\" alt=\"Meghan Markle y el Pr\u00edncipe Harry tendr\u00edan fecha de boda\" width=\"2000\" height=\"2000\" srcset=\"https:\/\/graziamagazine.com\/mx\/wp-content\/uploads\/sites\/13\/2017\/10\/MEGHAN-MARKLE-PRI\u0301NCIPE-HARRY-BODA-1.jpg 2000w, https:\/\/graziamagazine.com\/mx\/wp-content\/uploads\/sites\/13\/2017\/10\/MEGHAN-MARKLE-PRI\u0301NCIPE-HARRY-BODA-1.jpg?resize=150,150 150w, https:\/\/graziamagazine.com\/mx\/wp-content\/uploads\/sites\/13\/2017\/10\/MEGHAN-MARKLE-PRI\u0301NCIPE-HARRY-BODA-1.jpg?resize=450,450 450w, https:\/\/graziamagazine.com\/mx\/wp-content\/uploads\/sites\/13\/2017\/10\/MEGHAN-MARKLE-PRI\u0301NCIPE-HARRY-BODA-1.jpg?resize=768,768 768w, https:\/\/graziamagazine.com\/mx\/wp-content\/uploads\/sites\/13\/2017\/10\/MEGHAN-MARKLE-PRI\u0301NCIPE-HARRY-BODA-1.jpg?resize=1024,1024 1024w, https:\/\/graziamagazine.com\/mx\/wp-content\/uploads\/sites\/13\/2017\/10\/MEGHAN-MARKLE-PRI\u0301NCIPE-HARRY-BODA-1.jpg?resize=1536,1536 1536w, https:\/\/graziamagazine.com\/mx\/wp-content\/uploads\/sites\/13\/2017\/10\/MEGHAN-MARKLE-PRI\u0301NCIPE-HARRY-BODA-1.jpg?resize=155,155 155w\" sizes=\"(max-width: 2000px) 100vw, 2000px\" \/><\/p>\n<h5><b><i>*IM\u00c1GENES: WireImage.<\/i><\/b><\/h5>\n","protected":false},"author":11634,"featured_media":35189,"template":"","format":"standard","categories":[114],"acf":[],"yoast_head":"<!-- This site is optimized with the Yoast SEO Premium plugin v18.5 (Yoast SEO v20.4) - https:\/\/yoast.com\/wordpress\/plugins\/seo\/ -->\n<title>Meghan Markle y el Pr\u00edncipe Harry tendr\u00edan fecha de boda | Grazia M\u00e9xico y Latinoam\u00e9rica<\/title>\n<meta name=\"description\" content=\"Los rumores en torno al pr\u00edncipe Harry y su novia son cada vez m\u00e1s intensos. Como que ya seleccionaron el d\u00eda de su boda, por ejemplo.\" \/>\n<meta name=\"robots\" content=\"index, follow, max-snippet:-1, max-image-preview:large, max-video-preview:-1\" \/>\n<link rel=\"canonical\" href=\"https:\/\/graziamagazine.com\/mx\/articles\/meghan-markle-principe-harry-boda\/\" \/>\n<meta property=\"og:locale\" content=\"es_MX\" \/>\n<meta property=\"og:type\" content=\"article\" \/>\n<meta property=\"og:title\" content=\"Meghan Markle y el Pr\u00edncipe Harry tendr\u00edan fecha de boda\" \/>\n<meta property=\"og:description\" content=\"Los rumores en torno al pr\u00edncipe Harry y su novia son cada vez m\u00e1s intensos. Como que ya seleccionaron el d\u00eda de su boda, por ejemplo.\" \/>\n<meta property=\"og:url\" content=\"https:\/\/graziamagazine.com\/mx\/articles\/meghan-markle-principe-harry-boda\/\" \/>\n<meta property=\"og:site_name\" content=\"Grazia M\u00e9xico y Latinoam\u00e9rica\" \/>\n<meta property=\"article:modified_time\" content=\"2019-12-20T17:13:13+00:00\" \/>\n<meta property=\"og:image\" content=\"https:\/\/graziamagazine.com\/mx\/wp-content\/uploads\/sites\/13\/2017\/10\/MEGHAN-MARKLE-PRI\u0301NCIPE-HARRY-BODA-DESTACADA.png?fit=1275%2C561\" \/>\n\t<meta property=\"og:image:width\" content=\"1275\" \/>\n\t<meta property=\"og:image:height\" content=\"561\" \/>\n\t<meta property=\"og:image:type\" content=\"image\/png\" \/>\n<meta name=\"twitter:card\" content=\"summary_large_image\" \/>\n<meta name=\"twitter:label1\" content=\"Est. reading time\" \/>\n\t<meta name=\"twitter:data1\" content=\"1 minuto\" \/>\n<script type=\"application\/ld+json\" class=\"yoast-schema-graph\">{\"@context\":\"https:\/\/schema.org\",\"@graph\":[{\"@type\":\"WebPage\",\"@id\":\"https:\/\/graziamagazine.com\/mx\/articles\/meghan-markle-principe-harry-boda\/\",\"url\":\"https:\/\/graziamagazine.com\/mx\/articles\/meghan-markle-principe-harry-boda\/\",\"name\":\"Meghan Markle y el Pr\u00edncipe Harry tendr\u00edan fecha de boda | Grazia M\u00e9xico y Latinoam\u00e9rica\",\"isPartOf\":{\"@id\":\"https:\/\/graziamagazine.com\/mx\/#website\"},\"datePublished\":\"2017-10-20T16:00:00+00:00\",\"dateModified\":\"2019-12-20T17:13:13+00:00\",\"description\":\"Los rumores en torno al pr\u00edncipe Harry y su novia son cada vez m\u00e1s intensos. Como que ya seleccionaron el d\u00eda de su boda, por ejemplo.\",\"breadcrumb\":{\"@id\":\"https:\/\/graziamagazine.com\/mx\/articles\/meghan-markle-principe-harry-boda\/#breadcrumb\"},\"inLanguage\":\"es-MX\",\"potentialAction\":[{\"@type\":\"ReadAction\",\"target\":[\"https:\/\/graziamagazine.com\/mx\/articles\/meghan-markle-principe-harry-boda\/\"]}]},{\"@type\":\"BreadcrumbList\",\"@id\":\"https:\/\/graziamagazine.com\/mx\/articles\/meghan-markle-principe-harry-boda\/#breadcrumb\",\"itemListElement\":[{\"@type\":\"ListItem\",\"position\":1,\"name\":\"Home\",\"item\":\"https:\/\/graziamagazine.com\/mx\/\"},{\"@type\":\"ListItem\",\"position\":2,\"name\":\"Meghan Markle y el Pr\u00edncipe Harry tendr\u00edan fecha de boda\"}]},{\"@type\":\"WebSite\",\"@id\":\"https:\/\/graziamagazine.com\/mx\/#website\",\"url\":\"https:\/\/graziamagazine.com\/mx\/\",\"name\":\"Grazia M\u00e9xico y Latinoam\u00e9rica\",\"description\":\"Grazia es moda, belleza y noticias  de actualidad \",\"potentialAction\":[{\"@type\":\"SearchAction\",\"target\":{\"@type\":\"EntryPoint\",\"urlTemplate\":\"https:\/\/graziamagazine.com\/mx\/?s={search_term_string}\"},\"query-input\":\"required name=search_term_string\"}],\"inLanguage\":\"es-MX\"}]}<\/script>\n<!-- \/ Yoast SEO Premium plugin. -->","yoast_head_json":{"title":"Meghan Markle y el Pr\u00edncipe Harry tendr\u00edan fecha de boda | Grazia M\u00e9xico y Latinoam\u00e9rica","description":"Los rumores en torno al pr\u00edncipe Harry y su novia son cada vez m\u00e1s intensos. Como que ya seleccionaron el d\u00eda de su boda, por ejemplo.","robots":{"index":"index","follow":"follow","max-snippet":"max-snippet:-1","max-image-preview":"max-image-preview:large","max-video-preview":"max-video-preview:-1"},"canonical":"https:\/\/graziamagazine.com\/mx\/articles\/meghan-markle-principe-harry-boda\/","og_locale":"es_MX","og_type":"article","og_title":"Meghan Markle y el Pr\u00edncipe Harry tendr\u00edan fecha de boda","og_description":"Los rumores en torno al pr\u00edncipe Harry y su novia son cada vez m\u00e1s intensos. Como que ya seleccionaron el d\u00eda de su boda, por ejemplo.","og_url":"https:\/\/graziamagazine.com\/mx\/articles\/meghan-markle-principe-harry-boda\/","og_site_name":"Grazia M\u00e9xico y Latinoam\u00e9rica","article_modified_time":"2019-12-20T17:13:13+00:00","og_image":[{"width":1275,"height":561,"url":"https:\/\/graziamagazine.com\/mx\/wp-content\/uploads\/sites\/13\/2017\/10\/MEGHAN-MARKLE-PRI\u0301NCIPE-HARRY-BODA-DESTACADA.png?fit=1275%2C561","type":"image\/png"}],"twitter_card":"summary_large_image","twitter_misc":{"Est. reading time":"1 minuto"},"schema":{"@context":"https:\/\/schema.org","@graph":[{"@type":"WebPage","@id":"https:\/\/graziamagazine.com\/mx\/articles\/meghan-markle-principe-harry-boda\/","url":"https:\/\/graziamagazine.com\/mx\/articles\/meghan-markle-principe-harry-boda\/","name":"Meghan Markle y el Pr\u00edncipe Harry tendr\u00edan fecha de boda | Grazia M\u00e9xico y Latinoam\u00e9rica","isPartOf":{"@id":"https:\/\/graziamagazine.com\/mx\/#website"},"datePublished":"2017-10-20T16:00:00+00:00","dateModified":"2019-12-20T17:13:13+00:00","description":"Los rumores en torno al pr\u00edncipe Harry y su novia son cada vez m\u00e1s intensos. Como que ya seleccionaron el d\u00eda de su boda, por ejemplo.","breadcrumb":{"@id":"https:\/\/graziamagazine.com\/mx\/articles\/meghan-markle-principe-harry-boda\/#breadcrumb"},"inLanguage":"es-MX","potentialAction":[{"@type":"ReadAction","target":["https:\/\/graziamagazine.com\/mx\/articles\/meghan-markle-principe-harry-boda\/"]}]},{"@type":"BreadcrumbList","@id":"https:\/\/graziamagazine.com\/mx\/articles\/meghan-markle-principe-harry-boda\/#breadcrumb","itemListElement":[{"@type":"ListItem","position":1,"name":"Home","item":"https:\/\/graziamagazine.com\/mx\/"},{"@type":"ListItem","position":2,"name":"Meghan Markle y el Pr\u00edncipe Harry tendr\u00edan fecha de boda"}]},{"@type":"WebSite","@id":"https:\/\/graziamagazine.com\/mx\/#website","url":"https:\/\/graziamagazine.com\/mx\/","name":"Grazia M\u00e9xico y Latinoam\u00e9rica","description":"Grazia es moda, belleza y noticias  de actualidad ","potentialAction":[{"@type":"SearchAction","target":{"@type":"EntryPoint","urlTemplate":"https:\/\/graziamagazine.com\/mx\/?s={search_term_string}"},"query-input":"required name=search_term_string"}],"inLanguage":"es-MX"}]}},"jetpack_sharing_enabled":true,"distributor_meta":false,"distributor_terms":false,"distributor_media":false,"distributor_original_site_name":"Grazia M\u00e9xico y Latinoam\u00e9rica","distributor_original_site_url":"https:\/\/graziamagazine.com\/mx","push-errors":false,"_links":{"self":[{"href":"https:\/\/graziamagazine.com\/mx\/wp-json\/wp\/v2\/articles\/35188"}],"collection":[{"href":"https:\/\/graziamagazine.com\/mx\/wp-json\/wp\/v2\/articles"}],"about":[{"href":"https:\/\/graziamagazine.com\/mx\/wp-json\/wp\/v2\/types\/articles"}],"author":[{"embeddable":true,"href":"https:\/\/graziamagazine.com\/mx\/wp-json\/wp\/v2\/users\/11634"}],"wp:featuredmedia":[{"embeddable":true,"href":"https:\/\/graziamagazine.com\/mx\/wp-json\/wp\/v2\/media\/35189"}],"wp:attachment":[{"href":"https:\/\/graziamagazine.com\/mx\/wp-json\/wp\/v2\/media?parent=35188"}],"wp:term":[{"taxonomy":"category","embeddable":true,"href":"https:\/\/graziamagazine.com\/mx\/wp-json\/wp\/v2\/categories?post=35188"}],"curies":[{"name":"wp","href":"https:\/\/api.w.org\/{rel}","templated":true}]}}