{"id":35153,"date":"2017-10-19T13:40:08","date_gmt":"2017-10-19T19:40:08","guid":{"rendered":"https:\/\/graziamagazine.com\/mx\/?p=35153"},"modified":"2017-10-19T13:40:55","modified_gmt":"2017-10-19T19:40:55","slug":"eva-salvavidas-llega-en-mes-rosa","status":"publish","type":"articles","link":"https:\/\/graziamagazine.com\/mx\/articles\/eva-salvavidas-llega-en-mes-rosa\/","title":{"rendered":"EVA: EL SALVAVIDAS LLEGA EN EL MES ROSA"},"content":{"rendered":"<p><b>Juli\u00e1n R\u00edos decidi\u00f3 transformar su experiencia en Eva, un artefacto tecnol\u00f3gico que ayudar\u00e1 a las mujeres en la detecci\u00f3n del c\u00e1ncer de mama.<\/b><\/p>\n<p><!--more--><\/p>\n<h4><b>*Lee la entrevista completa a Juli\u00e1n R\u00edos en The Body Issue, dentro de nuestra edici\u00f3n impresa de octubre. \u00a1Ya a la venta!<\/b><\/h4>\n<p>&nbsp;<\/p>\n<p><span style=\"font-weight: 400;\">Conocer a <strong>Juli\u00e1n R\u00edo<\/strong>s es sorprenderte de inmediato, pues con tan s\u00f3lo 20 a\u00f1os ha dado un enorme paso en pro de la detecci\u00f3n del c\u00e1ncer de mama.<\/span><\/p>\n<p><span style=\"font-weight: 400;\">Hijo de una madre que padeci\u00f3 de esta terrible enfermedad y creador de <strong>Eva<\/strong>, el nuevo dispositivo que ayudar\u00e1 en la detecci\u00f3n del c\u00e1ncer de mama.<\/span><\/p>\n<p><span style=\"font-weight: 400;\"><strong>Higia Technologies<\/strong> es el nombre de la compa\u00f1\u00eda que \u00e9l, junto a dos amigos de la universidad, fundaron para respaldar el ambicioso proyecto que ya se encuentra a la venta. <\/span><span style=\"font-weight: 400;\">En el marco del mes rosa.<\/span><\/p>\n<p><span style=\"font-weight: 400;\">\u00bfC\u00f3mo funciona? <\/span><b><i>\u201cA trav\u00e9s de un parche de biosensores que va dentro de las copas de un brassiere deportivo que la misma usuaria coloca, va mapeando c\u00f3mo se comporta la temperatura del seno durante un periodo de 60 a 90 minutos por semana, que es el tiempo de uso para obtener una lectura adecuada\u201d.<\/i><\/b><\/p>\n<p><span style=\"font-weight: 400;\">\u00a0Adem\u00e1s, el monitoreo de tu historial\u00a0se lleva a cabo desde una aplicaci\u00f3n m\u00f3vil.<\/span><\/p>\n<p><span style=\"font-weight: 400;\">Pr\u00f3ximamente, se espera que llegue a manos de organizaciones de salud para ponerlo al alcance de m\u00e1s mujeres.\u00a0<\/span><\/p>\n<p>Ya puedes pre ordenarlo en su <a href=\"http:\/\/evabra.mx\/\" target=\"_blank\" rel=\"noopener\" target=\"_blank\"><strong>sitio oficial<\/strong> <\/a>y recibirlo en 2018.<\/p>\n<blockquote><p><b><i>\u201cEs importante aclarar que Eva en ning\u00fan momento est\u00e1 pensado para reemplazar a la mastograf\u00eda, sino m\u00e1s bien ser\u00e1 un dispositivo que la complemente y que se convierta en un m\u00e9todo preventivo cotidiano\u201d.<\/i><\/b><\/p><\/blockquote>\n<p>&nbsp;<\/p>\n<p><img loading=\"lazy\" decoding=\"async\" width=\"1083\" height=\"1136\" class=\"alignnone size-full wp-image-35158\" src=\"https:\/\/graziamagazine.com\/mx\/wp-content\/uploads\/sites\/13\/2017\/10\/EVA-JULIA\u0301N-RIOS-MES-ROSA-1.jpg\" alt=\"EVA-JULIA\u0301N-RIOS-MES-ROSA-1\" srcset=\"https:\/\/graziamagazine.com\/mx\/wp-content\/uploads\/sites\/13\/2017\/10\/EVA-JULIA\u0301N-RIOS-MES-ROSA-1.jpg 1083w, https:\/\/graziamagazine.com\/mx\/wp-content\/uploads\/sites\/13\/2017\/10\/EVA-JULIA\u0301N-RIOS-MES-ROSA-1.jpg?resize=429,450 429w, https:\/\/graziamagazine.com\/mx\/wp-content\/uploads\/sites\/13\/2017\/10\/EVA-JULIA\u0301N-RIOS-MES-ROSA-1.jpg?resize=768,806 768w, https:\/\/graziamagazine.com\/mx\/wp-content\/uploads\/sites\/13\/2017\/10\/EVA-JULIA\u0301N-RIOS-MES-ROSA-1.jpg?resize=976,1024 976w, https:\/\/graziamagazine.com\/mx\/wp-content\/uploads\/sites\/13\/2017\/10\/EVA-JULIA\u0301N-RIOS-MES-ROSA-1.jpg?resize=155,163 155w\" sizes=\"(max-width: 1083px) 100vw, 1083px\" \/><\/p>\n<h5 style=\"text-align: center;\"><b><i>Cortes\u00eda Higia Technologies.<\/i><\/b><\/h5>\n<h5><\/h5>\n","protected":false},"author":11634,"featured_media":35156,"template":"","format":"standard","categories":[114,3,4],"acf":[],"yoast_head":"<!-- This site is optimized with the Yoast SEO Premium plugin v18.5 (Yoast SEO v20.4) - https:\/\/yoast.com\/wordpress\/plugins\/seo\/ -->\n<title>EVA: EL SALVAVIDAS LLEGA EN EL MES ROSA | Grazia M\u00e9xico y Latinoam\u00e9rica<\/title>\n<meta name=\"description\" content=\"Juli\u00e1n R\u00edos decidi\u00f3 transformar su experiencia en Eva, un artefacto tecnol\u00f3gico que ayudar\u00e1 a las mujeres en la detecci\u00f3n del c\u00e1ncer de mama.\" \/>\n<meta name=\"robots\" content=\"index, follow, max-snippet:-1, max-image-preview:large, max-video-preview:-1\" \/>\n<link rel=\"canonical\" href=\"https:\/\/graziamagazine.com\/mx\/articles\/eva-salvavidas-llega-en-mes-rosa\/\" \/>\n<meta property=\"og:locale\" content=\"es_MX\" \/>\n<meta property=\"og:type\" content=\"article\" \/>\n<meta property=\"og:title\" content=\"EVA: EL SALVAVIDAS LLEGA EN EL MES ROSA\" \/>\n<meta property=\"og:description\" content=\"Juli\u00e1n R\u00edos decidi\u00f3 transformar su experiencia en Eva, un artefacto tecnol\u00f3gico que ayudar\u00e1 a las mujeres en la detecci\u00f3n del c\u00e1ncer de mama.\" \/>\n<meta property=\"og:url\" content=\"https:\/\/graziamagazine.com\/mx\/articles\/eva-salvavidas-llega-en-mes-rosa\/\" \/>\n<meta property=\"og:site_name\" content=\"Grazia M\u00e9xico y Latinoam\u00e9rica\" \/>\n<meta property=\"article:modified_time\" content=\"2017-10-19T19:40:55+00:00\" \/>\n<meta property=\"og:image\" content=\"https:\/\/graziamagazine.com\/mx\/wp-content\/uploads\/sites\/13\/2017\/10\/EVA-JULIA\u0301N-RIOS-MES-ROSA-2.png?fit=1153%2C494\" \/>\n\t<meta property=\"og:image:width\" content=\"1153\" \/>\n\t<meta property=\"og:image:height\" content=\"494\" \/>\n\t<meta property=\"og:image:type\" content=\"image\/png\" \/>\n<meta name=\"twitter:card\" content=\"summary_large_image\" \/>\n<meta name=\"twitter:label1\" content=\"Est. reading time\" \/>\n\t<meta name=\"twitter:data1\" content=\"1 minuto\" \/>\n<script type=\"application\/ld+json\" class=\"yoast-schema-graph\">{\"@context\":\"https:\/\/schema.org\",\"@graph\":[{\"@type\":\"WebPage\",\"@id\":\"https:\/\/graziamagazine.com\/mx\/articles\/eva-salvavidas-llega-en-mes-rosa\/\",\"url\":\"https:\/\/graziamagazine.com\/mx\/articles\/eva-salvavidas-llega-en-mes-rosa\/\",\"name\":\"EVA: EL SALVAVIDAS LLEGA EN EL MES ROSA | Grazia M\u00e9xico y Latinoam\u00e9rica\",\"isPartOf\":{\"@id\":\"https:\/\/graziamagazine.com\/mx\/#website\"},\"datePublished\":\"2017-10-19T19:40:08+00:00\",\"dateModified\":\"2017-10-19T19:40:55+00:00\",\"description\":\"Juli\u00e1n R\u00edos decidi\u00f3 transformar su experiencia en Eva, un artefacto tecnol\u00f3gico que ayudar\u00e1 a las mujeres en la detecci\u00f3n del c\u00e1ncer de mama.\",\"breadcrumb\":{\"@id\":\"https:\/\/graziamagazine.com\/mx\/articles\/eva-salvavidas-llega-en-mes-rosa\/#breadcrumb\"},\"inLanguage\":\"es-MX\",\"potentialAction\":[{\"@type\":\"ReadAction\",\"target\":[\"https:\/\/graziamagazine.com\/mx\/articles\/eva-salvavidas-llega-en-mes-rosa\/\"]}]},{\"@type\":\"BreadcrumbList\",\"@id\":\"https:\/\/graziamagazine.com\/mx\/articles\/eva-salvavidas-llega-en-mes-rosa\/#breadcrumb\",\"itemListElement\":[{\"@type\":\"ListItem\",\"position\":1,\"name\":\"Home\",\"item\":\"https:\/\/graziamagazine.com\/mx\/\"},{\"@type\":\"ListItem\",\"position\":2,\"name\":\"EVA: EL SALVAVIDAS LLEGA EN EL MES ROSA\"}]},{\"@type\":\"WebSite\",\"@id\":\"https:\/\/graziamagazine.com\/mx\/#website\",\"url\":\"https:\/\/graziamagazine.com\/mx\/\",\"name\":\"Grazia M\u00e9xico y Latinoam\u00e9rica\",\"description\":\"Grazia es moda, belleza y noticias  de actualidad \",\"potentialAction\":[{\"@type\":\"SearchAction\",\"target\":{\"@type\":\"EntryPoint\",\"urlTemplate\":\"https:\/\/graziamagazine.com\/mx\/?s={search_term_string}\"},\"query-input\":\"required name=search_term_string\"}],\"inLanguage\":\"es-MX\"}]}<\/script>\n<!-- \/ Yoast SEO Premium plugin. -->","yoast_head_json":{"title":"EVA: EL SALVAVIDAS LLEGA EN EL MES ROSA | Grazia M\u00e9xico y Latinoam\u00e9rica","description":"Juli\u00e1n R\u00edos decidi\u00f3 transformar su experiencia en Eva, un artefacto tecnol\u00f3gico que ayudar\u00e1 a las mujeres en la detecci\u00f3n del c\u00e1ncer de mama.","robots":{"index":"index","follow":"follow","max-snippet":"max-snippet:-1","max-image-preview":"max-image-preview:large","max-video-preview":"max-video-preview:-1"},"canonical":"https:\/\/graziamagazine.com\/mx\/articles\/eva-salvavidas-llega-en-mes-rosa\/","og_locale":"es_MX","og_type":"article","og_title":"EVA: EL SALVAVIDAS LLEGA EN EL MES ROSA","og_description":"Juli\u00e1n R\u00edos decidi\u00f3 transformar su experiencia en Eva, un artefacto tecnol\u00f3gico que ayudar\u00e1 a las mujeres en la detecci\u00f3n del c\u00e1ncer de mama.","og_url":"https:\/\/graziamagazine.com\/mx\/articles\/eva-salvavidas-llega-en-mes-rosa\/","og_site_name":"Grazia M\u00e9xico y Latinoam\u00e9rica","article_modified_time":"2017-10-19T19:40:55+00:00","og_image":[{"width":1153,"height":494,"url":"https:\/\/graziamagazine.com\/mx\/wp-content\/uploads\/sites\/13\/2017\/10\/EVA-JULIA\u0301N-RIOS-MES-ROSA-2.png?fit=1153%2C494","type":"image\/png"}],"twitter_card":"summary_large_image","twitter_misc":{"Est. reading time":"1 minuto"},"schema":{"@context":"https:\/\/schema.org","@graph":[{"@type":"WebPage","@id":"https:\/\/graziamagazine.com\/mx\/articles\/eva-salvavidas-llega-en-mes-rosa\/","url":"https:\/\/graziamagazine.com\/mx\/articles\/eva-salvavidas-llega-en-mes-rosa\/","name":"EVA: EL SALVAVIDAS LLEGA EN EL MES ROSA | Grazia M\u00e9xico y Latinoam\u00e9rica","isPartOf":{"@id":"https:\/\/graziamagazine.com\/mx\/#website"},"datePublished":"2017-10-19T19:40:08+00:00","dateModified":"2017-10-19T19:40:55+00:00","description":"Juli\u00e1n R\u00edos decidi\u00f3 transformar su experiencia en Eva, un artefacto tecnol\u00f3gico que ayudar\u00e1 a las mujeres en la detecci\u00f3n del c\u00e1ncer de mama.","breadcrumb":{"@id":"https:\/\/graziamagazine.com\/mx\/articles\/eva-salvavidas-llega-en-mes-rosa\/#breadcrumb"},"inLanguage":"es-MX","potentialAction":[{"@type":"ReadAction","target":["https:\/\/graziamagazine.com\/mx\/articles\/eva-salvavidas-llega-en-mes-rosa\/"]}]},{"@type":"BreadcrumbList","@id":"https:\/\/graziamagazine.com\/mx\/articles\/eva-salvavidas-llega-en-mes-rosa\/#breadcrumb","itemListElement":[{"@type":"ListItem","position":1,"name":"Home","item":"https:\/\/graziamagazine.com\/mx\/"},{"@type":"ListItem","position":2,"name":"EVA: EL SALVAVIDAS LLEGA EN EL MES ROSA"}]},{"@type":"WebSite","@id":"https:\/\/graziamagazine.com\/mx\/#website","url":"https:\/\/graziamagazine.com\/mx\/","name":"Grazia M\u00e9xico y Latinoam\u00e9rica","description":"Grazia es moda, belleza y noticias  de actualidad ","potentialAction":[{"@type":"SearchAction","target":{"@type":"EntryPoint","urlTemplate":"https:\/\/graziamagazine.com\/mx\/?s={search_term_string}"},"query-input":"required name=search_term_string"}],"inLanguage":"es-MX"}]}},"jetpack_sharing_enabled":true,"distributor_meta":false,"distributor_terms":false,"distributor_media":false,"distributor_original_site_name":"Grazia M\u00e9xico y Latinoam\u00e9rica","distributor_original_site_url":"https:\/\/graziamagazine.com\/mx","push-errors":false,"_links":{"self":[{"href":"https:\/\/graziamagazine.com\/mx\/wp-json\/wp\/v2\/articles\/35153"}],"collection":[{"href":"https:\/\/graziamagazine.com\/mx\/wp-json\/wp\/v2\/articles"}],"about":[{"href":"https:\/\/graziamagazine.com\/mx\/wp-json\/wp\/v2\/types\/articles"}],"author":[{"embeddable":true,"href":"https:\/\/graziamagazine.com\/mx\/wp-json\/wp\/v2\/users\/11634"}],"wp:featuredmedia":[{"embeddable":true,"href":"https:\/\/graziamagazine.com\/mx\/wp-json\/wp\/v2\/media\/35156"}],"wp:attachment":[{"href":"https:\/\/graziamagazine.com\/mx\/wp-json\/wp\/v2\/media?parent=35153"}],"wp:term":[{"taxonomy":"category","embeddable":true,"href":"https:\/\/graziamagazine.com\/mx\/wp-json\/wp\/v2\/categories?post=35153"}],"curies":[{"name":"wp","href":"https:\/\/api.w.org\/{rel}","templated":true}]}}