{"id":34776,"date":"2017-10-11T20:09:51","date_gmt":"2017-10-12T02:09:51","guid":{"rendered":"https:\/\/graziamagazine.com\/mx\/?p=34776"},"modified":"2021-01-14T15:01:29","modified_gmt":"2021-01-14T20:01:29","slug":"luisa-the-body-issue-presentado-warners","status":"publish","type":"articles","link":"https:\/\/graziamagazine.com\/mx\/articles\/luisa-the-body-issue-presentado-warners\/","title":{"rendered":"Una #MujerAutentica en The Body Issue de Grazia (presentado por Warner&#8217;s)"},"content":{"rendered":"<p><iframe loading=\"lazy\" src=\"https:\/\/www.youtube.com\/embed\/4tuIADWxIIo\" width=\"560\" height=\"315\" frameborder=\"0\" allowfullscreen=\"allowfullscreen\"><\/iframe><\/p>\n<p class=\"p1\">MODA: Cynthia Grajales.<br \/>\nFOTOGRAF\u00cdA: Khristio.<br \/>\nPELO Y MAQUILLAJE: Gustavo Bortolotti.<br \/>\nMANI: Mar\u00eda Sof\u00eda P\u00e9rez Cruz para Jessica Nails.<br \/>\nASISTENTE DE MODA: Kayla Carri\u00f3n.<\/p>\n","protected":false},"author":11636,"featured_media":34778,"template":"","format":"standard","categories":[8],"acf":[],"yoast_head":"<!-- This site is optimized with the Yoast SEO Premium plugin v18.5 (Yoast SEO v20.4) - https:\/\/yoast.com\/wordpress\/plugins\/seo\/ -->\n<title>Una #MujerAutentica en The Body Issue de Grazia (presentado por Warner&#039;s) | Grazia M\u00e9xico y Latinoam\u00e9rica<\/title>\n<meta name=\"description\" content=\"MODA: Cynthia Grajales. FOTOGRAF\u00cdA: Khristio. PELO Y MAQUILLAJE: Gustavo Bortolotti. MANI: Mar\u00eda Sof\u00eda P\u00e9rez Cruz para Jessica Nails. ASISTENTE DE MODA:\" \/>\n<meta name=\"robots\" content=\"index, follow, max-snippet:-1, max-image-preview:large, max-video-preview:-1\" \/>\n<link rel=\"canonical\" href=\"https:\/\/graziamagazine.com\/mx\/articles\/luisa-the-body-issue-presentado-warners\/\" \/>\n<meta property=\"og:locale\" content=\"es_MX\" \/>\n<meta property=\"og:type\" content=\"article\" \/>\n<meta property=\"og:title\" content=\"Una #MujerAutentica en The Body Issue de Grazia (presentado por Warner&#039;s)\" \/>\n<meta property=\"og:description\" content=\"MODA: Cynthia Grajales. FOTOGRAF\u00cdA: Khristio. PELO Y MAQUILLAJE: Gustavo Bortolotti. MANI: Mar\u00eda Sof\u00eda P\u00e9rez Cruz para Jessica Nails. ASISTENTE DE MODA:\" \/>\n<meta property=\"og:url\" content=\"https:\/\/graziamagazine.com\/mx\/articles\/luisa-the-body-issue-presentado-warners\/\" \/>\n<meta property=\"og:site_name\" content=\"Grazia M\u00e9xico y Latinoam\u00e9rica\" \/>\n<meta property=\"article:modified_time\" content=\"2021-01-14T20:01:29+00:00\" \/>\n<meta property=\"og:image\" content=\"https:\/\/graziamagazine.com\/mx\/wp-content\/uploads\/sites\/13\/2017\/10\/Screen-Shot-2017-10-11-at-9.06.07-PM.png?fit=1081%2C587\" \/>\n\t<meta property=\"og:image:width\" content=\"1081\" \/>\n\t<meta property=\"og:image:height\" content=\"587\" \/>\n\t<meta property=\"og:image:type\" content=\"image\/png\" \/>\n<meta name=\"twitter:card\" content=\"summary_large_image\" \/>\n<script type=\"application\/ld+json\" class=\"yoast-schema-graph\">{\"@context\":\"https:\/\/schema.org\",\"@graph\":[{\"@type\":\"WebPage\",\"@id\":\"https:\/\/graziamagazine.com\/mx\/articles\/luisa-the-body-issue-presentado-warners\/\",\"url\":\"https:\/\/graziamagazine.com\/mx\/articles\/luisa-the-body-issue-presentado-warners\/\",\"name\":\"Una #MujerAutentica en The Body Issue de Grazia (presentado por Warner's) | Grazia M\u00e9xico y Latinoam\u00e9rica\",\"isPartOf\":{\"@id\":\"https:\/\/graziamagazine.com\/mx\/#website\"},\"datePublished\":\"2017-10-12T02:09:51+00:00\",\"dateModified\":\"2021-01-14T20:01:29+00:00\",\"description\":\"MODA: Cynthia Grajales. FOTOGRAF\u00cdA: Khristio. PELO Y MAQUILLAJE: Gustavo Bortolotti. MANI: Mar\u00eda Sof\u00eda P\u00e9rez Cruz para Jessica Nails. ASISTENTE DE MODA:\",\"breadcrumb\":{\"@id\":\"https:\/\/graziamagazine.com\/mx\/articles\/luisa-the-body-issue-presentado-warners\/#breadcrumb\"},\"inLanguage\":\"es-MX\",\"potentialAction\":[{\"@type\":\"ReadAction\",\"target\":[\"https:\/\/graziamagazine.com\/mx\/articles\/luisa-the-body-issue-presentado-warners\/\"]}]},{\"@type\":\"BreadcrumbList\",\"@id\":\"https:\/\/graziamagazine.com\/mx\/articles\/luisa-the-body-issue-presentado-warners\/#breadcrumb\",\"itemListElement\":[{\"@type\":\"ListItem\",\"position\":1,\"name\":\"Home\",\"item\":\"https:\/\/graziamagazine.com\/mx\/\"},{\"@type\":\"ListItem\",\"position\":2,\"name\":\"Una #MujerAutentica en The Body Issue de Grazia (presentado por Warner&#8217;s)\"}]},{\"@type\":\"WebSite\",\"@id\":\"https:\/\/graziamagazine.com\/mx\/#website\",\"url\":\"https:\/\/graziamagazine.com\/mx\/\",\"name\":\"Grazia M\u00e9xico y Latinoam\u00e9rica\",\"description\":\"Grazia es moda, belleza y noticias  de actualidad \",\"potentialAction\":[{\"@type\":\"SearchAction\",\"target\":{\"@type\":\"EntryPoint\",\"urlTemplate\":\"https:\/\/graziamagazine.com\/mx\/?s={search_term_string}\"},\"query-input\":\"required name=search_term_string\"}],\"inLanguage\":\"es-MX\"}]}<\/script>\n<!-- \/ Yoast SEO Premium plugin. -->","yoast_head_json":{"title":"Una #MujerAutentica en The Body Issue de Grazia (presentado por Warner's) | Grazia M\u00e9xico y Latinoam\u00e9rica","description":"MODA: Cynthia Grajales. FOTOGRAF\u00cdA: Khristio. PELO Y MAQUILLAJE: Gustavo Bortolotti. MANI: Mar\u00eda Sof\u00eda P\u00e9rez Cruz para Jessica Nails. ASISTENTE DE MODA:","robots":{"index":"index","follow":"follow","max-snippet":"max-snippet:-1","max-image-preview":"max-image-preview:large","max-video-preview":"max-video-preview:-1"},"canonical":"https:\/\/graziamagazine.com\/mx\/articles\/luisa-the-body-issue-presentado-warners\/","og_locale":"es_MX","og_type":"article","og_title":"Una #MujerAutentica en The Body Issue de Grazia (presentado por Warner's)","og_description":"MODA: Cynthia Grajales. FOTOGRAF\u00cdA: Khristio. PELO Y MAQUILLAJE: Gustavo Bortolotti. MANI: Mar\u00eda Sof\u00eda P\u00e9rez Cruz para Jessica Nails. ASISTENTE DE MODA:","og_url":"https:\/\/graziamagazine.com\/mx\/articles\/luisa-the-body-issue-presentado-warners\/","og_site_name":"Grazia M\u00e9xico y Latinoam\u00e9rica","article_modified_time":"2021-01-14T20:01:29+00:00","og_image":[{"width":1081,"height":587,"url":"https:\/\/graziamagazine.com\/mx\/wp-content\/uploads\/sites\/13\/2017\/10\/Screen-Shot-2017-10-11-at-9.06.07-PM.png?fit=1081%2C587","type":"image\/png"}],"twitter_card":"summary_large_image","schema":{"@context":"https:\/\/schema.org","@graph":[{"@type":"WebPage","@id":"https:\/\/graziamagazine.com\/mx\/articles\/luisa-the-body-issue-presentado-warners\/","url":"https:\/\/graziamagazine.com\/mx\/articles\/luisa-the-body-issue-presentado-warners\/","name":"Una #MujerAutentica en The Body Issue de Grazia (presentado por Warner's) | Grazia M\u00e9xico y Latinoam\u00e9rica","isPartOf":{"@id":"https:\/\/graziamagazine.com\/mx\/#website"},"datePublished":"2017-10-12T02:09:51+00:00","dateModified":"2021-01-14T20:01:29+00:00","description":"MODA: Cynthia Grajales. FOTOGRAF\u00cdA: Khristio. PELO Y MAQUILLAJE: Gustavo Bortolotti. MANI: Mar\u00eda Sof\u00eda P\u00e9rez Cruz para Jessica Nails. ASISTENTE DE MODA:","breadcrumb":{"@id":"https:\/\/graziamagazine.com\/mx\/articles\/luisa-the-body-issue-presentado-warners\/#breadcrumb"},"inLanguage":"es-MX","potentialAction":[{"@type":"ReadAction","target":["https:\/\/graziamagazine.com\/mx\/articles\/luisa-the-body-issue-presentado-warners\/"]}]},{"@type":"BreadcrumbList","@id":"https:\/\/graziamagazine.com\/mx\/articles\/luisa-the-body-issue-presentado-warners\/#breadcrumb","itemListElement":[{"@type":"ListItem","position":1,"name":"Home","item":"https:\/\/graziamagazine.com\/mx\/"},{"@type":"ListItem","position":2,"name":"Una #MujerAutentica en The Body Issue de Grazia (presentado por Warner&#8217;s)"}]},{"@type":"WebSite","@id":"https:\/\/graziamagazine.com\/mx\/#website","url":"https:\/\/graziamagazine.com\/mx\/","name":"Grazia M\u00e9xico y Latinoam\u00e9rica","description":"Grazia es moda, belleza y noticias  de actualidad ","potentialAction":[{"@type":"SearchAction","target":{"@type":"EntryPoint","urlTemplate":"https:\/\/graziamagazine.com\/mx\/?s={search_term_string}"},"query-input":"required name=search_term_string"}],"inLanguage":"es-MX"}]}},"jetpack_sharing_enabled":true,"distributor_meta":false,"distributor_terms":false,"distributor_media":false,"distributor_original_site_name":"Grazia M\u00e9xico y Latinoam\u00e9rica","distributor_original_site_url":"https:\/\/graziamagazine.com\/mx","push-errors":false,"_links":{"self":[{"href":"https:\/\/graziamagazine.com\/mx\/wp-json\/wp\/v2\/articles\/34776"}],"collection":[{"href":"https:\/\/graziamagazine.com\/mx\/wp-json\/wp\/v2\/articles"}],"about":[{"href":"https:\/\/graziamagazine.com\/mx\/wp-json\/wp\/v2\/types\/articles"}],"author":[{"embeddable":true,"href":"https:\/\/graziamagazine.com\/mx\/wp-json\/wp\/v2\/users\/11636"}],"wp:featuredmedia":[{"embeddable":true,"href":"https:\/\/graziamagazine.com\/mx\/wp-json\/wp\/v2\/media\/34778"}],"wp:attachment":[{"href":"https:\/\/graziamagazine.com\/mx\/wp-json\/wp\/v2\/media?parent=34776"}],"wp:term":[{"taxonomy":"category","embeddable":true,"href":"https:\/\/graziamagazine.com\/mx\/wp-json\/wp\/v2\/categories?post=34776"}],"curies":[{"name":"wp","href":"https:\/\/api.w.org\/{rel}","templated":true}]}}