{"id":34500,"date":"2017-10-11T15:14:35","date_gmt":"2017-10-11T21:14:35","guid":{"rendered":"https:\/\/graziamagazine.com\/mx\/?p=34500"},"modified":"2020-01-09T11:10:14","modified_gmt":"2020-01-09T16:10:14","slug":"trend-alert-prendas-accesorios-pvc","status":"publish","type":"articles","link":"https:\/\/graziamagazine.com\/mx\/articles\/trend-alert-prendas-accesorios-pvc\/","title":{"rendered":"Trend Alert: Prendas y accesorios en PVC"},"content":{"rendered":"<p><strong>Antes de que los Kardashian-West apostaran por el PVC, Miuccia Prada utiliz\u00f3 el material para su colecci\u00f3n FW02. Ahora es la tendencia m\u00e1s <em>hot<\/em>.<\/strong><br \/>\n<!--more--><\/p>\n<p><span style=\"font-weight: 400;\">Si cre\u00edas que <strong>Kim Kardashian<\/strong>, <strong>Kanye West<\/strong>, o <strong>Karl Lagerfeld<\/strong>\u00a0hab\u00edan hecho del PVC la tendencia m\u00e1s hot, deber\u00edas pensarlo dos veces. <\/span><\/p>\n<p><span style=\"font-weight: 400;\">Se trata, m\u00e1s bien, de un regreso al momento cumbre del<\/span><span style=\"font-weight: 400;\">\u00a0<\/span><i><span style=\"font-weight: 400;\">space-age,<\/span><\/i><span style=\"font-weight: 400;\">\u00a0cuando este material incursion\u00f3 en la industria.<\/span><\/p>\n<p><span style=\"font-weight: 400;\">Te compartimos nueve\u00a0<\/span><i><span style=\"font-weight: 400;\">fun facts<\/span><\/i><span style=\"font-weight: 400;\"> para que conozcas m\u00e1s sobre esta idea visionaria derivada de los\u00a0<em>swinging sixties<\/em><\/span><span style=\"font-weight: 400;\">\u00a0que sonar\u00e1 fuerte en SS18. <\/span><\/p>\n<p><span style=\"font-weight: 400;\">Ahora, \u00a1incorporar el pl\u00e1stico en tus looks es sin\u00f3nimo de <\/span><i><span style=\"font-weight: 400;\">cool<\/span><\/i><span style=\"font-weight: 400;\"> y <\/span><i><span style=\"font-weight: 400;\">trendy<\/span><\/i><span style=\"font-weight: 400;\">!<\/span><\/p>\n<p>&nbsp;<\/p>\n<p><span style=\"font-weight: 400;\">1. <strong>Mary Quant<\/strong> \u2014famosa por popularizar las minifaldas\u2014 fue la primera en utilizar el <strong>PVC<\/strong> para confeccionar, en la d\u00e9cada de los sesenta. <\/span><span style=\"font-weight: 400;\">En 1963 el ic\u00f3nico <em>look<\/em> tom\u00f3 por nombre\u00a0<em>wet-look<\/em>.<\/span><\/p>\n<p>&nbsp;<\/p>\n<p><img loading=\"lazy\" decoding=\"async\" class=\"alignnone wp-image-34723 size-full\" title=\"Trend Alert: Prendas y accesorios en PVC\" src=\"https:\/\/graziamagazine.com\/mx\/wp-content\/uploads\/sites\/13\/2017\/10\/PVC-TENDENCIA-MARY-QUANT.jpg\" alt=\"Trend Alert: Prendas y accesorios en PVC\" width=\"480\" height=\"728\" srcset=\"https:\/\/graziamagazine.com\/mx\/wp-content\/uploads\/sites\/13\/2017\/10\/PVC-TENDENCIA-MARY-QUANT.jpg 480w, https:\/\/graziamagazine.com\/mx\/wp-content\/uploads\/sites\/13\/2017\/10\/PVC-TENDENCIA-MARY-QUANT.jpg?resize=297,450 297w, https:\/\/graziamagazine.com\/mx\/wp-content\/uploads\/sites\/13\/2017\/10\/PVC-TENDENCIA-MARY-QUANT.jpg?resize=142,215 142w\" sizes=\"(max-width: 480px) 100vw, 480px\" \/><\/p>\n<p>&nbsp;<\/p>\n<p><span style=\"font-weight: 400;\">2. En 1966, el <\/span><i><span style=\"font-weight: 400;\">Fashion Museum Bath<\/span><\/i><span style=\"font-weight: 400;\"> galardon\u00f3 a un conjunto de PVC como su aclamado <\/span><i><span style=\"font-weight: 400;\">Dress of the Year<\/span><\/i><span style=\"font-weight: 400;\">. El abrigo fue creado por la dise\u00f1adora y periodista Mich\u00e8le Rosier, y el par de botas por Elliott.<\/span><\/p>\n<p>&nbsp;<\/p>\n<p><img loading=\"lazy\" decoding=\"async\" class=\"alignnone wp-image-34715 size-full\" title=\"Trend Alert: Prendas y accesorios en PVC\" src=\"https:\/\/graziamagazine.com\/mx\/wp-content\/uploads\/sites\/13\/2017\/10\/PVC-TENDENCIA-DRESS-OF-THE-YEAR.jpg\" alt=\"Trend Alert: Prendas y accesorios en PVC\" width=\"552\" height=\"705\" srcset=\"https:\/\/graziamagazine.com\/mx\/wp-content\/uploads\/sites\/13\/2017\/10\/PVC-TENDENCIA-DRESS-OF-THE-YEAR.jpg 552w, https:\/\/graziamagazine.com\/mx\/wp-content\/uploads\/sites\/13\/2017\/10\/PVC-TENDENCIA-DRESS-OF-THE-YEAR.jpg?resize=352,450 352w, https:\/\/graziamagazine.com\/mx\/wp-content\/uploads\/sites\/13\/2017\/10\/PVC-TENDENCIA-DRESS-OF-THE-YEAR.jpg?resize=155,198 155w\" sizes=\"(max-width: 552px) 100vw, 552px\" \/><\/p>\n<p>&nbsp;<\/p>\n<p><span style=\"font-weight: 400;\">3. Miuccia Prada trajo de vuelta el material para su colecci\u00f3n FW02 al plastificar abrigos\u00a0<em>Mackintosh<\/em><\/span><span style=\"font-weight: 400;\">\u00a0que desvelaban el conjunto de abajo inspirado en lencer\u00eda femenina. Para la colecci\u00f3n FW17 de Miu Miu, replic\u00f3 el dise\u00f1o.<\/span><\/p>\n<p>&nbsp;<\/p>\n<p><img loading=\"lazy\" decoding=\"async\" class=\"alignnone wp-image-34720 size-large\" title=\"Trend Alert: Prendas y accesorios en PVC\" src=\"https:\/\/graziamagazine.com\/mx\/wp-content\/uploads\/sites\/13\/2017\/10\/PVC-TENDENCIA-PRADA-FW02-700x1101.jpeg\" alt=\"Trend Alert: Prendas y accesorios en PVC\" width=\"651\" height=\"1024\" \/><\/p>\n<p>&nbsp;<\/p>\n<p><img loading=\"lazy\" decoding=\"async\" class=\"alignnone wp-image-34722 size-large\" title=\"Trend Alert: Prendas y accesorios en PVC\" src=\"https:\/\/graziamagazine.com\/mx\/wp-content\/uploads\/sites\/13\/2017\/10\/PVC-TENDENCIA-MIU-MIU-FW17-700x1050.jpg\" alt=\"Trend Alert: Prendas y accesorios en PVC\" width=\"683\" height=\"1024\" \/><\/p>\n<p>&nbsp;<\/p>\n<p><span style=\"font-weight: 400;\">4. Para SS16, Jonathan Anderson remat\u00f3 su colecci\u00f3n para Loewe con pantalones y accesorios en PVC. La osada entrega se inspir\u00f3 en la innovaci\u00f3n que conjunta la mezcla de materiales y texturas.<\/span><\/p>\n<p>&nbsp;<\/p>\n<p><img loading=\"lazy\" decoding=\"async\" class=\"alignnone wp-image-34724 size-large\" title=\"Trend Alert: Prendas y accesorios en PVC\" src=\"https:\/\/graziamagazine.com\/mx\/wp-content\/uploads\/sites\/13\/2017\/10\/PVC-TENDENCIA-LOEWE-700x1050.jpg\" alt=\"Trend Alert: Prendas y accesorios en PVC\" width=\"683\" height=\"1024\" \/><\/p>\n<p>&nbsp;<\/p>\n<p><span style=\"font-weight: 400;\">5. Para el debut de Raf Simons y Pieter Mulier en Calvin Klein, hubieron dos prendas que encandilaron a los asistentes. Una serie de abrigos \u2014<em>plaid<\/em> y\u00a0<em>faux fur<\/em><\/span><i><span style=\"font-weight: 400;\">\u2014<\/span><\/i><span style=\"font-weight: 400;\">\u00a0y vestidos, cubiertos por una sutil capa de PVC. Las sublimes prendas son ahora un favorito del <\/span><i><span style=\"font-weight: 400;\">streetstyle<\/span><\/i><span style=\"font-weight: 400;\">\u00a0y la alfombra roja. <\/span><\/p>\n<p>&nbsp;<\/p>\n<p><img loading=\"lazy\" decoding=\"async\" class=\"alignnone wp-image-34719 size-large\" title=\"Trend Alert: Prendas y accesorios en PVC\" src=\"https:\/\/graziamagazine.com\/mx\/wp-content\/uploads\/sites\/13\/2017\/10\/PVC-TENDENCIA-CALVIN-KLEIN-700x1050.jpg\" alt=\"Trend Alert: Prendas y accesorios en PVC\" width=\"683\" height=\"1024\" \/><\/p>\n<p><span style=\"font-weight: 400;\">6. Durante este pasado mes de la moda,<\/span><span style=\"font-weight: 400;\">\u00a0<a href=\"https:\/\/graziamagazine.com\/mx\/anya-hindmarch-ss18-nostalgia-setenta\/\" target=\"_blank\" rel=\"noopener\">Anya Hindmarch<\/a> hizo una oda a Miuccia Prada al emular los\u00a0<\/span><i><span style=\"font-weight: 400;\">trench coats<\/span><\/i><span style=\"font-weight: 400;\">\u00a0de la italiana.<\/span><\/p>\n<p>&nbsp;<\/p>\n<p><img loading=\"lazy\" decoding=\"async\" class=\"alignnone wp-image-34726 size-large\" title=\"Trend Alert: Prendas y accesorios en PVC\" src=\"https:\/\/graziamagazine.com\/mx\/wp-content\/uploads\/sites\/13\/2017\/10\/PVC-TENDENCIA-ANYA-HINDMARCH-700x1050.jpeg\" alt=\"Trend Alert: Prendas y accesorios en PVC\" width=\"683\" height=\"1024\" \/><\/p>\n<p>&nbsp;<\/p>\n<p><span style=\"font-weight: 400;\">7. Pierpaolo Piccioli deconstruy\u00f3 las <\/span><i><span style=\"font-weight: 400;\">biker jackets<\/span><\/i><span style=\"font-weight: 400;\"> confeccion\u00e1ndolas en PVC. As\u00ed mismo, enmic\u00f3 los accesorios de aires\u00a0futuristas.<\/span><\/p>\n<p>&nbsp;<\/p>\n<p><img loading=\"lazy\" decoding=\"async\" class=\"alignnone wp-image-34727 size-large\" title=\"Trend Alert: Prendas y accesorios en PVC\" src=\"https:\/\/graziamagazine.com\/mx\/wp-content\/uploads\/sites\/13\/2017\/10\/PVC-TENDENCIA-VALENTINO-700x1050.jpg\" alt=\"Trend Alert: Prendas y accesorios en PVC\" width=\"683\" height=\"1024\" \/><\/p>\n<p>&nbsp;<\/p>\n<p><span style=\"font-weight: 400;\">8. Yasuko Furuta siempre busca embellecer la idea de sus predecesores japoneses con su particular concepto <\/span><i><span style=\"font-weight: 400;\">anti-fashion<\/span><\/i><span style=\"font-weight: 400;\">. Para su firma Toga, interpuso <\/span><i><span style=\"font-weight: 400;\">trench coats<\/span><\/i><span style=\"font-weight: 400;\"> de pl\u00e1stico como capas protectoras del atuendo base.<\/span><\/p>\n<p>&nbsp;<\/p>\n<p><img loading=\"lazy\" decoding=\"async\" class=\"alignnone wp-image-34729 size-large\" title=\"Trend Alert: Prendas y accesorios en PVC\" src=\"https:\/\/graziamagazine.com\/mx\/wp-content\/uploads\/sites\/13\/2017\/10\/PVC-TENDENCIA-TOGA-700x1050.jpg\" alt=\"Trend Alert: Prendas y accesorios en PVC\" width=\"683\" height=\"1024\" \/><\/p>\n<p>&nbsp;<\/p>\n<p><span style=\"font-weight: 400;\">9. Y cuando pens\u00e1bamos que la cosa no podr\u00eda ir m\u00e1s en serio, Karl Lagerfeld plastific\u00f3 Chanel de manera monumental. Un viaje tur\u00edstico por la h\u00fameda selva al filo de una catarata trajo consigo botas y sombreros pl\u00e1sticos.<\/span><\/p>\n<p>&nbsp;<\/p>\n<p><img loading=\"lazy\" decoding=\"async\" class=\"alignnone wp-image-34728 size-large\" title=\"Trend Alert: Prendas y accesorios en PVC\" src=\"https:\/\/graziamagazine.com\/mx\/wp-content\/uploads\/sites\/13\/2017\/10\/PVC-TENDENCIA-CHANEL-700x1050.jpg\" alt=\"Trend Alert: Prendas y accesorios en PVC\" width=\"683\" height=\"1024\" \/><\/p>\n<h5><strong><em>*IM\u00c1GENES Fashion Museum Bath, Mondadori Photo, The Business of Fashion, Cortes\u00eda<\/em><\/strong><\/h5>\n","protected":false},"author":11641,"featured_media":34505,"template":"","format":"standard","categories":[4],"acf":[],"yoast_head":"<!-- This site is optimized with the Yoast SEO Premium plugin v18.5 (Yoast SEO v20.4) - https:\/\/yoast.com\/wordpress\/plugins\/seo\/ -->\n<title>Trend Alert: Prendas y accesorios en PVC | Grazia M\u00e9xico y Latinoam\u00e9rica<\/title>\n<meta name=\"description\" content=\"Antes de que los Kardashian-West apostaran por el PVC, Miuccia Prada utiliz\u00f3 el material para su colecci\u00f3n FW02. Ahora es la tendencia m\u00e1s hot.\" \/>\n<meta name=\"robots\" content=\"index, follow, max-snippet:-1, max-image-preview:large, max-video-preview:-1\" \/>\n<link rel=\"canonical\" href=\"https:\/\/graziamagazine.com\/mx\/articles\/trend-alert-prendas-accesorios-pvc\/\" \/>\n<meta property=\"og:locale\" content=\"es_MX\" \/>\n<meta property=\"og:type\" content=\"article\" \/>\n<meta property=\"og:title\" content=\"Trend Alert: Prendas y accesorios en PVC\" \/>\n<meta property=\"og:description\" content=\"Antes de que los Kardashian-West apostaran por el PVC, Miuccia Prada utiliz\u00f3 el material para su colecci\u00f3n FW02. Ahora es la tendencia m\u00e1s hot.\" \/>\n<meta property=\"og:url\" content=\"https:\/\/graziamagazine.com\/mx\/articles\/trend-alert-prendas-accesorios-pvc\/\" \/>\n<meta property=\"og:site_name\" content=\"Grazia M\u00e9xico y Latinoam\u00e9rica\" \/>\n<meta property=\"article:modified_time\" content=\"2020-01-09T16:10:14+00:00\" \/>\n<meta property=\"og:image\" content=\"https:\/\/graziamagazine.com\/mx\/wp-content\/uploads\/sites\/13\/2017\/10\/PVC-MATERIAL-DEL-MOMENTO-DESTACADA-e1578585922647.jpg?fit=900%2C600\" \/>\n\t<meta property=\"og:image:width\" content=\"900\" \/>\n\t<meta property=\"og:image:height\" content=\"600\" \/>\n\t<meta property=\"og:image:type\" content=\"image\/jpeg\" \/>\n<meta name=\"twitter:card\" content=\"summary_large_image\" \/>\n<meta name=\"twitter:label1\" content=\"Est. reading time\" \/>\n\t<meta name=\"twitter:data1\" content=\"2 minutos\" \/>\n<script type=\"application\/ld+json\" class=\"yoast-schema-graph\">{\"@context\":\"https:\/\/schema.org\",\"@graph\":[{\"@type\":\"WebPage\",\"@id\":\"https:\/\/graziamagazine.com\/mx\/articles\/trend-alert-prendas-accesorios-pvc\/\",\"url\":\"https:\/\/graziamagazine.com\/mx\/articles\/trend-alert-prendas-accesorios-pvc\/\",\"name\":\"Trend Alert: Prendas y accesorios en PVC | Grazia M\u00e9xico y Latinoam\u00e9rica\",\"isPartOf\":{\"@id\":\"https:\/\/graziamagazine.com\/mx\/#website\"},\"datePublished\":\"2017-10-11T21:14:35+00:00\",\"dateModified\":\"2020-01-09T16:10:14+00:00\",\"description\":\"Antes de que los Kardashian-West apostaran por el PVC, Miuccia Prada utiliz\u00f3 el material para su colecci\u00f3n FW02. Ahora es la tendencia m\u00e1s hot.\",\"breadcrumb\":{\"@id\":\"https:\/\/graziamagazine.com\/mx\/articles\/trend-alert-prendas-accesorios-pvc\/#breadcrumb\"},\"inLanguage\":\"es-MX\",\"potentialAction\":[{\"@type\":\"ReadAction\",\"target\":[\"https:\/\/graziamagazine.com\/mx\/articles\/trend-alert-prendas-accesorios-pvc\/\"]}]},{\"@type\":\"BreadcrumbList\",\"@id\":\"https:\/\/graziamagazine.com\/mx\/articles\/trend-alert-prendas-accesorios-pvc\/#breadcrumb\",\"itemListElement\":[{\"@type\":\"ListItem\",\"position\":1,\"name\":\"Home\",\"item\":\"https:\/\/graziamagazine.com\/mx\/\"},{\"@type\":\"ListItem\",\"position\":2,\"name\":\"Trend Alert: Prendas y accesorios en PVC\"}]},{\"@type\":\"WebSite\",\"@id\":\"https:\/\/graziamagazine.com\/mx\/#website\",\"url\":\"https:\/\/graziamagazine.com\/mx\/\",\"name\":\"Grazia M\u00e9xico y Latinoam\u00e9rica\",\"description\":\"Grazia es moda, belleza y noticias  de actualidad \",\"potentialAction\":[{\"@type\":\"SearchAction\",\"target\":{\"@type\":\"EntryPoint\",\"urlTemplate\":\"https:\/\/graziamagazine.com\/mx\/?s={search_term_string}\"},\"query-input\":\"required name=search_term_string\"}],\"inLanguage\":\"es-MX\"}]}<\/script>\n<!-- \/ Yoast SEO Premium plugin. -->","yoast_head_json":{"title":"Trend Alert: Prendas y accesorios en PVC | Grazia M\u00e9xico y Latinoam\u00e9rica","description":"Antes de que los Kardashian-West apostaran por el PVC, Miuccia Prada utiliz\u00f3 el material para su colecci\u00f3n FW02. Ahora es la tendencia m\u00e1s hot.","robots":{"index":"index","follow":"follow","max-snippet":"max-snippet:-1","max-image-preview":"max-image-preview:large","max-video-preview":"max-video-preview:-1"},"canonical":"https:\/\/graziamagazine.com\/mx\/articles\/trend-alert-prendas-accesorios-pvc\/","og_locale":"es_MX","og_type":"article","og_title":"Trend Alert: Prendas y accesorios en PVC","og_description":"Antes de que los Kardashian-West apostaran por el PVC, Miuccia Prada utiliz\u00f3 el material para su colecci\u00f3n FW02. Ahora es la tendencia m\u00e1s hot.","og_url":"https:\/\/graziamagazine.com\/mx\/articles\/trend-alert-prendas-accesorios-pvc\/","og_site_name":"Grazia M\u00e9xico y Latinoam\u00e9rica","article_modified_time":"2020-01-09T16:10:14+00:00","og_image":[{"width":900,"height":600,"url":"https:\/\/graziamagazine.com\/mx\/wp-content\/uploads\/sites\/13\/2017\/10\/PVC-MATERIAL-DEL-MOMENTO-DESTACADA-e1578585922647.jpg?fit=900%2C600","type":"image\/jpeg"}],"twitter_card":"summary_large_image","twitter_misc":{"Est. reading time":"2 minutos"},"schema":{"@context":"https:\/\/schema.org","@graph":[{"@type":"WebPage","@id":"https:\/\/graziamagazine.com\/mx\/articles\/trend-alert-prendas-accesorios-pvc\/","url":"https:\/\/graziamagazine.com\/mx\/articles\/trend-alert-prendas-accesorios-pvc\/","name":"Trend Alert: Prendas y accesorios en PVC | Grazia M\u00e9xico y Latinoam\u00e9rica","isPartOf":{"@id":"https:\/\/graziamagazine.com\/mx\/#website"},"datePublished":"2017-10-11T21:14:35+00:00","dateModified":"2020-01-09T16:10:14+00:00","description":"Antes de que los Kardashian-West apostaran por el PVC, Miuccia Prada utiliz\u00f3 el material para su colecci\u00f3n FW02. Ahora es la tendencia m\u00e1s hot.","breadcrumb":{"@id":"https:\/\/graziamagazine.com\/mx\/articles\/trend-alert-prendas-accesorios-pvc\/#breadcrumb"},"inLanguage":"es-MX","potentialAction":[{"@type":"ReadAction","target":["https:\/\/graziamagazine.com\/mx\/articles\/trend-alert-prendas-accesorios-pvc\/"]}]},{"@type":"BreadcrumbList","@id":"https:\/\/graziamagazine.com\/mx\/articles\/trend-alert-prendas-accesorios-pvc\/#breadcrumb","itemListElement":[{"@type":"ListItem","position":1,"name":"Home","item":"https:\/\/graziamagazine.com\/mx\/"},{"@type":"ListItem","position":2,"name":"Trend Alert: Prendas y accesorios en PVC"}]},{"@type":"WebSite","@id":"https:\/\/graziamagazine.com\/mx\/#website","url":"https:\/\/graziamagazine.com\/mx\/","name":"Grazia M\u00e9xico y Latinoam\u00e9rica","description":"Grazia es moda, belleza y noticias  de actualidad ","potentialAction":[{"@type":"SearchAction","target":{"@type":"EntryPoint","urlTemplate":"https:\/\/graziamagazine.com\/mx\/?s={search_term_string}"},"query-input":"required name=search_term_string"}],"inLanguage":"es-MX"}]}},"jetpack_sharing_enabled":true,"distributor_meta":false,"distributor_terms":false,"distributor_media":false,"distributor_original_site_name":"Grazia M\u00e9xico y Latinoam\u00e9rica","distributor_original_site_url":"https:\/\/graziamagazine.com\/mx","push-errors":false,"_links":{"self":[{"href":"https:\/\/graziamagazine.com\/mx\/wp-json\/wp\/v2\/articles\/34500"}],"collection":[{"href":"https:\/\/graziamagazine.com\/mx\/wp-json\/wp\/v2\/articles"}],"about":[{"href":"https:\/\/graziamagazine.com\/mx\/wp-json\/wp\/v2\/types\/articles"}],"author":[{"embeddable":true,"href":"https:\/\/graziamagazine.com\/mx\/wp-json\/wp\/v2\/users\/11641"}],"wp:featuredmedia":[{"embeddable":true,"href":"https:\/\/graziamagazine.com\/mx\/wp-json\/wp\/v2\/media\/34505"}],"wp:attachment":[{"href":"https:\/\/graziamagazine.com\/mx\/wp-json\/wp\/v2\/media?parent=34500"}],"wp:term":[{"taxonomy":"category","embeddable":true,"href":"https:\/\/graziamagazine.com\/mx\/wp-json\/wp\/v2\/categories?post=34500"}],"curies":[{"name":"wp","href":"https:\/\/api.w.org\/{rel}","templated":true}]}}