{"id":34215,"date":"2017-10-04T16:09:52","date_gmt":"2017-10-04T22:09:52","guid":{"rendered":"https:\/\/graziamagazine.com\/mx\/?p=34215"},"modified":"2017-10-04T16:12:35","modified_gmt":"2017-10-04T22:12:35","slug":"ugg-pieza-it-fw17","status":"publish","type":"articles","link":"https:\/\/graziamagazine.com\/mx\/articles\/ugg-pieza-it-fw17\/","title":{"rendered":"UGG TE DA OTRA PIEZA IT PARA ENAMORARTE EN FW17"},"content":{"rendered":"<p class=\"p1\"><b>Las emblem\u00e1ticas botas para el fr\u00edo no ser\u00e1n lo \u00fanico que querr\u00e1s tener de UGG. Ahora, para FW17, \u00a1lanzan su primer l\u00ednea de ropa abrigadora!<\/b><\/p>\n<p><!--more--><\/p>\n<h4 class=\"p1\"><b>Por Daniela Rodr\u00edguez (<a href=\"https:\/\/www.instagram.com\/danielarpv\/\" target=\"_blank\" rel=\"noopener\" target=\"_blank\"><i>@danielarpv<\/i><\/a>)<\/b><\/h4>\n<p>&nbsp;<\/p>\n<p class=\"p1\"><b>UGG<\/b>, la firma australiana nacida en<b> California<\/b> ha sido, por a\u00f1os, sin\u00f3nimo de comodidad y anuncio de la llegada del invierno.<\/p>\n<p class=\"p1\">Sus botas se volvieron objeto de deseo y ahora, apuestan por crecer la familia con una linea de ropa.<\/p>\n<p class=\"p1\">\u00bfSu pieza estrella? La <strong>s<\/strong><i><strong>hearling<\/strong> <strong>bomber jacket<\/strong>; <\/i>pieza cl\u00e1sica que est\u00e1 muy en tendencia.<\/p>\n<p class=\"p1\">La misma que usaban los aviadores contra las duras condiciones clim\u00e1ticas y que hoy, toma las pasarelas con una imagen renovada.<\/p>\n<p class=\"p3\"><span class=\"s1\">Ya sean cortas o un poco m\u00e1s largas, son un imperdible<\/span><span class=\"s2\"> para protegerse del fr\u00edo esta temporada y adem\u00e1s, lograr un <em>look<\/em> bastante esencial.<\/span><\/p>\n<p class=\"p3\"><span class=\"s2\">Tenerla en tu cl\u00f3set te garantiza dos cosas: outfits con mucha actitud y que el fr\u00edo no sea tu preocupaci\u00f3n.<\/span><\/p>\n<p>&nbsp;<\/p>\n<p><img loading=\"lazy\" decoding=\"async\" width=\"608\" height=\"651\" class=\"alignnone size-full wp-image-34229\" src=\"https:\/\/graziamagazine.com\/mx\/wp-content\/uploads\/sites\/13\/2017\/10\/UGG-SHEARLING-FW17-1.png\" alt=\"UGG-SHEARLING-FW17-1\" srcset=\"https:\/\/graziamagazine.com\/mx\/wp-content\/uploads\/sites\/13\/2017\/10\/UGG-SHEARLING-FW17-1.png 608w, https:\/\/graziamagazine.com\/mx\/wp-content\/uploads\/sites\/13\/2017\/10\/UGG-SHEARLING-FW17-1.png?resize=420,450 420w, https:\/\/graziamagazine.com\/mx\/wp-content\/uploads\/sites\/13\/2017\/10\/UGG-SHEARLING-FW17-1.png?resize=155,166 155w\" sizes=\"(max-width: 608px) 100vw, 608px\" \/><\/p>\n<h5 class=\"p1\" style=\"text-align: center;\"><b><i>Cortes\u00eda UGG.<\/i><\/b><\/h5>\n<p>&nbsp;<\/p>\n<h2 class=\"p3\"><span class=\"s2\"><b><i>TIP<\/i><\/b><\/span><\/h2>\n<p class=\"p3\"><span class=\"s2\">Comb\u00ednala con jeans, pantalones y hasta con un vestido.<\/span><\/p>\n<p class=\"p3\"><span class=\"s2\">Vu\u00e9lvela <em>girly\u00a0<\/em>mezclando diferentes estampados de colores y resaltando con accesorios. <\/span><\/p>\n<p class=\"p3\"><span class=\"s2\">Para un look mas andr\u00f3gino y minimal, usa estampados lisos y de un mismo tono.<\/span><\/p>\n<p>&nbsp;<\/p>\n<p><img loading=\"lazy\" decoding=\"async\" width=\"1200\" height=\"1800\" class=\"alignnone size-full wp-image-34230\" src=\"https:\/\/graziamagazine.com\/mx\/wp-content\/uploads\/sites\/13\/2017\/10\/297bb7dcd75785bebfadea6229874746-58a39fea9fa7b.jpeg\" alt=\"UGG-SHEARLING-FW17-COACH\" srcset=\"https:\/\/graziamagazine.com\/mx\/wp-content\/uploads\/sites\/13\/2017\/10\/297bb7dcd75785bebfadea6229874746-58a39fea9fa7b.jpeg 1200w, https:\/\/graziamagazine.com\/mx\/wp-content\/uploads\/sites\/13\/2017\/10\/297bb7dcd75785bebfadea6229874746-58a39fea9fa7b.jpeg?resize=300,450 300w, https:\/\/graziamagazine.com\/mx\/wp-content\/uploads\/sites\/13\/2017\/10\/297bb7dcd75785bebfadea6229874746-58a39fea9fa7b.jpeg?resize=768,1152 768w, https:\/\/graziamagazine.com\/mx\/wp-content\/uploads\/sites\/13\/2017\/10\/297bb7dcd75785bebfadea6229874746-58a39fea9fa7b.jpeg?resize=683,1024 683w, https:\/\/graziamagazine.com\/mx\/wp-content\/uploads\/sites\/13\/2017\/10\/297bb7dcd75785bebfadea6229874746-58a39fea9fa7b.jpeg?resize=1024,1536 1024w, https:\/\/graziamagazine.com\/mx\/wp-content\/uploads\/sites\/13\/2017\/10\/297bb7dcd75785bebfadea6229874746-58a39fea9fa7b.jpeg?resize=143,215 143w\" sizes=\"(max-width: 1200px) 100vw, 1200px\" \/><\/p>\n<h5 style=\"text-align: center;\"><strong><em>Coach FW17. Cr\u00e9dito: WWD.<\/em><\/strong><\/h5>\n<p>&nbsp;<\/p>\n<p><img loading=\"lazy\" decoding=\"async\" width=\"683\" height=\"1026\" class=\"alignnone size-full wp-image-19683\" src=\"https:\/\/graziamagazine.com\/mx\/wp-content\/uploads\/sites\/13\/2017\/03\/hermes-fall-2017-collection-paris-fashion-week-pfw-fw17-021.jpg\" alt=\"\" srcset=\"https:\/\/graziamagazine.com\/mx\/wp-content\/uploads\/sites\/13\/2017\/03\/hermes-fall-2017-collection-paris-fashion-week-pfw-fw17-021.jpg 683w, https:\/\/graziamagazine.com\/mx\/wp-content\/uploads\/sites\/13\/2017\/03\/hermes-fall-2017-collection-paris-fashion-week-pfw-fw17-021.jpg?resize=300,450 300w, https:\/\/graziamagazine.com\/mx\/wp-content\/uploads\/sites\/13\/2017\/03\/hermes-fall-2017-collection-paris-fashion-week-pfw-fw17-021.jpg?resize=682,1024 682w, https:\/\/graziamagazine.com\/mx\/wp-content\/uploads\/sites\/13\/2017\/03\/hermes-fall-2017-collection-paris-fashion-week-pfw-fw17-021.jpg?resize=143,215 143w\" sizes=\"(max-width: 683px) 100vw, 683px\" \/><\/p>\n<h5 class=\"p1\" style=\"text-align: center;\"><b><i>Herm\u00e8s FW17. Cr\u00e9dito: Mondadori Photo.<\/i><\/b><\/h5>\n","protected":false},"author":11636,"featured_media":34228,"template":"","format":"standard","categories":[4],"acf":[],"yoast_head":"<!-- This site is optimized with the Yoast SEO Premium plugin v18.5 (Yoast SEO v20.4) - https:\/\/yoast.com\/wordpress\/plugins\/seo\/ -->\n<title>UGG TE DA OTRA PIEZA IT PARA ENAMORARTE EN FW17 | Grazia M\u00e9xico y Latinoam\u00e9rica<\/title>\n<meta name=\"description\" content=\"Las emblem\u00e1ticas botas para el fr\u00edo no ser\u00e1n lo \u00fanico que querr\u00e1s tener de UGG. Ahora, para FW17, \u00a1lanzan su primer l\u00ednea de ropa abrigadora!\" \/>\n<meta name=\"robots\" content=\"index, follow, max-snippet:-1, max-image-preview:large, max-video-preview:-1\" \/>\n<link rel=\"canonical\" href=\"https:\/\/graziamagazine.com\/mx\/articles\/ugg-pieza-it-fw17\/\" \/>\n<meta property=\"og:locale\" content=\"es_MX\" \/>\n<meta property=\"og:type\" content=\"article\" \/>\n<meta property=\"og:title\" content=\"UGG TE DA OTRA PIEZA IT PARA ENAMORARTE EN FW17\" \/>\n<meta property=\"og:description\" content=\"Las emblem\u00e1ticas botas para el fr\u00edo no ser\u00e1n lo \u00fanico que querr\u00e1s tener de UGG. Ahora, para FW17, \u00a1lanzan su primer l\u00ednea de ropa abrigadora!\" \/>\n<meta property=\"og:url\" content=\"https:\/\/graziamagazine.com\/mx\/articles\/ugg-pieza-it-fw17\/\" \/>\n<meta property=\"og:site_name\" content=\"Grazia M\u00e9xico y Latinoam\u00e9rica\" \/>\n<meta property=\"article:modified_time\" content=\"2017-10-04T22:12:35+00:00\" \/>\n<meta property=\"og:image\" content=\"https:\/\/graziamagazine.com\/mx\/wp-content\/uploads\/sites\/13\/2017\/10\/UGG-SHEARLING-FW17-DESTACADA.png?fit=789%2C373\" \/>\n\t<meta property=\"og:image:width\" content=\"789\" \/>\n\t<meta property=\"og:image:height\" content=\"373\" \/>\n\t<meta property=\"og:image:type\" content=\"image\/png\" \/>\n<meta name=\"twitter:card\" content=\"summary_large_image\" \/>\n<meta name=\"twitter:label1\" content=\"Est. reading time\" \/>\n\t<meta name=\"twitter:data1\" content=\"1 minuto\" \/>\n<script type=\"application\/ld+json\" class=\"yoast-schema-graph\">{\"@context\":\"https:\/\/schema.org\",\"@graph\":[{\"@type\":\"WebPage\",\"@id\":\"https:\/\/graziamagazine.com\/mx\/articles\/ugg-pieza-it-fw17\/\",\"url\":\"https:\/\/graziamagazine.com\/mx\/articles\/ugg-pieza-it-fw17\/\",\"name\":\"UGG TE DA OTRA PIEZA IT PARA ENAMORARTE EN FW17 | Grazia M\u00e9xico y Latinoam\u00e9rica\",\"isPartOf\":{\"@id\":\"https:\/\/graziamagazine.com\/mx\/#website\"},\"datePublished\":\"2017-10-04T22:09:52+00:00\",\"dateModified\":\"2017-10-04T22:12:35+00:00\",\"description\":\"Las emblem\u00e1ticas botas para el fr\u00edo no ser\u00e1n lo \u00fanico que querr\u00e1s tener de UGG. Ahora, para FW17, \u00a1lanzan su primer l\u00ednea de ropa abrigadora!\",\"breadcrumb\":{\"@id\":\"https:\/\/graziamagazine.com\/mx\/articles\/ugg-pieza-it-fw17\/#breadcrumb\"},\"inLanguage\":\"es-MX\",\"potentialAction\":[{\"@type\":\"ReadAction\",\"target\":[\"https:\/\/graziamagazine.com\/mx\/articles\/ugg-pieza-it-fw17\/\"]}]},{\"@type\":\"BreadcrumbList\",\"@id\":\"https:\/\/graziamagazine.com\/mx\/articles\/ugg-pieza-it-fw17\/#breadcrumb\",\"itemListElement\":[{\"@type\":\"ListItem\",\"position\":1,\"name\":\"Home\",\"item\":\"https:\/\/graziamagazine.com\/mx\/\"},{\"@type\":\"ListItem\",\"position\":2,\"name\":\"UGG TE DA OTRA PIEZA IT PARA ENAMORARTE EN FW17\"}]},{\"@type\":\"WebSite\",\"@id\":\"https:\/\/graziamagazine.com\/mx\/#website\",\"url\":\"https:\/\/graziamagazine.com\/mx\/\",\"name\":\"Grazia M\u00e9xico y Latinoam\u00e9rica\",\"description\":\"Grazia es moda, belleza y noticias  de actualidad \",\"potentialAction\":[{\"@type\":\"SearchAction\",\"target\":{\"@type\":\"EntryPoint\",\"urlTemplate\":\"https:\/\/graziamagazine.com\/mx\/?s={search_term_string}\"},\"query-input\":\"required name=search_term_string\"}],\"inLanguage\":\"es-MX\"}]}<\/script>\n<!-- \/ Yoast SEO Premium plugin. -->","yoast_head_json":{"title":"UGG TE DA OTRA PIEZA IT PARA ENAMORARTE EN FW17 | Grazia M\u00e9xico y Latinoam\u00e9rica","description":"Las emblem\u00e1ticas botas para el fr\u00edo no ser\u00e1n lo \u00fanico que querr\u00e1s tener de UGG. Ahora, para FW17, \u00a1lanzan su primer l\u00ednea de ropa abrigadora!","robots":{"index":"index","follow":"follow","max-snippet":"max-snippet:-1","max-image-preview":"max-image-preview:large","max-video-preview":"max-video-preview:-1"},"canonical":"https:\/\/graziamagazine.com\/mx\/articles\/ugg-pieza-it-fw17\/","og_locale":"es_MX","og_type":"article","og_title":"UGG TE DA OTRA PIEZA IT PARA ENAMORARTE EN FW17","og_description":"Las emblem\u00e1ticas botas para el fr\u00edo no ser\u00e1n lo \u00fanico que querr\u00e1s tener de UGG. Ahora, para FW17, \u00a1lanzan su primer l\u00ednea de ropa abrigadora!","og_url":"https:\/\/graziamagazine.com\/mx\/articles\/ugg-pieza-it-fw17\/","og_site_name":"Grazia M\u00e9xico y Latinoam\u00e9rica","article_modified_time":"2017-10-04T22:12:35+00:00","og_image":[{"width":789,"height":373,"url":"https:\/\/graziamagazine.com\/mx\/wp-content\/uploads\/sites\/13\/2017\/10\/UGG-SHEARLING-FW17-DESTACADA.png?fit=789%2C373","type":"image\/png"}],"twitter_card":"summary_large_image","twitter_misc":{"Est. reading time":"1 minuto"},"schema":{"@context":"https:\/\/schema.org","@graph":[{"@type":"WebPage","@id":"https:\/\/graziamagazine.com\/mx\/articles\/ugg-pieza-it-fw17\/","url":"https:\/\/graziamagazine.com\/mx\/articles\/ugg-pieza-it-fw17\/","name":"UGG TE DA OTRA PIEZA IT PARA ENAMORARTE EN FW17 | Grazia M\u00e9xico y Latinoam\u00e9rica","isPartOf":{"@id":"https:\/\/graziamagazine.com\/mx\/#website"},"datePublished":"2017-10-04T22:09:52+00:00","dateModified":"2017-10-04T22:12:35+00:00","description":"Las emblem\u00e1ticas botas para el fr\u00edo no ser\u00e1n lo \u00fanico que querr\u00e1s tener de UGG. Ahora, para FW17, \u00a1lanzan su primer l\u00ednea de ropa abrigadora!","breadcrumb":{"@id":"https:\/\/graziamagazine.com\/mx\/articles\/ugg-pieza-it-fw17\/#breadcrumb"},"inLanguage":"es-MX","potentialAction":[{"@type":"ReadAction","target":["https:\/\/graziamagazine.com\/mx\/articles\/ugg-pieza-it-fw17\/"]}]},{"@type":"BreadcrumbList","@id":"https:\/\/graziamagazine.com\/mx\/articles\/ugg-pieza-it-fw17\/#breadcrumb","itemListElement":[{"@type":"ListItem","position":1,"name":"Home","item":"https:\/\/graziamagazine.com\/mx\/"},{"@type":"ListItem","position":2,"name":"UGG TE DA OTRA PIEZA IT PARA ENAMORARTE EN FW17"}]},{"@type":"WebSite","@id":"https:\/\/graziamagazine.com\/mx\/#website","url":"https:\/\/graziamagazine.com\/mx\/","name":"Grazia M\u00e9xico y Latinoam\u00e9rica","description":"Grazia es moda, belleza y noticias  de actualidad ","potentialAction":[{"@type":"SearchAction","target":{"@type":"EntryPoint","urlTemplate":"https:\/\/graziamagazine.com\/mx\/?s={search_term_string}"},"query-input":"required name=search_term_string"}],"inLanguage":"es-MX"}]}},"jetpack_sharing_enabled":true,"distributor_meta":false,"distributor_terms":false,"distributor_media":false,"distributor_original_site_name":"Grazia M\u00e9xico y Latinoam\u00e9rica","distributor_original_site_url":"https:\/\/graziamagazine.com\/mx","push-errors":false,"_links":{"self":[{"href":"https:\/\/graziamagazine.com\/mx\/wp-json\/wp\/v2\/articles\/34215"}],"collection":[{"href":"https:\/\/graziamagazine.com\/mx\/wp-json\/wp\/v2\/articles"}],"about":[{"href":"https:\/\/graziamagazine.com\/mx\/wp-json\/wp\/v2\/types\/articles"}],"author":[{"embeddable":true,"href":"https:\/\/graziamagazine.com\/mx\/wp-json\/wp\/v2\/users\/11636"}],"wp:featuredmedia":[{"embeddable":true,"href":"https:\/\/graziamagazine.com\/mx\/wp-json\/wp\/v2\/media\/34228"}],"wp:attachment":[{"href":"https:\/\/graziamagazine.com\/mx\/wp-json\/wp\/v2\/media?parent=34215"}],"wp:term":[{"taxonomy":"category","embeddable":true,"href":"https:\/\/graziamagazine.com\/mx\/wp-json\/wp\/v2\/categories?post=34215"}],"curies":[{"name":"wp","href":"https:\/\/api.w.org\/{rel}","templated":true}]}}