{"id":34134,"date":"2017-10-04T08:34:02","date_gmt":"2017-10-04T14:34:02","guid":{"rendered":"https:\/\/graziamagazine.com\/mx\/?p=34134"},"modified":"2017-10-04T08:34:02","modified_gmt":"2017-10-04T14:34:02","slug":"ricky-martin-llevo-ayuda-a-puerto-rico","status":"publish","type":"articles","link":"https:\/\/graziamagazine.com\/mx\/articles\/ricky-martin-llevo-ayuda-a-puerto-rico\/","title":{"rendered":"RICKY MARTIN LLEV\u00d3 AYUDA A PUERTO RICO"},"content":{"rendered":"<p><b>Ricky Martin comparti\u00f3 las im\u00e1genes de su viaje a su natal San Juan para entregar\u00a0 v\u00edveres y ayudar a los damnificados del hurac\u00e1n. El boricua no para.<\/b><\/p>\n<p><!--more--><\/p>\n<p><span style=\"font-weight: 400;\">Hace una semana, <\/span><b>Ricky Martin<\/b><span style=\"font-weight: 400;\"> estuvo en el show de <\/span><a href=\"https:\/\/www.youtube.com\/watch?v=br6SYA4SmT0\" target=\"_blank\" rel=\"noopener\" target=\"_blank\"><b>Ellen DeGeneres<\/b><\/a><span style=\"font-weight: 400;\"> recaudando fondos para los afectados del hurac\u00e1n en su natal <\/span><b>Puerto Rico<\/b><span style=\"font-weight: 400;\">.<\/span><\/p>\n<p><span style=\"font-weight: 400;\">Este lunes, comparti\u00f3 im\u00e1genes de su viaje con misi\u00f3n espec\u00edfica: entregar en mano toda la ayuda posible e incluso, visitar a algunos afectados.<\/span><\/p>\n<p><span style=\"font-weight: 400;\">Acompa\u00f1ado de <\/span><b>Luis Fonsi, Chayanne, Nicky Jam<\/b><span style=\"font-weight: 400;\"> (y su prometido, <\/span><b>Jwan Yosef<\/b><span style=\"font-weight: 400;\">) partieron del aeropuerto de <\/span><b>Fort Lauderdale<\/b><span style=\"font-weight: 400;\">, en <\/span><b>Miami<\/b><span style=\"font-weight: 400;\">.<\/span><\/p>\n<blockquote><p><b><i>\u201cEs incre\u00edblemente intenso lo que Puerto Rico atraviesa en estos momentos. Le tomar\u00e1 much\u00edsimo tiempo a mi isla volver a la normalidad. El gobernador de Puerto Rico, Ricardo Rossello, declar\u00f3 que costar\u00e1n $90 billones de d\u00f3lares reconstruirla. Necesitamos m\u00e1s ayuda. Miles de familias lo perdieron todo, pero sus sonrisas y amor se mantienen intactos. Nos sentimos optimistas, todo va a estar bien y mi isla volver\u00e1 a brillar. Pero necesitamos trabajar, \u00a1mucho!\u201d<\/i><\/b><\/p><\/blockquote>\n<p>&nbsp;<\/p>\n<p><img loading=\"lazy\" decoding=\"async\" width=\"748\" height=\"748\" class=\"alignnone size-full wp-image-34137\" src=\"https:\/\/graziamagazine.com\/mx\/wp-content\/uploads\/sites\/13\/2017\/10\/RICKY-MARTIN-PUERTO-RICO-1.png\" alt=\"RICKY-MARTIN-PUERTO-RICO-1\" srcset=\"https:\/\/graziamagazine.com\/mx\/wp-content\/uploads\/sites\/13\/2017\/10\/RICKY-MARTIN-PUERTO-RICO-1.png 748w, https:\/\/graziamagazine.com\/mx\/wp-content\/uploads\/sites\/13\/2017\/10\/RICKY-MARTIN-PUERTO-RICO-1.png?resize=150,150 150w, https:\/\/graziamagazine.com\/mx\/wp-content\/uploads\/sites\/13\/2017\/10\/RICKY-MARTIN-PUERTO-RICO-1.png?resize=450,450 450w, https:\/\/graziamagazine.com\/mx\/wp-content\/uploads\/sites\/13\/2017\/10\/RICKY-MARTIN-PUERTO-RICO-1.png?resize=155,155 155w\" sizes=\"(max-width: 748px) 100vw, 748px\" \/><\/p>\n<p>&nbsp;<\/p>\n<p><span style=\"font-weight: 400;\">Su labor empez\u00f3 con una donaci\u00f3n personal de<\/span><b> $100 mil d\u00f3lares<\/b><span style=\"font-weight: 400;\"> y <\/span><b>The Ricky Martin Foundation <\/b><span style=\"font-weight: 400;\">lleva reunidos poco m\u00e1s de <\/span><b>$1,800,000 d\u00f3lares<\/b><span style=\"font-weight: 400;\">. El n\u00famero sigue creciendo.<\/span><\/p>\n<p><span style=\"font-weight: 400;\">Recordemos que el pasado <\/span><b>7 de septiembre<\/b><span style=\"font-weight: 400;\">, el cantante se present\u00f3 en un evento privado en la <\/span><b>CDMX<\/b><span style=\"font-weight: 400;\"> poco tiempo antes del primer terremoto que azot\u00f3 a nuestro pa\u00eds.<\/span><\/p>\n<p><span style=\"font-weight: 400;\">Esperemos que al igual que \u00e9l nos mostr\u00f3 su solidaridad, hayan muchos m\u00e1s que se sumen a esta poderosa causa en un momento en que tanto <\/span><b>M\u00e9xico<\/b><span style=\"font-weight: 400;\"> como su casa siguen (y seguir\u00e1n) sensibles, por un tiempo.<\/span><\/p>\n<p>&nbsp;<\/p>\n<p><span style=\"font-weight: 400;\">*Si quieres donar, da click <\/span><a href=\"https:\/\/www.youcaring.com\/peopleofpuertorico-957793\" target=\"_blank\" rel=\"noopener\" target=\"_blank\"><b>AQU\u00cd<\/b><\/a><span style=\"font-weight: 400;\">.<\/span><\/p>\n<p>&nbsp;<\/p>\n<p><img loading=\"lazy\" decoding=\"async\" width=\"599\" height=\"747\" class=\"alignnone size-full wp-image-34138\" src=\"https:\/\/graziamagazine.com\/mx\/wp-content\/uploads\/sites\/13\/2017\/10\/RICKY-MARTIN-PUERTO-RICO-2.png\" alt=\"RICKY-MARTIN-PUERTO-RICO-2\" srcset=\"https:\/\/graziamagazine.com\/mx\/wp-content\/uploads\/sites\/13\/2017\/10\/RICKY-MARTIN-PUERTO-RICO-2.png 599w, https:\/\/graziamagazine.com\/mx\/wp-content\/uploads\/sites\/13\/2017\/10\/RICKY-MARTIN-PUERTO-RICO-2.png?resize=361,450 361w, https:\/\/graziamagazine.com\/mx\/wp-content\/uploads\/sites\/13\/2017\/10\/RICKY-MARTIN-PUERTO-RICO-2.png?resize=155,193 155w\" sizes=\"(max-width: 599px) 100vw, 599px\" \/><\/p>\n<p>&nbsp;<\/p>\n<p><img loading=\"lazy\" decoding=\"async\" width=\"745\" height=\"747\" class=\"alignnone size-full wp-image-34139\" src=\"https:\/\/graziamagazine.com\/mx\/wp-content\/uploads\/sites\/13\/2017\/10\/RICKY-MARTIN-PUERTO-RICO-3.png\" alt=\"RICKY-MARTIN-PUERTO-RICO-3\" srcset=\"https:\/\/graziamagazine.com\/mx\/wp-content\/uploads\/sites\/13\/2017\/10\/RICKY-MARTIN-PUERTO-RICO-3.png 745w, https:\/\/graziamagazine.com\/mx\/wp-content\/uploads\/sites\/13\/2017\/10\/RICKY-MARTIN-PUERTO-RICO-3.png?resize=150,150 150w, https:\/\/graziamagazine.com\/mx\/wp-content\/uploads\/sites\/13\/2017\/10\/RICKY-MARTIN-PUERTO-RICO-3.png?resize=450,450 450w, https:\/\/graziamagazine.com\/mx\/wp-content\/uploads\/sites\/13\/2017\/10\/RICKY-MARTIN-PUERTO-RICO-3.png?resize=155,155 155w\" sizes=\"(max-width: 745px) 100vw, 745px\" \/><\/p>\n<h5><b><i>*IM\u00c1GENES: Omar Cruz para @ricky_martin.<\/i><\/b><\/h5>\n","protected":false},"author":11634,"featured_media":34136,"template":"","format":"standard","categories":[114,2],"acf":[],"yoast_head":"<!-- This site is optimized with the Yoast SEO Premium plugin v18.5 (Yoast SEO v20.4) - https:\/\/yoast.com\/wordpress\/plugins\/seo\/ -->\n<title>RICKY MARTIN LLEV\u00d3 AYUDA A PUERTO RICO | Grazia M\u00e9xico y Latinoam\u00e9rica<\/title>\n<meta name=\"description\" content=\"Ricky Martin comparti\u00f3 las im\u00e1genes de su viaje a su natal San Juan para entregar\u00a0 v\u00edveres y ayudar a los damnificados del hurac\u00e1n. El boricua no para.\" \/>\n<meta name=\"robots\" content=\"index, follow, max-snippet:-1, max-image-preview:large, max-video-preview:-1\" \/>\n<link rel=\"canonical\" href=\"https:\/\/graziamagazine.com\/mx\/articles\/ricky-martin-llevo-ayuda-a-puerto-rico\/\" \/>\n<meta property=\"og:locale\" content=\"es_MX\" \/>\n<meta property=\"og:type\" content=\"article\" \/>\n<meta property=\"og:title\" content=\"RICKY MARTIN LLEV\u00d3 AYUDA A PUERTO RICO\" \/>\n<meta property=\"og:description\" content=\"Ricky Martin comparti\u00f3 las im\u00e1genes de su viaje a su natal San Juan para entregar\u00a0 v\u00edveres y ayudar a los damnificados del hurac\u00e1n. El boricua no para.\" \/>\n<meta property=\"og:url\" content=\"https:\/\/graziamagazine.com\/mx\/articles\/ricky-martin-llevo-ayuda-a-puerto-rico\/\" \/>\n<meta property=\"og:site_name\" content=\"Grazia M\u00e9xico y Latinoam\u00e9rica\" \/>\n<meta property=\"og:image\" content=\"https:\/\/graziamagazine.com\/mx\/wp-content\/uploads\/sites\/13\/2017\/10\/RICKY-MARTIN-PUERTO-RICO-DESTACADA.png?fit=1237%2C596\" \/>\n\t<meta property=\"og:image:width\" content=\"1237\" \/>\n\t<meta property=\"og:image:height\" content=\"596\" \/>\n\t<meta property=\"og:image:type\" content=\"image\/png\" \/>\n<meta name=\"twitter:card\" content=\"summary_large_image\" \/>\n<meta name=\"twitter:label1\" content=\"Est. reading time\" \/>\n\t<meta name=\"twitter:data1\" content=\"1 minuto\" \/>\n<script type=\"application\/ld+json\" class=\"yoast-schema-graph\">{\"@context\":\"https:\/\/schema.org\",\"@graph\":[{\"@type\":\"WebPage\",\"@id\":\"https:\/\/graziamagazine.com\/mx\/articles\/ricky-martin-llevo-ayuda-a-puerto-rico\/\",\"url\":\"https:\/\/graziamagazine.com\/mx\/articles\/ricky-martin-llevo-ayuda-a-puerto-rico\/\",\"name\":\"RICKY MARTIN LLEV\u00d3 AYUDA A PUERTO RICO | Grazia M\u00e9xico y Latinoam\u00e9rica\",\"isPartOf\":{\"@id\":\"https:\/\/graziamagazine.com\/mx\/#website\"},\"datePublished\":\"2017-10-04T14:34:02+00:00\",\"dateModified\":\"2017-10-04T14:34:02+00:00\",\"description\":\"Ricky Martin comparti\u00f3 las im\u00e1genes de su viaje a su natal San Juan para entregar\u00a0 v\u00edveres y ayudar a los damnificados del hurac\u00e1n. El boricua no para.\",\"breadcrumb\":{\"@id\":\"https:\/\/graziamagazine.com\/mx\/articles\/ricky-martin-llevo-ayuda-a-puerto-rico\/#breadcrumb\"},\"inLanguage\":\"es-MX\",\"potentialAction\":[{\"@type\":\"ReadAction\",\"target\":[\"https:\/\/graziamagazine.com\/mx\/articles\/ricky-martin-llevo-ayuda-a-puerto-rico\/\"]}]},{\"@type\":\"BreadcrumbList\",\"@id\":\"https:\/\/graziamagazine.com\/mx\/articles\/ricky-martin-llevo-ayuda-a-puerto-rico\/#breadcrumb\",\"itemListElement\":[{\"@type\":\"ListItem\",\"position\":1,\"name\":\"Home\",\"item\":\"https:\/\/graziamagazine.com\/mx\/\"},{\"@type\":\"ListItem\",\"position\":2,\"name\":\"RICKY MARTIN LLEV\u00d3 AYUDA A PUERTO RICO\"}]},{\"@type\":\"WebSite\",\"@id\":\"https:\/\/graziamagazine.com\/mx\/#website\",\"url\":\"https:\/\/graziamagazine.com\/mx\/\",\"name\":\"Grazia M\u00e9xico y Latinoam\u00e9rica\",\"description\":\"Grazia es moda, belleza y noticias  de actualidad \",\"potentialAction\":[{\"@type\":\"SearchAction\",\"target\":{\"@type\":\"EntryPoint\",\"urlTemplate\":\"https:\/\/graziamagazine.com\/mx\/?s={search_term_string}\"},\"query-input\":\"required name=search_term_string\"}],\"inLanguage\":\"es-MX\"}]}<\/script>\n<!-- \/ Yoast SEO Premium plugin. -->","yoast_head_json":{"title":"RICKY MARTIN LLEV\u00d3 AYUDA A PUERTO RICO | Grazia M\u00e9xico y Latinoam\u00e9rica","description":"Ricky Martin comparti\u00f3 las im\u00e1genes de su viaje a su natal San Juan para entregar\u00a0 v\u00edveres y ayudar a los damnificados del hurac\u00e1n. El boricua no para.","robots":{"index":"index","follow":"follow","max-snippet":"max-snippet:-1","max-image-preview":"max-image-preview:large","max-video-preview":"max-video-preview:-1"},"canonical":"https:\/\/graziamagazine.com\/mx\/articles\/ricky-martin-llevo-ayuda-a-puerto-rico\/","og_locale":"es_MX","og_type":"article","og_title":"RICKY MARTIN LLEV\u00d3 AYUDA A PUERTO RICO","og_description":"Ricky Martin comparti\u00f3 las im\u00e1genes de su viaje a su natal San Juan para entregar\u00a0 v\u00edveres y ayudar a los damnificados del hurac\u00e1n. El boricua no para.","og_url":"https:\/\/graziamagazine.com\/mx\/articles\/ricky-martin-llevo-ayuda-a-puerto-rico\/","og_site_name":"Grazia M\u00e9xico y Latinoam\u00e9rica","og_image":[{"width":1237,"height":596,"url":"https:\/\/graziamagazine.com\/mx\/wp-content\/uploads\/sites\/13\/2017\/10\/RICKY-MARTIN-PUERTO-RICO-DESTACADA.png?fit=1237%2C596","type":"image\/png"}],"twitter_card":"summary_large_image","twitter_misc":{"Est. reading time":"1 minuto"},"schema":{"@context":"https:\/\/schema.org","@graph":[{"@type":"WebPage","@id":"https:\/\/graziamagazine.com\/mx\/articles\/ricky-martin-llevo-ayuda-a-puerto-rico\/","url":"https:\/\/graziamagazine.com\/mx\/articles\/ricky-martin-llevo-ayuda-a-puerto-rico\/","name":"RICKY MARTIN LLEV\u00d3 AYUDA A PUERTO RICO | Grazia M\u00e9xico y Latinoam\u00e9rica","isPartOf":{"@id":"https:\/\/graziamagazine.com\/mx\/#website"},"datePublished":"2017-10-04T14:34:02+00:00","dateModified":"2017-10-04T14:34:02+00:00","description":"Ricky Martin comparti\u00f3 las im\u00e1genes de su viaje a su natal San Juan para entregar\u00a0 v\u00edveres y ayudar a los damnificados del hurac\u00e1n. El boricua no para.","breadcrumb":{"@id":"https:\/\/graziamagazine.com\/mx\/articles\/ricky-martin-llevo-ayuda-a-puerto-rico\/#breadcrumb"},"inLanguage":"es-MX","potentialAction":[{"@type":"ReadAction","target":["https:\/\/graziamagazine.com\/mx\/articles\/ricky-martin-llevo-ayuda-a-puerto-rico\/"]}]},{"@type":"BreadcrumbList","@id":"https:\/\/graziamagazine.com\/mx\/articles\/ricky-martin-llevo-ayuda-a-puerto-rico\/#breadcrumb","itemListElement":[{"@type":"ListItem","position":1,"name":"Home","item":"https:\/\/graziamagazine.com\/mx\/"},{"@type":"ListItem","position":2,"name":"RICKY MARTIN LLEV\u00d3 AYUDA A PUERTO RICO"}]},{"@type":"WebSite","@id":"https:\/\/graziamagazine.com\/mx\/#website","url":"https:\/\/graziamagazine.com\/mx\/","name":"Grazia M\u00e9xico y Latinoam\u00e9rica","description":"Grazia es moda, belleza y noticias  de actualidad ","potentialAction":[{"@type":"SearchAction","target":{"@type":"EntryPoint","urlTemplate":"https:\/\/graziamagazine.com\/mx\/?s={search_term_string}"},"query-input":"required name=search_term_string"}],"inLanguage":"es-MX"}]}},"jetpack_sharing_enabled":true,"distributor_meta":false,"distributor_terms":false,"distributor_media":false,"distributor_original_site_name":"Grazia M\u00e9xico y Latinoam\u00e9rica","distributor_original_site_url":"https:\/\/graziamagazine.com\/mx","push-errors":false,"_links":{"self":[{"href":"https:\/\/graziamagazine.com\/mx\/wp-json\/wp\/v2\/articles\/34134"}],"collection":[{"href":"https:\/\/graziamagazine.com\/mx\/wp-json\/wp\/v2\/articles"}],"about":[{"href":"https:\/\/graziamagazine.com\/mx\/wp-json\/wp\/v2\/types\/articles"}],"author":[{"embeddable":true,"href":"https:\/\/graziamagazine.com\/mx\/wp-json\/wp\/v2\/users\/11634"}],"wp:featuredmedia":[{"embeddable":true,"href":"https:\/\/graziamagazine.com\/mx\/wp-json\/wp\/v2\/media\/34136"}],"wp:attachment":[{"href":"https:\/\/graziamagazine.com\/mx\/wp-json\/wp\/v2\/media?parent=34134"}],"wp:term":[{"taxonomy":"category","embeddable":true,"href":"https:\/\/graziamagazine.com\/mx\/wp-json\/wp\/v2\/categories?post=34134"}],"curies":[{"name":"wp","href":"https:\/\/api.w.org\/{rel}","templated":true}]}}